{"id":1096063,"date":"2026-01-11T23:24:24","date_gmt":"2026-01-11T23:24:24","guid":{"rendered":"https:\/\/dimensionturistica.com\/es\/?p=1096063"},"modified":"2026-01-11T23:24:24","modified_gmt":"2026-01-11T23:24:24","slug":"el-evento-nocturno-imperdible-para-todos-los-agentes-de-viajes","status":"publish","type":"post","link":"https:\/\/dimensionturistica.com\/es\/el-evento-nocturno-imperdible-para-todos-los-agentes-de-viajes\/","title":{"rendered":"El Evento Nocturno Imperdible para Todos los Agentes de Viajes"},"content":{"rendered":"<p><strong>La Noche del Agente de Viajes: Un Pre\u00e1mbulo Brillante para Fitur<\/strong><\/p>\n<p>La primera semana de enero marca el inicio de uno de los eventos m\u00e1s esperados en el sector tur\u00edstico: la Feria Internacional de Turismo (Fitur). Sin embargo, este a\u00f1o, el brillo de Fitur se anticip\u00f3 con una celebraci\u00f3n especial: La Noche del Agente de Viajes, un evento que reuni\u00f3 a profesionales del turismo y participantes de la industria para celebrar su pasi\u00f3n compartida.<\/p>\n<p>Este encuentro, que se llev\u00f3 a cabo en un ambiente vibrante y festivo, se convirti\u00f3 en un espacio para reconocer la labor de los agentes de viajes, esos h\u00e9roes invisibles que planifican las aventuras de millones de personas alrededor del mundo. Durante la velada, se entregaron premios que destacaron la dedicaci\u00f3n y el compromiso de estos profesionales, resaltando su valor en un sector que ha enfrentado numerosos desaf\u00edos en los \u00faltimos a\u00f1os.<\/p>\n<p>La Noche del Agente de Viajes no solo fue un tributo a la labor de estos profesionales, sino tambi\u00e9n una plataforma para establecer conexiones y fomentar el networking. Los asistentes tuvieron la oportunidad de entrelazar relaciones laborales que, sin duda, resultar\u00e1n fundamentales durante el desarrollo de Fitur. En un mundo donde la colaboraci\u00f3n se ha vuelto m\u00e1s crucial que nunca, este evento sirvi\u00f3 como catalizador para que agentes, proveedores y destinos fusionaran ideas y potencien estrategias conjuntas.<\/p>\n<p>En medio de la celebraci\u00f3n, tambi\u00e9n se abordaron temas relevantes para el sector. La digitalizaci\u00f3n, la sostenibilidad y la experiencia del cliente fueron algunos de los puntos centrales de discusi\u00f3n. Los profesionales reflexionaron sobre c\u00f3mo adaptarse a un entorno en constante evoluci\u00f3n, buscando siempre innovar y ofrecer lo mejor a sus clientes. Este intercambio de ideas fue esencial para fortalecer la comunidad tur\u00edstica, creando un ambiente propicio para generar nuevas iniciativas que beneficien a todos los involucrados.<\/p>\n<p>El ambiente festivo del evento se vio realzado por la m\u00fasica y la gastronom\u00eda, elementos que contribuyeron a crear una atm\u00f3sfera c\u00e1lida y acogedora. La mezcla de sabores y ritmos permiti\u00f3 a los asistentes disfrutar de una experiencia memorable, donde la pasi\u00f3n por los viajes se convirti\u00f3 en el hilo conductor de la noche.<\/p>\n<p>A medida que se aproxima Fitur, la energ\u00eda generada en La Noche del Agente de Viajes es palpable. Este evento no solo celebr\u00f3 el presente, sino que tambi\u00e9n sent\u00f3 las bases para un futuro brillante en el sector tur\u00edstico. Con cada interacci\u00f3n, se reafirma la importancia de trabajar juntos para superar obst\u00e1culos y construir un turismo m\u00e1s s\u00f3lido y resiliente.<\/p>\n<p>La Feria Internacional de Turismo promete ser un espacio donde las ideas fluyan y las colaboraciones crezcan, uniendo a personas de distintas partes del mundo con un mismo objetivo: hacer del viaje una experiencia inolvidable. As\u00ed, el esp\u00edritu de La Noche del Agente de Viajes continuar\u00e1 resonando a lo largo de Fitur, inspirando a todos a so\u00f1ar y explorar nuevos horizontes.<\/p>\n<p>Sin duda, el mundo del turismo est\u00e1 en constante cambio, y eventos como La Noche del Agente de Viajes son recordatorios brillantes de que, a pesar de los retos, la comunidad tur\u00edstica est\u00e1 unida y lista para afrontar el futuro con optimismo y creatividad. \u00a1El viaje apenas comienza!<\/p>\n<p><em> &#8221; Sources www.hosteltur.com &#8221; <\/em><\/p>\n","protected":false},"excerpt":{"rendered":"<p>La Noche del Agente de Viajes: Un Pre\u00e1mbulo Brillante para Fitur La primera semana de enero marca el inicio de uno de los eventos m\u00e1s esperados en el sector tur\u00edstico: la Feria Internacional de Turismo (Fitur). Sin embargo, este a\u00f1o, el brillo de Fitur se anticip\u00f3 con una celebraci\u00f3n especial: La Noche del Agente de [&hellip;]<\/p>\n","protected":false},"author":4,"featured_media":1096065,"comment_status":"open","ping_status":"closed","sticky":false,"template":"","format":"standard","meta":{"om_disable_all_campaigns":false,"jnews-multi-image_gallery":[],"jnews_single_post":[],"jnews_primary_category":[],"jnews_social_meta":[],"footnotes":""},"categories":[40],"tags":[783,569,3225,1895,2448,511,572,723,4593,263313,7210,604,82288,4481,544,545],"class_list":["post-1096063","post","type-post","status-publish","format-standard","has-post-thumbnail","hentry","category-industria","tag-agencias-de-viaje","tag-agencias-de-viajes","tag-agentes-de-viaje","tag-agentes-de-viajes","tag-celebracion","tag-conferencia","tag-distribucion","tag-evento","tag-fitur","tag-gran-noche","tag-hosteltur","tag-industria","tag-networking","tag-noche-del-agente-de-viajes-hosteltur","tag-turismo","tag-viajes"],"_links":{"self":[{"href":"https:\/\/dimensionturistica.com\/es\/wp-json\/wp\/v2\/posts\/1096063","targetHints":{"allow":["GET"]}}],"collection":[{"href":"https:\/\/dimensionturistica.com\/es\/wp-json\/wp\/v2\/posts"}],"about":[{"href":"https:\/\/dimensionturistica.com\/es\/wp-json\/wp\/v2\/types\/post"}],"author":[{"embeddable":true,"href":"https:\/\/dimensionturistica.com\/es\/wp-json\/wp\/v2\/users\/4"}],"replies":[{"embeddable":true,"href":"https:\/\/dimensionturistica.com\/es\/wp-json\/wp\/v2\/comments?post=1096063"}],"version-history":[{"count":1,"href":"https:\/\/dimensionturistica.com\/es\/wp-json\/wp\/v2\/posts\/1096063\/revisions"}],"predecessor-version":[{"id":1096066,"href":"https:\/\/dimensionturistica.com\/es\/wp-json\/wp\/v2\/posts\/1096063\/revisions\/1096066"}],"wp:featuredmedia":[{"embeddable":true,"href":"https:\/\/dimensionturistica.com\/es\/wp-json\/wp\/v2\/media\/1096065"}],"wp:attachment":[{"href":"https:\/\/dimensionturistica.com\/es\/wp-json\/wp\/v2\/media?parent=1096063"}],"wp:term":[{"taxonomy":"category","embeddable":true,"href":"https:\/\/dimensionturistica.com\/es\/wp-json\/wp\/v2\/categories?post=1096063"},{"taxonomy":"post_tag","embeddable":true,"href":"https:\/\/dimensionturistica.com\/es\/wp-json\/wp\/v2\/tags?post=1096063"}],"curies":[{"name":"wp","href":"https:\/\/api.w.org\/{rel}","templated":true}]}}