{"id":1096056,"date":"2026-01-11T22:23:25","date_gmt":"2026-01-11T22:23:25","guid":{"rendered":"https:\/\/dimensionturistica.com\/es\/?p=1096056"},"modified":"2026-01-11T22:23:25","modified_gmt":"2026-01-11T22:23:25","slug":"celebridades-brillan-en-la-alfombra-roja-de-los-premios-de-oro-2026-cobertura-en-directo","status":"publish","type":"post","link":"https:\/\/dimensionturistica.com\/es\/celebridades-brillan-en-la-alfombra-roja-de-los-premios-de-oro-2026-cobertura-en-directo\/","title":{"rendered":"Celebridades Brillan en la Alfombra Roja de los Premios de Oro 2026: Cobertura en Directo"},"content":{"rendered":"<h3>La Alfombra Roja de los Golden Globes 2026: Un Desfile de Elegancia y Estilo<\/h3>\n<p>El glamour de los Golden Globes 2026 ha dejado huella en la memoria colectiva, convirtiendo la alfombra roja en un aut\u00e9ntico espect\u00e1culo de moda. Los asistentes, entre celebridades y figuras del entretenimiento, han deslumbrado con sus elecciones de vestuario, estableciendo nuevas tendencias y rindiendo homenaje a la creatividad de los dise\u00f1adores.<\/p>\n<p><strong>Tendencias de Color<\/strong><\/p>\n<p>Los tonos met\u00e1licos dominaron la noche, desde el dorado radiante hasta el plateado sutil. Estas elecciones no solo iluminaron la alfombra roja, sino que tambi\u00e9n simbolizaron la emergencia de un nuevo esplendor en la moda. Las estrellas que optaron por estas paletas brillantes se convirtieron en verdaderas obras de arte, capturando la atenci\u00f3n de fot\u00f3grafos y fan\u00e1ticos por igual.<\/p>\n<p><strong>Cortes y Siluetas Innovadoras<\/strong><\/p>\n<p>Entre los desfiles de estilo, los cortes asim\u00e9tricos y las siluetas drapeadas se destacaron. Las elecciones audaces rompieron moldes y presentaron una nueva era de individualidad en el vestuario, donde cada atuendo cuenta una historia propia. La mezclas de texturas, desde la seda hasta el encaje, aportaron un elemento de sofisticaci\u00f3n que mantuvo a los asistentes al borde de la inspiraci\u00f3n.<\/p>\n<p><strong>Accesorios que Marcan la Diferencia<\/strong><\/p>\n<p>Los accesorios jugaron un papel crucial en muchos de los looks presentados. Desde joyas espectaculares hasta zapatos de dise\u00f1o innovador, cada detalle fue cuidadosamente seleccionado para complementar los atuendos. Las carteras mini, que han ganado popularidad en temporadas recientes, fueron nuevamente protagonista, resaltando la tendencia hacia lo pr\u00e1ctico sin sacrificar el estilo.<\/p>\n<p><strong>Maquillaje y Peinados<\/strong><\/p>\n<p>La est\u00e9tica no solo se limit\u00f3 a la ropa; el maquillaje y los peinados tambi\u00e9n hablaron por s\u00ed mismos. Las pieles luminosas, acompa\u00f1adas de labios audaces en tonos rojos y nude, reafirmaron el poder del maquillaje cl\u00e1sico. Los peinados, algunos con trenzas intrincadas y otros con ondas brillantes, variaron en su complejidad, llenando la noche de innovaci\u00f3n y elegancia.<\/p>\n<p><strong>Iconos de la Moda en su Mejor Forma<\/strong><\/p>\n<p>Cada edici\u00f3n de los Golden Globes es una oportunidad para que las figuras m\u00e1s influyentes del cine y la televisi\u00f3n muestren su estilo. Actrices y actores rompieron barreras con atuendos que rinden homenaje tanto a la historia de la moda como a la cultura contempor\u00e1nea. Las colaboraciones entre estrellas y dise\u00f1adores se hicieron evidentes, poniendo de manifiesto c\u00f3mo el mundo de la moda y el entretenimiento est\u00e1n interconectados.<\/p>\n<p><strong>Impacto en Redes Sociales<\/strong><\/p>\n<p>La cobertura en redes sociales ha sido explosiva. Los hashtags relacionados con la alfombra roja fueron tendencia, generando miles de interacciones y comentarios. La rapidez con la que los usuarios compart\u00edan sus looks favoritos demostr\u00f3 que la moda es un lenguaje universal que trasciende fronteras. Las reacciones instant\u00e1neas de los fan\u00e1ticos amplificaron la esencia de los momentos ic\u00f3nicos de la noche, convirti\u00e9ndola en un fen\u00f3meno viral.<\/p>\n<p><strong>Un Legado Visual<\/strong><\/p>\n<p>La alfombra roja de los Golden Globes 2026 no solo ser\u00e1 recordada por los vestidos que se lucieron, sino por c\u00f3mo los asistentes lograron crear un di\u00e1logo visual que abarc\u00f3 la diversidad y la expresi\u00f3n personal. Este evento reafirma que la moda es m\u00e1s que simples prendas; es una forma de comunicaci\u00f3n, un veh\u00edculo para transmitir qui\u00e9nes somos y qu\u00e9 representamos.<\/p>\n<p>La velada ha sido un escaparate vibrante para la creatividad y el arte en la moda, dejando expectativas altas para los pr\u00f3ximos eventos. La valent\u00eda y el estilo distintivo mostrados esta noche han generado un impacto que seguir\u00e1 resonando en la industria de la moda.<\/p>\n<p><em> &#8221; Fuentes www.vogue.mx &#8221; <\/em><\/p>\n","protected":false},"excerpt":{"rendered":"<p>La Alfombra Roja de los Golden Globes 2026: Un Desfile de Elegancia y Estilo El glamour de los Golden Globes 2026 ha dejado huella en la memoria colectiva, convirtiendo la alfombra roja en un aut\u00e9ntico espect\u00e1culo de moda. Los asistentes, entre celebridades y figuras del entretenimiento, han deslumbrado con sus elecciones de vestuario, estableciendo nuevas [&hellip;]<\/p>\n","protected":false},"author":14,"featured_media":1096057,"comment_status":"open","ping_status":"closed","sticky":false,"template":"","format":"standard","meta":{"om_disable_all_campaigns":false,"jnews-multi-image_gallery":[],"jnews_single_post":[],"jnews_primary_category":[],"jnews_social_meta":[],"footnotes":""},"categories":[144872],"tags":[55723,21732,6446,875,3175,1371,416,659,966,134],"class_list":["post-1096056","post","type-post","status-publish","format-standard","has-post-thumbnail","hentry","category-fashion","tag-55723","tag-alfombra-roja","tag-celebridades","tag-cine","tag-en-vivo","tag-entretenimiento","tag-golden-globes","tag-moda","tag-premios","tag-television"],"_links":{"self":[{"href":"https:\/\/dimensionturistica.com\/es\/wp-json\/wp\/v2\/posts\/1096056","targetHints":{"allow":["GET"]}}],"collection":[{"href":"https:\/\/dimensionturistica.com\/es\/wp-json\/wp\/v2\/posts"}],"about":[{"href":"https:\/\/dimensionturistica.com\/es\/wp-json\/wp\/v2\/types\/post"}],"author":[{"embeddable":true,"href":"https:\/\/dimensionturistica.com\/es\/wp-json\/wp\/v2\/users\/14"}],"replies":[{"embeddable":true,"href":"https:\/\/dimensionturistica.com\/es\/wp-json\/wp\/v2\/comments?post=1096056"}],"version-history":[{"count":1,"href":"https:\/\/dimensionturistica.com\/es\/wp-json\/wp\/v2\/posts\/1096056\/revisions"}],"predecessor-version":[{"id":1096058,"href":"https:\/\/dimensionturistica.com\/es\/wp-json\/wp\/v2\/posts\/1096056\/revisions\/1096058"}],"wp:featuredmedia":[{"embeddable":true,"href":"https:\/\/dimensionturistica.com\/es\/wp-json\/wp\/v2\/media\/1096057"}],"wp:attachment":[{"href":"https:\/\/dimensionturistica.com\/es\/wp-json\/wp\/v2\/media?parent=1096056"}],"wp:term":[{"taxonomy":"category","embeddable":true,"href":"https:\/\/dimensionturistica.com\/es\/wp-json\/wp\/v2\/categories?post=1096056"},{"taxonomy":"post_tag","embeddable":true,"href":"https:\/\/dimensionturistica.com\/es\/wp-json\/wp\/v2\/tags?post=1096056"}],"curies":[{"name":"wp","href":"https:\/\/api.w.org\/{rel}","templated":true}]}}