{"id":1096005,"date":"2026-01-11T18:44:22","date_gmt":"2026-01-11T18:44:22","guid":{"rendered":"https:\/\/dimensionturistica.com\/es\/?p=1096005"},"modified":"2026-01-11T18:48:01","modified_gmt":"2026-01-11T18:48:01","slug":"como-la-falta-de-espacios-para-hacer-ejercicio-incide-en-la-marginacion-especialistas-ibero-lo-analizan","status":"publish","type":"post","link":"https:\/\/dimensionturistica.com\/es\/como-la-falta-de-espacios-para-hacer-ejercicio-incide-en-la-marginacion-especialistas-ibero-lo-analizan\/","title":{"rendered":"\u00bfC\u00f3mo la Falta de Espacios para Hacer Ejercicio Incide en la Marginaci\u00f3n? Especialistas IBERO lo Analizan"},"content":{"rendered":"\n<figure class=\"wp-block-gallery has-nested-images columns-default is-cropped wp-block-gallery-1 is-layout-flex wp-block-gallery-is-layout-flex\">\n<figure class=\"wp-block-image size-large\"><img decoding=\"async\" width=\"500\" height=\"214\" data-id=\"1096008\" src=\"https:\/\/dimensionturistica.com\/es\/wp-content\/uploads\/2026\/01\/1IBERO-1.jpg\" alt=\"\" class=\"wp-image-1096008\" srcset=\"https:\/\/dimensionturistica.com\/es\/wp-content\/uploads\/2026\/01\/1IBERO-1.jpg 500w, https:\/\/dimensionturistica.com\/es\/wp-content\/uploads\/2026\/01\/1IBERO-1-300x128.jpg 300w\" sizes=\"(max-width: 500px) 100vw, 500px\" \/><\/figure>\n<\/figure>\n\n\n\n<p>El acceso a espacios p\u00fablicos de calidad es esencial para fomentar la actividad f\u00edsica y mejorar el bienestar comunitario. La evidencia cient\u00edfica es contundente: realizar actividad f\u00edsica reduce el riesgo de obesidad, enfermedades cardiovasculares y diabetes, adem\u00e1s de mejorar el estado emocional al disminuir ansiedad, depresi\u00f3n y estr\u00e9s, y favorecer habilidades cognitivas e intelectuales. En entornos urbanos, contar con parques y \u00e1reas verdes se ha vinculado con mayores niveles de actividad f\u00edsica en ni\u00f1as, ni\u00f1os, adolescentes y personas adultas, aunque los beneficios no se distribuyen por igual.<\/p>\n\n\n\n<p>En M\u00e9xico, donde el 82.1% de la poblaci\u00f3n vive en zonas urbanas, la distribuci\u00f3n inequitativa de espacios p\u00fablicos crea barreras para que las personas \u2014particularmente las m\u00e1s vulnerables\u2014 puedan ejercer su derecho a la salud. La planeaci\u00f3n urbana, idealmente centrada en garantizar igualdad de acceso, suele reproducir desigualdades hist\u00f3ricas que impactan de manera directa en los comportamientos relacionados con la salud. Estas brechas son especialmente visibles en la actividad f\u00edsica recreativa: quienes tienen mayores ingresos participan m\u00e1s en ella, mientras que las poblaciones marginadas enfrentan barreras estructurales.<\/p>\n\n\n\n<p>En este contexto, investigadores e investigadoras de la Universidad Iberoamericana (IBERO), en colaboraci\u00f3n con un especialista de la Universidad Aut\u00f3noma Metropolitana (UAM), realizaron un estudio pionero que analiza con alta resoluci\u00f3n espacial la disponibilidad de espacios p\u00fablicos para realizar actividad f\u00edsica en zonas urbanas del pa\u00eds, as\u00ed como su relaci\u00f3n con los niveles de marginaci\u00f3n social.<\/p>\n\n\n\n<p>Una contribuci\u00f3n metodol\u00f3gica desde la IBERO para comprender la inequidad<\/p>\n\n\n\n<p>urbana<\/p>\n\n\n\n<p>El estudio incorpora m\u00e9todos avanzados de an\u00e1lisis espacial, integrando sistemas de informaci\u00f3n geogr\u00e1fica (SIG), teledetecci\u00f3n y modelos de autocorrelaci\u00f3n espacial. Este enfoque permite observar con detalle c\u00f3mo la distribuci\u00f3n geogr\u00e1fica de los espacios p\u00fablicos se entrecruza con las desigualdades socioecon\u00f3micas y con resultados diferenciales en salud.<\/p>\n\n\n\n<p>Si bien la investigaci\u00f3n sobre \u00e1reas verdes urbanas ha crecido en pa\u00edses como Estados Unidos, Canad\u00e1, Dinamarca o Australia, la evidencia en Am\u00e9rica Latina sigue siendo limitada pese a los procesos acelerados de urbanizaci\u00f3n y profundas desigualdades sociales. Por ello, el equipo de la IBERO posiciona al contexto mexicano como clave para avanzar las discusiones globales sobre justicia espacial y salud urbana.<\/p>\n\n\n\n<p>Estudios previos hab\u00edan demostrado disparidades en la disponibilidad de \u00e1reas verdes en la Ciudad de M\u00e9xico, pero este nuevo an\u00e1lisis ampl\u00eda el enfoque a toda la Zona Metropolitana del Valle de M\u00e9xico (ZMVM) e incorpora otras \u00e1reas metropolitanas con m\u00e1s de un mill\u00f3n de habitantes, logrando una visi\u00f3n m\u00e1s integral y representativa del pa\u00eds.<\/p>\n\n\n\n<p>Resultados: inequidades profundas que reproducen desigualdad en salud<\/p>\n\n\n\n<figure class=\"wp-block-gallery has-nested-images columns-default is-cropped wp-block-gallery-2 is-layout-flex wp-block-gallery-is-layout-flex\">\n<figure class=\"wp-block-image size-large\"><img decoding=\"async\" width=\"500\" height=\"292\" data-id=\"1096010\" src=\"https:\/\/dimensionturistica.com\/es\/wp-content\/uploads\/2026\/01\/3IBERO-1.jpg\" alt=\"\" class=\"wp-image-1096010\" srcset=\"https:\/\/dimensionturistica.com\/es\/wp-content\/uploads\/2026\/01\/3IBERO-1.jpg 500w, https:\/\/dimensionturistica.com\/es\/wp-content\/uploads\/2026\/01\/3IBERO-1-300x175.jpg 300w\" sizes=\"(max-width: 500px) 100vw, 500px\" \/><\/figure>\n<\/figure>\n\n\n\n<p>La evidencia es clara: las zonas urbanas mexicanas presentan fuertes inequidades en el acceso a espacios p\u00fablicos para realizar actividad f\u00edsica. Las \u00e1reas censales con mayores niveles de marginaci\u00f3n social tienen menos espacios disponibles y menor acceso a ellos, tanto en su entorno inmediato como en las \u00e1reas vecinas.<\/p>\n\n\n\n<p>Estas desigualdades territoriales, seg\u00fan el estudio, refuerzan ciclos de exclusi\u00f3n social y sanitaria, y afectan de forma desproporcionada a comunidades de bajos ingresos, limitando su capacidad para adoptar comportamientos saludables y para disfrutar de los beneficios asociados a la actividad f\u00edsica.<\/p>\n\n\n\n<p>IBERO: ciencia aplicada para transformar las ciudades<\/p>\n\n\n\n<p>El estudio fue elaborado por Mauricio Hern\u00e1ndez (Instituto de Investigaciones para el Desarrollo Equitativo, EQUIDE, de la IBERO), Mariana Ramos y M\u00f3nica Ancira (Observatorio Materno Infantil de la IBERO), y Mois\u00e9s Reyes (Departamento de Salud de la IBERO), en alianza con Luis Ortiz de la Universidad Aut\u00f3noma Metropolitana.<\/p>\n\n\n\n<p>Desde estos espacios acad\u00e9micos, la IBERO impulsa investigaci\u00f3n aplicada con un enfoque de justicia social, que busca colocar a las personas en el centro de la planeaci\u00f3n urbana y contribuir al dise\u00f1o de pol\u00edticas p\u00fablicas que garanticen ciudades m\u00e1s equitativas, saludables y sostenibles.<\/p>\n\n\n\n<figure class=\"wp-block-gallery has-nested-images columns-default is-cropped wp-block-gallery-3 is-layout-flex wp-block-gallery-is-layout-flex\">\n<figure class=\"wp-block-image size-large\"><img decoding=\"async\" width=\"500\" height=\"281\" data-id=\"1096012\" src=\"https:\/\/dimensionturistica.com\/es\/wp-content\/uploads\/2026\/01\/6IBERO-1.jpg\" alt=\"\" class=\"wp-image-1096012\" srcset=\"https:\/\/dimensionturistica.com\/es\/wp-content\/uploads\/2026\/01\/6IBERO-1.jpg 500w, https:\/\/dimensionturistica.com\/es\/wp-content\/uploads\/2026\/01\/6IBERO-1-300x169.jpg 300w\" sizes=\"(max-width: 500px) 100vw, 500px\" \/><\/figure>\n<\/figure>\n\n\n\n<p>El marco anal\u00edtico desarrollado no solo es innovador para M\u00e9xico, sino que puede ser replicado en otras metr\u00f3polis de pa\u00edses de ingreso medio, ampliando la capacidad de evaluar inequidades espaciales y fortalecer pol\u00edticas urbanas informadas por evidencia.<\/p>\n\n\n\n<p>Hacia una agenda nacional de equidad urbana<\/p>\n\n\n\n<p>El estudio concluye que para reducir estas brechas es indispensable que la planeaci\u00f3n urbana en M\u00e9xico se revise desde una perspectiva de justicia social y ambiental, priorizando el inter\u00e9s p\u00fablico sobre la especulaci\u00f3n privada.<\/p>\n\n\n\n<p>Las y los autores destacan la necesidad de:<\/p>\n\n\n\n<p>alinear la planeaci\u00f3n urbana con la salud p\u00fablica,<\/p>\n\n\n\n<p>promover procesos participativos con las comunidades,<\/p>\n\n\n\n<p>coordinar esfuerzos multisectoriales, y<\/p>\n\n\n\n<p>construir una agenda nacional de investigaci\u00f3n que genere datos y evaluaciones continuas sobre el acceso equitativo a espacios p\u00fablicos.<\/p>\n\n\n\n<p>A pesar de las limitaciones del estudio \u2014como la naturaleza transversal de los datos\u2014, los hallazgos representan una base s\u00f3lida para investigaciones longitudinales y participativas que contribuyan a pol\u00edticas m\u00e1s justas y efectivas.<\/p>\n","protected":false},"excerpt":{"rendered":"<p>El acceso a espacios p\u00fablicos de calidad es esencial para fomentar la actividad f\u00edsica y mejorar el bienestar comunitario. La evidencia cient\u00edfica es contundente: realizar actividad f\u00edsica reduce el riesgo de obesidad, enfermedades cardiovasculares y diabetes, adem\u00e1s de mejorar el estado emocional al disminuir ansiedad, depresi\u00f3n y estr\u00e9s, y favorecer habilidades cognitivas e intelectuales. En [&hellip;]<\/p>\n","protected":false},"author":1,"featured_media":0,"comment_status":"open","ping_status":"closed","sticky":false,"template":"","format":"standard","meta":{"om_disable_all_campaigns":false,"jnews-multi-image_gallery":[],"jnews_single_post":[],"jnews_primary_category":[],"jnews_social_meta":[],"footnotes":""},"categories":[40,39],"tags":[],"class_list":["post-1096005","post","type-post","status-publish","format-standard","hentry","category-industria","category-viajes"],"_links":{"self":[{"href":"https:\/\/dimensionturistica.com\/es\/wp-json\/wp\/v2\/posts\/1096005","targetHints":{"allow":["GET"]}}],"collection":[{"href":"https:\/\/dimensionturistica.com\/es\/wp-json\/wp\/v2\/posts"}],"about":[{"href":"https:\/\/dimensionturistica.com\/es\/wp-json\/wp\/v2\/types\/post"}],"author":[{"embeddable":true,"href":"https:\/\/dimensionturistica.com\/es\/wp-json\/wp\/v2\/users\/1"}],"replies":[{"embeddable":true,"href":"https:\/\/dimensionturistica.com\/es\/wp-json\/wp\/v2\/comments?post=1096005"}],"version-history":[{"count":3,"href":"https:\/\/dimensionturistica.com\/es\/wp-json\/wp\/v2\/posts\/1096005\/revisions"}],"predecessor-version":[{"id":1096013,"href":"https:\/\/dimensionturistica.com\/es\/wp-json\/wp\/v2\/posts\/1096005\/revisions\/1096013"}],"wp:attachment":[{"href":"https:\/\/dimensionturistica.com\/es\/wp-json\/wp\/v2\/media?parent=1096005"}],"wp:term":[{"taxonomy":"category","embeddable":true,"href":"https:\/\/dimensionturistica.com\/es\/wp-json\/wp\/v2\/categories?post=1096005"},{"taxonomy":"post_tag","embeddable":true,"href":"https:\/\/dimensionturistica.com\/es\/wp-json\/wp\/v2\/tags?post=1096005"}],"curies":[{"name":"wp","href":"https:\/\/api.w.org\/{rel}","templated":true}]}}