{"id":1095995,"date":"2026-01-11T18:23:41","date_gmt":"2026-01-11T18:23:41","guid":{"rendered":"https:\/\/dimensionturistica.com\/es\/?p=1095995"},"modified":"2026-01-11T18:23:41","modified_gmt":"2026-01-11T18:23:41","slug":"neqi-la-firma-de-cuidado-capilar-premium-que-esta-revolucionando-europa","status":"publish","type":"post","link":"https:\/\/dimensionturistica.com\/es\/neqi-la-firma-de-cuidado-capilar-premium-que-esta-revolucionando-europa\/","title":{"rendered":"NEQI la firma de cuidado capilar premium que est\u00e1 revolucionando Europa"},"content":{"rendered":"\n<figure class=\"wp-block-gallery has-nested-images columns-default is-cropped wp-block-gallery-1 is-layout-flex wp-block-gallery-is-layout-flex\">\n<figure class=\"wp-block-image size-large\"><img decoding=\"async\" width=\"500\" height=\"665\" data-id=\"1095996\" src=\"https:\/\/dimensionturistica.com\/es\/wp-content\/uploads\/2026\/01\/1NEQUI-1.jpg\" alt=\"\" class=\"wp-image-1095996\" srcset=\"https:\/\/dimensionturistica.com\/es\/wp-content\/uploads\/2026\/01\/1NEQUI-1.jpg 500w, https:\/\/dimensionturistica.com\/es\/wp-content\/uploads\/2026\/01\/1NEQUI-1-226x300.jpg 226w\" sizes=\"(max-width: 500px) 100vw, 500px\" \/><\/figure>\n<\/figure>\n\n\n\n<p>NEQI es una marca de cuidado capilar premium que ha ganado reconocimiento en Europa por su enfoque en ingredientes de alta calidad, f\u00f3rmulas efectivas y soluciones sustentables. Su propuesta combina ciencia avanzada y est\u00e9tica para atender diversas necesidades del cabello, desde nutrici\u00f3n profunda hasta reparaci\u00f3n intensiva.<\/p>\n\n\n\n<p>Gracias a su presencia en salones profesionales y al creciente respaldo de consumidores exigentes, NEQI est\u00e1 posicion\u00e1ndose como una de las firmas m\u00e1s innovadoras y aspiracionales del mercado europeo<\/p>\n\n\n\n<figure class=\"wp-block-gallery has-nested-images columns-default is-cropped wp-block-gallery-2 is-layout-flex wp-block-gallery-is-layout-flex\">\n<figure class=\"wp-block-image size-large\"><img decoding=\"async\" width=\"500\" height=\"332\" data-id=\"1095997\" src=\"https:\/\/dimensionturistica.com\/es\/wp-content\/uploads\/2026\/01\/5NEQI.jpg\" alt=\"\" class=\"wp-image-1095997\" srcset=\"https:\/\/dimensionturistica.com\/es\/wp-content\/uploads\/2026\/01\/5NEQI.jpg 500w, https:\/\/dimensionturistica.com\/es\/wp-content\/uploads\/2026\/01\/5NEQI-300x199.jpg 300w\" sizes=\"(max-width: 500px) 100vw, 500px\" \/><\/figure>\n<\/figure>\n\n\n\n<p>En 2025, el universo del cuidado capilar sigue transform\u00e1ndose, y una de las propuestas que m\u00e1s atenci\u00f3n ha generado en medios europeos es NEQI, la marca de cuidado del cabello que est\u00e1 redefiniendo lo que significa un ritual de belleza eficaz, sensorial y accesible. Con su llegada a mercados como Espa\u00f1a, NEQI ha sido destacada en publicaciones de Europa Press, Periodista Digital y otros medios especializados por su enfoque integral del cuidado capilar.&nbsp;&nbsp;&nbsp;&nbsp;&nbsp;&nbsp;&nbsp;&nbsp;&nbsp;&nbsp;<\/p>\n\n\n\n<p>Un enfoque europeo, sofisticado y accesible.<\/p>\n\n\n\n<figure class=\"wp-block-gallery has-nested-images columns-default is-cropped wp-block-gallery-3 is-layout-flex wp-block-gallery-is-layout-flex\">\n<figure class=\"wp-block-image size-large\"><img decoding=\"async\" width=\"500\" height=\"500\" data-id=\"1095998\" src=\"https:\/\/dimensionturistica.com\/es\/wp-content\/uploads\/2026\/01\/3NEQI.jpg\" alt=\"\" class=\"wp-image-1095998\" srcset=\"https:\/\/dimensionturistica.com\/es\/wp-content\/uploads\/2026\/01\/3NEQI.jpg 500w, https:\/\/dimensionturistica.com\/es\/wp-content\/uploads\/2026\/01\/3NEQI-300x300.jpg 300w, https:\/\/dimensionturistica.com\/es\/wp-content\/uploads\/2026\/01\/3NEQI-150x150.jpg 150w, https:\/\/dimensionturistica.com\/es\/wp-content\/uploads\/2026\/01\/3NEQI-75x75.jpg 75w, https:\/\/dimensionturistica.com\/es\/wp-content\/uploads\/2026\/01\/3NEQI-350x350.jpg 350w\" sizes=\"(max-width: 500px) 100vw, 500px\" \/><\/figure>\n<\/figure>\n\n\n\n<p>NEQI integra lo mejor del savoir-faire cosm\u00e9tico europeo con f\u00f3rmulas dise\u00f1adas para adaptarse a todos los tipos de cabello, edades y g\u00e9neros, ofreciendo resultados visibles desde el primer uso. Su propuesta se presenta como una alternativa premium accesible, capaz de transformar por completo la experiencia del cuidado diaria en un ritual de bienestar que combina eficacia, dise\u00f1o y sensorialidad.<\/p>\n\n\n\n<p>La llegada de NEQI al mercado espa\u00f1ol y europeo ha sido cubierta por m\u00faltiples medios, destacando su enfoque en f\u00f3rmulas veganas, libres de sulfatos y con tecnolog\u00eda cosm\u00e9tica de avanzada que respeta tanto la salud del cabello como el medio ambiente.<\/p>\n\n\n\n<p>Productos destacados y tendencias actuales<\/p>\n\n\n\n<figure class=\"wp-block-gallery has-nested-images columns-default is-cropped wp-block-gallery-4 is-layout-flex wp-block-gallery-is-layout-flex\">\n<figure class=\"wp-block-image size-large\"><img decoding=\"async\" width=\"500\" height=\"500\" data-id=\"1095999\" src=\"https:\/\/dimensionturistica.com\/es\/wp-content\/uploads\/2026\/01\/2NEQI.jpg\" alt=\"\" class=\"wp-image-1095999\" srcset=\"https:\/\/dimensionturistica.com\/es\/wp-content\/uploads\/2026\/01\/2NEQI.jpg 500w, https:\/\/dimensionturistica.com\/es\/wp-content\/uploads\/2026\/01\/2NEQI-300x300.jpg 300w, https:\/\/dimensionturistica.com\/es\/wp-content\/uploads\/2026\/01\/2NEQI-150x150.jpg 150w, https:\/\/dimensionturistica.com\/es\/wp-content\/uploads\/2026\/01\/2NEQI-75x75.jpg 75w, https:\/\/dimensionturistica.com\/es\/wp-content\/uploads\/2026\/01\/2NEQI-350x350.jpg 350w\" sizes=\"(max-width: 500px) 100vw, 500px\" \/><\/figure>\n<\/figure>\n\n\n\n<p>Entre los productos que han generado mayor expectativa est\u00e1 DIAMOND GLASS, un spray moldeador que se posiciona como clave para conseguir el efecto \u201cglass hair\u201d \u2014una de las tendencias de cabello con mayor presencia en editoriales de moda y belleza este a\u00f1o\u2014 gracias a su capacidad de aportar brillo espejo, controlar la humedad y proteger el cabello del calor.<\/p>\n","protected":false},"excerpt":{"rendered":"<p>NEQI es una marca de cuidado capilar premium que ha ganado reconocimiento en Europa por su enfoque en ingredientes de alta calidad, f\u00f3rmulas efectivas y soluciones sustentables. Su propuesta combina ciencia avanzada y est\u00e9tica para atender diversas necesidades del cabello, desde nutrici\u00f3n profunda hasta reparaci\u00f3n intensiva. Gracias a su presencia en salones profesionales y al [&hellip;]<\/p>\n","protected":false},"author":1,"featured_media":0,"comment_status":"open","ping_status":"closed","sticky":false,"template":"","format":"standard","meta":{"om_disable_all_campaigns":false,"jnews-multi-image_gallery":[],"jnews_single_post":[],"jnews_primary_category":[],"jnews_social_meta":[],"footnotes":""},"categories":[144872],"tags":[],"class_list":["post-1095995","post","type-post","status-publish","format-standard","hentry","category-fashion"],"_links":{"self":[{"href":"https:\/\/dimensionturistica.com\/es\/wp-json\/wp\/v2\/posts\/1095995","targetHints":{"allow":["GET"]}}],"collection":[{"href":"https:\/\/dimensionturistica.com\/es\/wp-json\/wp\/v2\/posts"}],"about":[{"href":"https:\/\/dimensionturistica.com\/es\/wp-json\/wp\/v2\/types\/post"}],"author":[{"embeddable":true,"href":"https:\/\/dimensionturistica.com\/es\/wp-json\/wp\/v2\/users\/1"}],"replies":[{"embeddable":true,"href":"https:\/\/dimensionturistica.com\/es\/wp-json\/wp\/v2\/comments?post=1095995"}],"version-history":[{"count":1,"href":"https:\/\/dimensionturistica.com\/es\/wp-json\/wp\/v2\/posts\/1095995\/revisions"}],"predecessor-version":[{"id":1096000,"href":"https:\/\/dimensionturistica.com\/es\/wp-json\/wp\/v2\/posts\/1095995\/revisions\/1096000"}],"wp:attachment":[{"href":"https:\/\/dimensionturistica.com\/es\/wp-json\/wp\/v2\/media?parent=1095995"}],"wp:term":[{"taxonomy":"category","embeddable":true,"href":"https:\/\/dimensionturistica.com\/es\/wp-json\/wp\/v2\/categories?post=1095995"},{"taxonomy":"post_tag","embeddable":true,"href":"https:\/\/dimensionturistica.com\/es\/wp-json\/wp\/v2\/tags?post=1095995"}],"curies":[{"name":"wp","href":"https:\/\/api.w.org\/{rel}","templated":true}]}}