{"id":1095958,"date":"2026-01-11T17:00:34","date_gmt":"2026-01-11T17:00:34","guid":{"rendered":"https:\/\/dimensionturistica.com\/es\/?p=1095958"},"modified":"2026-01-11T17:00:34","modified_gmt":"2026-01-11T17:00:34","slug":"seis-chalecos-elegantes-y-funcionales-para-lucir-en-la-oficina-este-enero-de-2026","status":"publish","type":"post","link":"https:\/\/dimensionturistica.com\/es\/seis-chalecos-elegantes-y-funcionales-para-lucir-en-la-oficina-este-enero-de-2026\/","title":{"rendered":"Seis chalecos elegantes y funcionales para lucir en la oficina este enero de 2026."},"content":{"rendered":"<h3>Tendencia en el Armario: Chalecos Minimalistas para la Oficina<\/h3>\n<p>A medida que el mundo laboral evoluciona, tambi\u00e9n lo hace nuestra manera de vestir para trabajar. Este a\u00f1o, los chalecos minimalistas han emergido como una de las piezas clave en el vestuario de oficina, redefiniendo la elegancia y la practicidad. Zara, la marca que siempre est\u00e1 un paso adelante en las tendencias, ha lanzado una colecci\u00f3n que promete marcar la pauta.<\/p>\n<h4>El Renacer del Chaleco<\/h4>\n<p>El chaleco es una prenda que ha sido reimaginada en m\u00faltiples estilos a lo largo de las d\u00e9cadas. En esta nueva propuesta, el enfoque minimalista se traduce en l\u00edneas limpias, colores neutros y un fit que se adapta a diferentes tipos de cuerpo. Esta simplicidad no solo aporta una est\u00e9tica sofisticada, sino que tambi\u00e9n permite una versatilidad sin precedentes: un chaleco puede ser el complemento ideal para blusas, camisetas y hasta vestidos.<\/p>\n<h4>Materiales y Detalles que Marcan la Diferencia<\/h4>\n<p>Los materiales seleccionados por Zara no son menos importantes. La colecci\u00f3n hace hincapi\u00e9 en tejidos de calidad que garantizan comodidad y durabilidad. Destacan las texturas suaves y los acabados impecables, dise\u00f1ados para resistir las largas jornadas laborales. Adem\u00e1s, los detalles sutiles, como botones discretos y costuras bien definidas, a\u00f1aden un toque contempor\u00e1neo sin perder el enfoque minimalista.<\/p>\n<h4>C\u00f3mo Estilizar el Chaleco para la Oficina<\/h4>\n<p>La clave est\u00e1 en la combinaci\u00f3n. Al optar por un chaleco, la elecci\u00f3n del resto de la vestimenta se convierte en una tarea sencilla. Un chaleco beige puede lucir fabuloso con una blusa blanca y pantalones de pinzas. Para un look m\u00e1s audaz, experimenta con colores que contrasten. Asimismo, no subestimes el poder de los accesorios: un cintur\u00f3n estilizado o unos pendientes elegantes pueden elevar cualquier atuendo.<\/p>\n<h4>El Impacto del Chaleco en el Estilo Profesional<\/h4>\n<p>La llegada de los chalecos minimalistas ha influido en la percepci\u00f3n del estilo profesional. Muchos est\u00e1n optando por este tipo de prendas como una forma de expresar individualidad en un entorno laboral tradicional. La b\u00fasqueda de la originalidad dentro del dress code corporativo est\u00e1 en pleno apogeo, y Zara se posiciona como pionera en esta transformaci\u00f3n.<\/p>\n<h4>Un Futuro Brillante para el Chaleco<\/h4>\n<p>Con la temporada transicionando hacia un clima m\u00e1s templado, los chalecos minimalistas de Zara no solo ofrecen una alternativa elegante, sino tambi\u00e9n pr\u00e1ctica. Su capacidad para adaptarse a diferentes ocasiones y entornos laborales los convierte en una inversi\u00f3n inteligente para cualquier armario profesional. En un mundo donde cada elecci\u00f3n de vestuario puede influir en la percepci\u00f3n de uno mismo, no hay duda de que estos chalecos est\u00e1n aqu\u00ed para quedarse.<\/p>\n<h4>Conclusi\u00f3n<\/h4>\n<p>La tendencia de los chalecos minimalistas ya recorre las pasarelas y los espacios de trabajo. Su impacto en el armario de la mujer moderna es innegable, promoviendo una fusi\u00f3n de estilo y funcionalidad. La revoluci\u00f3n del vestuario de oficina est\u00e1 en marcha, y los chalecos de Zara est\u00e1n liderando esta emocionante transformaci\u00f3n. \u00a1No te quedes atr\u00e1s!<\/p>\n<p><em> &#8221; Fuentes www.vogue.mx &#8221; <\/em><\/p>\n","protected":false},"excerpt":{"rendered":"<p>Tendencia en el Armario: Chalecos Minimalistas para la Oficina A medida que el mundo laboral evoluciona, tambi\u00e9n lo hace nuestra manera de vestir para trabajar. Este a\u00f1o, los chalecos minimalistas han emergido como una de las piezas clave en el vestuario de oficina, redefiniendo la elegancia y la practicidad. Zara, la marca que siempre est\u00e1 [&hellip;]<\/p>\n","protected":false},"author":14,"featured_media":1095959,"comment_status":"open","ping_status":"closed","sticky":false,"template":"","format":"standard","meta":{"om_disable_all_campaigns":false,"jnews-multi-image_gallery":[],"jnews_single_post":[],"jnews_primary_category":[],"jnews_social_meta":[],"footnotes":""},"categories":[144872],"tags":[193073,74729,228470,7758,215217,659,4568,1110,142911,1252,373,15320],"class_list":["post-1095958","post","type-post","status-publish","format-standard","has-post-thumbnail","hentry","category-fashion","tag-_msn_feed","tag-chalecos","tag-enero-2026","tag-estilo","tag-minimalistas","tag-moda","tag-oficina","tag-prendas","tag-splitscreenimageleftinset","tag-tendencia","tag-web","tag-zara"],"_links":{"self":[{"href":"https:\/\/dimensionturistica.com\/es\/wp-json\/wp\/v2\/posts\/1095958","targetHints":{"allow":["GET"]}}],"collection":[{"href":"https:\/\/dimensionturistica.com\/es\/wp-json\/wp\/v2\/posts"}],"about":[{"href":"https:\/\/dimensionturistica.com\/es\/wp-json\/wp\/v2\/types\/post"}],"author":[{"embeddable":true,"href":"https:\/\/dimensionturistica.com\/es\/wp-json\/wp\/v2\/users\/14"}],"replies":[{"embeddable":true,"href":"https:\/\/dimensionturistica.com\/es\/wp-json\/wp\/v2\/comments?post=1095958"}],"version-history":[{"count":1,"href":"https:\/\/dimensionturistica.com\/es\/wp-json\/wp\/v2\/posts\/1095958\/revisions"}],"predecessor-version":[{"id":1095960,"href":"https:\/\/dimensionturistica.com\/es\/wp-json\/wp\/v2\/posts\/1095958\/revisions\/1095960"}],"wp:featuredmedia":[{"embeddable":true,"href":"https:\/\/dimensionturistica.com\/es\/wp-json\/wp\/v2\/media\/1095959"}],"wp:attachment":[{"href":"https:\/\/dimensionturistica.com\/es\/wp-json\/wp\/v2\/media?parent=1095958"}],"wp:term":[{"taxonomy":"category","embeddable":true,"href":"https:\/\/dimensionturistica.com\/es\/wp-json\/wp\/v2\/categories?post=1095958"},{"taxonomy":"post_tag","embeddable":true,"href":"https:\/\/dimensionturistica.com\/es\/wp-json\/wp\/v2\/tags?post=1095958"}],"curies":[{"name":"wp","href":"https:\/\/api.w.org\/{rel}","templated":true}]}}