{"id":1095825,"date":"2026-01-11T05:13:31","date_gmt":"2026-01-11T05:13:31","guid":{"rendered":"https:\/\/dimensionturistica.com\/es\/?p=1095825"},"modified":"2026-01-11T05:13:31","modified_gmt":"2026-01-11T05:13:31","slug":"que-representa-la-inclusion-latinoamericana-en-la-lista-final-de-los-oscars-2026","status":"publish","type":"post","link":"https:\/\/dimensionturistica.com\/es\/que-representa-la-inclusion-latinoamericana-en-la-lista-final-de-los-oscars-2026\/","title":{"rendered":"\u00bfQu\u00e9 representa la inclusi\u00f3n latinoamericana en la lista final de los Oscars 2026?"},"content":{"rendered":"<h3>Brillando en la Alfombra Roja: La Selecci\u00f3n de L\u00e1tinoam\u00e9rica para los Oscar 2026<\/h3>\n<p>El mundo del cine y la moda se entrelazan en un evento que trasciende fronteras: la ceremonia de los Oscar. Cada a\u00f1o, esta celebraci\u00f3n no solo destaca los logros cinematogr\u00e1ficos, sino que tambi\u00e9n se convierte en un escenario para el despliegue de tendencias y estilos impactantes. Para el 2026, la expectativa es mayor que nunca, especialmente para el talento emergente de Latinoam\u00e9rica que est\u00e1 siendo considerado para la prestigiosa lista de nominaciones.<\/p>\n<h4>El Renacer del Talento Latino<\/h4>\n<p>La contribuci\u00f3n de artistas latinoamericanos al cine ha sido monumental en los \u00faltimos a\u00f1os. Desde directores innovadores hasta actores y actrices que han conquistado audiencias globales, la representaci\u00f3n est\u00e1 en su punto m\u00e1s alto. En esta a\u00f1ada de los Oscar, se prev\u00e9 que las producciones latinoamericanas capturen la atenci\u00f3n no solo por sus narrativas cautivadoras, sino tambi\u00e9n por la singularidad de sus enfoques art\u00edsticos y estil\u00edsticos.<\/p>\n<h4>Una Pasarela Cultural<\/h4>\n<p>En este contexto, la alfombra roja brillar\u00e1 con influencias culturales \u00fanicas que reflejan la rica diversidad de la regi\u00f3n. Los dise\u00f1adores emergentes est\u00e1n aprovechando la oportunidad para mostrar sus creaciones, combinando tradici\u00f3n y modernidad. Cada vestido, cada traje, llevar\u00e1 consigo la esencia de su tierra natal, haciendo que cada look sea una declaraci\u00f3n de identidad. La moda latina, cargada de colores vibrantes y texturas complejas, promete deslumbrar a los asistentes y a quienes miran desde casa.<\/p>\n<h4>La Moda como Expresi\u00f3n Art\u00edstica<\/h4>\n<p>La vestimenta que eligen los nominados y presentadores no solo hace eco de tendencias, sino que tambi\u00e9n representa un lenguaje visual que puede alterar percepciones y desafiar estereotipos. Es una plataforma para que los artistas muestren su conexi\u00f3n con sus ra\u00edces y, al mismo tiempo, se alineen con la vanguardia de la moda contempor\u00e1nea. As\u00ed, cada elecci\u00f3n de vestuario puede convertirse en un eco de la narrativa cinematogr\u00e1fica latina.<\/p>\n<h4>Eventos Paralelos que Marcan Tendencia<\/h4>\n<p>A medida que se acerca la ceremonia, la emoci\u00f3n no solo se concentra en la premiaci\u00f3n principal. Eventos previos como la Semana de la Moda de Los \u00c1ngeles o festivales de cine en Brasil y M\u00e9xico ofrecen un adelanto de las tendencias que reinar\u00e1n en la alfombra roja. Dise\u00f1adores de la regi\u00f3n est\u00e1n colaborando con artistas para crear piezas que reflejen sus visiones est\u00e9ticas, dando luz a colecciones que se apoderar\u00e1n posteriormente de la atenci\u00f3n medi\u00e1tica.<\/p>\n<h4>Redes Sociales: El Aliado Perfecto<\/h4>\n<p>La influencia de las redes sociales en el mundo de la moda es innegable. Con cada publicaci\u00f3n y cada historia, se genera una conversaci\u00f3n continua sobre estilos y looks. Las tendencias se propagan a una velocidad vertiginosa, permitiendo que los seguidores de la moda sigan y comenten cada detalle de los atuendos presentados durante la semana de los Oscar. Las plataformas digitales se convierten as\u00ed en el escenario perfecto para que los dise\u00f1adores latinoamericanos muestren su talento al mundo.<\/p>\n<h4>Mirando hacia el Futuro<\/h4>\n<p>Los Oscar 2026 no solo celebrar\u00e1n el arte del cine, sino que tambi\u00e9n destacar\u00e1n la importancia del dise\u00f1o y la cultura latina en el panorama internacional. El talento de la regi\u00f3n est\u00e1 listo para brillar, y su presencia promete llevar la moda a nuevas alturas. Mientras el mundo observa, la expectativa se intensifica: \u00bfest\u00e1 el protagonista de la noche listo para ser el pr\u00f3ximo \u00edcono de estilo?<\/p>\n<p>La cuenta regresiva ha comenzado, y la alfombra roja se prepara para recibir la magia de la creatividad latinoamericana. En este escenario, los artistas no solo ser\u00e1n homenajeados por sus logros, sino que tambi\u00e9n revolucionar\u00e1n el concepto de la moda en el cine, dejando una huella imborrable en la historia de los Oscar.<\/p>\n<p><em> &#8221; Fuentes www.vogue.mx &#8221; <\/em><\/p>\n","protected":false},"excerpt":{"rendered":"<p>Brillando en la Alfombra Roja: La Selecci\u00f3n de L\u00e1tinoam\u00e9rica para los Oscar 2026 El mundo del cine y la moda se entrelazan en un evento que trasciende fronteras: la ceremonia de los Oscar. Cada a\u00f1o, esta celebraci\u00f3n no solo destaca los logros cinematogr\u00e1ficos, sino que tambi\u00e9n se convierte en un escenario para el despliegue de [&hellip;]<\/p>\n","protected":false},"author":14,"featured_media":1095826,"comment_status":"open","ping_status":"closed","sticky":false,"template":"","format":"standard","meta":{"om_disable_all_campaigns":false,"jnews-multi-image_gallery":[],"jnews_single_post":[],"jnews_primary_category":[],"jnews_social_meta":[],"footnotes":""},"categories":[144872],"tags":[875,263243,662,4095,184776,1042,212121,2411,966,19907,57762,107564],"class_list":["post-1095825","post","type-post","status-publish","format-standard","has-post-thumbnail","hentry","category-fashion","tag-cine","tag-cine-latino","tag-cultura","tag-diversidad","tag-industria-cinematografica","tag-latinoamerica","tag-oscars-2026","tag-peliculas","tag-premios","tag-premios-oscar","tag-representacion","tag-shortlist"],"_links":{"self":[{"href":"https:\/\/dimensionturistica.com\/es\/wp-json\/wp\/v2\/posts\/1095825","targetHints":{"allow":["GET"]}}],"collection":[{"href":"https:\/\/dimensionturistica.com\/es\/wp-json\/wp\/v2\/posts"}],"about":[{"href":"https:\/\/dimensionturistica.com\/es\/wp-json\/wp\/v2\/types\/post"}],"author":[{"embeddable":true,"href":"https:\/\/dimensionturistica.com\/es\/wp-json\/wp\/v2\/users\/14"}],"replies":[{"embeddable":true,"href":"https:\/\/dimensionturistica.com\/es\/wp-json\/wp\/v2\/comments?post=1095825"}],"version-history":[{"count":1,"href":"https:\/\/dimensionturistica.com\/es\/wp-json\/wp\/v2\/posts\/1095825\/revisions"}],"predecessor-version":[{"id":1095827,"href":"https:\/\/dimensionturistica.com\/es\/wp-json\/wp\/v2\/posts\/1095825\/revisions\/1095827"}],"wp:featuredmedia":[{"embeddable":true,"href":"https:\/\/dimensionturistica.com\/es\/wp-json\/wp\/v2\/media\/1095826"}],"wp:attachment":[{"href":"https:\/\/dimensionturistica.com\/es\/wp-json\/wp\/v2\/media?parent=1095825"}],"wp:term":[{"taxonomy":"category","embeddable":true,"href":"https:\/\/dimensionturistica.com\/es\/wp-json\/wp\/v2\/categories?post=1095825"},{"taxonomy":"post_tag","embeddable":true,"href":"https:\/\/dimensionturistica.com\/es\/wp-json\/wp\/v2\/tags?post=1095825"}],"curies":[{"name":"wp","href":"https:\/\/api.w.org\/{rel}","templated":true}]}}