{"id":1095764,"date":"2026-01-10T23:11:52","date_gmt":"2026-01-10T23:11:52","guid":{"rendered":"https:\/\/dimensionturistica.com\/es\/?p=1095764"},"modified":"2026-01-10T23:11:52","modified_gmt":"2026-01-10T23:11:52","slug":"mas-alla-del-bisturi-la-filosofia-estetica-que-esta-redefiniendo-la-cirugia-plastica-en-mexico","status":"publish","type":"post","link":"https:\/\/dimensionturistica.com\/es\/mas-alla-del-bisturi-la-filosofia-estetica-que-esta-redefiniendo-la-cirugia-plastica-en-mexico\/","title":{"rendered":"M\u00e1s all\u00e1 del bistur\u00ed: la filosof\u00eda est\u00e9tica que est\u00e1 redefiniendo la cirug\u00eda pl\u00e1stica en M\u00e9xico"},"content":{"rendered":"\n<p><\/p>\n\n\n\n<figure class=\"wp-block-gallery has-nested-images columns-default is-cropped wp-block-gallery-1 is-layout-flex wp-block-gallery-is-layout-flex\">\n<figure class=\"wp-block-image size-large\"><img decoding=\"async\" width=\"500\" height=\"500\" data-id=\"1095765\" src=\"https:\/\/dimensionturistica.com\/es\/wp-content\/uploads\/2026\/01\/6CIRU.jpg\" alt=\"\" class=\"wp-image-1095765\" srcset=\"https:\/\/dimensionturistica.com\/es\/wp-content\/uploads\/2026\/01\/6CIRU.jpg 500w, https:\/\/dimensionturistica.com\/es\/wp-content\/uploads\/2026\/01\/6CIRU-300x300.jpg 300w, https:\/\/dimensionturistica.com\/es\/wp-content\/uploads\/2026\/01\/6CIRU-150x150.jpg 150w, https:\/\/dimensionturistica.com\/es\/wp-content\/uploads\/2026\/01\/6CIRU-75x75.jpg 75w, https:\/\/dimensionturistica.com\/es\/wp-content\/uploads\/2026\/01\/6CIRU-350x350.jpg 350w\" sizes=\"(max-width: 500px) 100vw, 500px\" \/><\/figure>\n<\/figure>\n\n\n\n<p>En un momento en el que la conversaci\u00f3n sobre belleza exige mayor conciencia, \u00e9tica y autenticidad, la cirug\u00eda pl\u00e1stica tambi\u00e9n est\u00e1 cambiando. Ya no se trata solo de transformar rasgos, sino de comprender historias, emociones y procesos personales. Bajo esta visi\u00f3n se ha consolidado el trabajo del Dr. David De Rungs, cirujano pl\u00e1stico, est\u00e9tico y reconstructivo, cuya pr\u00e1ctica se ha convertido en un referente de belleza real, cirug\u00eda facial natural y bienestar integral en M\u00e9xico y Latinoam\u00e9rica.<\/p>\n\n\n\n<p>Su enfoque parte de una idea clara: la belleza no se impone, se revela. En lugar de perseguir est\u00e1ndares homog\u00e9neos, su trabajo busca respetar la identidad de cada paciente, entendiendo que el verdadero resultado est\u00e9tico es aquel que se percibe arm\u00f3nico, funcional y coherente con la personalidad de quien lo porta. Esta manera de concebir la cirug\u00eda pl\u00e1stica \u00e9tica ha resonado especialmente en una nueva generaci\u00f3n de pacientes que buscan verse bien sin dejar de verse como ellos mismos.<\/p>\n\n\n\n<figure class=\"wp-block-gallery has-nested-images columns-default is-cropped wp-block-gallery-2 is-layout-flex wp-block-gallery-is-layout-flex\">\n<figure class=\"wp-block-image size-large\"><img decoding=\"async\" width=\"500\" height=\"395\" data-id=\"1095766\" src=\"https:\/\/dimensionturistica.com\/es\/wp-content\/uploads\/2026\/01\/1ciru.jpg\" alt=\"\" class=\"wp-image-1095766\" srcset=\"https:\/\/dimensionturistica.com\/es\/wp-content\/uploads\/2026\/01\/1ciru.jpg 500w, https:\/\/dimensionturistica.com\/es\/wp-content\/uploads\/2026\/01\/1ciru-300x237.jpg 300w\" sizes=\"(max-width: 500px) 100vw, 500px\" \/><\/figure>\n<\/figure>\n\n\n\n<p>El equilibrio entre t\u00e9cnica, arte y empat\u00eda es uno de los sellos m\u00e1s claros de su filosof\u00eda. Cada procedimiento, desde un lifting facial hasta una cirug\u00eda reconstructiva, se planea desde un an\u00e1lisis profundo de la anatom\u00eda, pero tambi\u00e9n desde la sensibilidad est\u00e9tica. El rostro no es tratado como un conjunto de zonas aisladas, sino como una estructura viva, din\u00e1mica y expresiva. Esto ha permitido resultados de rejuvenecimiento facial que conservan movilidad, naturalidad y expresi\u00f3n, alej\u00e1ndose de los excesos que durante a\u00f1os marcaron a la cirug\u00eda est\u00e9tica tradicional.<\/p>\n\n\n\n<p>En particular, su aportaci\u00f3n al lifting facial en M\u00e9xico ha sido clave para elevar el est\u00e1ndar de la especialidad. A trav\u00e9s de t\u00e9cnicas m\u00e1s precisas, abordajes tridimensionales y protocolos que priorizan la recuperaci\u00f3n y el bienestar del paciente, el lifting ha dejado de ser un procedimiento temido para convertirse en una herramienta de renovaci\u00f3n sutil y elegante. Esta evoluci\u00f3n tambi\u00e9n ha tenido impacto en Latinoam\u00e9rica, donde su enfoque ha contribuido a una nueva forma de entender el envejecimiento: no como algo que se borra, sino como algo que se acompa\u00f1a con inteligencia m\u00e9dica.<\/p>\n\n\n\n<figure class=\"wp-block-gallery has-nested-images columns-default is-cropped wp-block-gallery-3 is-layout-flex wp-block-gallery-is-layout-flex\">\n<figure class=\"wp-block-image size-large\"><img decoding=\"async\" width=\"500\" height=\"834\" data-id=\"1095767\" src=\"https:\/\/dimensionturistica.com\/es\/wp-content\/uploads\/2026\/01\/2curi.jpg\" alt=\"\" class=\"wp-image-1095767\" srcset=\"https:\/\/dimensionturistica.com\/es\/wp-content\/uploads\/2026\/01\/2curi.jpg 500w, https:\/\/dimensionturistica.com\/es\/wp-content\/uploads\/2026\/01\/2curi-180x300.jpg 180w\" sizes=\"(max-width: 500px) 100vw, 500px\" \/><\/figure>\n<\/figure>\n\n\n\n<p>M\u00e1s all\u00e1 del quir\u00f3fano, el legado del Dr. David De Rungs se construye en la manera en la que ejerce la medicina: con responsabilidad, escucha y respeto. En una industria que avanza r\u00e1pidamente, su trabajo recuerda que la cirug\u00eda pl\u00e1stica moderna no solo se mide en resultados visibles, sino en la confianza que devuelve, en la seguridad que fortalece y en la relaci\u00f3n honesta entre m\u00e9dico y paciente.<\/p>\n\n\n\n<p>Hoy, hablar de belleza implica hablar de decisiones conscientes. Y en ese contexto, la filosof\u00eda est\u00e9tica del Dr. De Rungs se posiciona como un punto de referencia para quienes buscan una cirug\u00eda pl\u00e1stica m\u00e1s humana, m\u00e1s \u00e9tica y profundamente alineada con la belleza real.<\/p>\n","protected":false},"excerpt":{"rendered":"<p>En un momento en el que la conversaci\u00f3n sobre belleza exige mayor conciencia, \u00e9tica y autenticidad, la cirug\u00eda pl\u00e1stica tambi\u00e9n est\u00e1 cambiando. Ya no se trata solo de transformar rasgos, sino de comprender historias, emociones y procesos personales. Bajo esta visi\u00f3n se ha consolidado el trabajo del Dr. David De Rungs, cirujano pl\u00e1stico, est\u00e9tico y [&hellip;]<\/p>\n","protected":false},"author":1,"featured_media":0,"comment_status":"open","ping_status":"closed","sticky":false,"template":"","format":"standard","meta":{"om_disable_all_campaigns":false,"jnews-multi-image_gallery":[],"jnews_single_post":[],"jnews_primary_category":[],"jnews_social_meta":[],"footnotes":""},"categories":[144872],"tags":[],"class_list":["post-1095764","post","type-post","status-publish","format-standard","hentry","category-fashion"],"_links":{"self":[{"href":"https:\/\/dimensionturistica.com\/es\/wp-json\/wp\/v2\/posts\/1095764","targetHints":{"allow":["GET"]}}],"collection":[{"href":"https:\/\/dimensionturistica.com\/es\/wp-json\/wp\/v2\/posts"}],"about":[{"href":"https:\/\/dimensionturistica.com\/es\/wp-json\/wp\/v2\/types\/post"}],"author":[{"embeddable":true,"href":"https:\/\/dimensionturistica.com\/es\/wp-json\/wp\/v2\/users\/1"}],"replies":[{"embeddable":true,"href":"https:\/\/dimensionturistica.com\/es\/wp-json\/wp\/v2\/comments?post=1095764"}],"version-history":[{"count":1,"href":"https:\/\/dimensionturistica.com\/es\/wp-json\/wp\/v2\/posts\/1095764\/revisions"}],"predecessor-version":[{"id":1095768,"href":"https:\/\/dimensionturistica.com\/es\/wp-json\/wp\/v2\/posts\/1095764\/revisions\/1095768"}],"wp:attachment":[{"href":"https:\/\/dimensionturistica.com\/es\/wp-json\/wp\/v2\/media?parent=1095764"}],"wp:term":[{"taxonomy":"category","embeddable":true,"href":"https:\/\/dimensionturistica.com\/es\/wp-json\/wp\/v2\/categories?post=1095764"},{"taxonomy":"post_tag","embeddable":true,"href":"https:\/\/dimensionturistica.com\/es\/wp-json\/wp\/v2\/tags?post=1095764"}],"curies":[{"name":"wp","href":"https:\/\/api.w.org\/{rel}","templated":true}]}}