{"id":1095744,"date":"2026-01-10T22:05:00","date_gmt":"2026-01-10T22:05:00","guid":{"rendered":"https:\/\/dimensionturistica.com\/es\/?p=1095744"},"modified":"2026-01-10T22:05:00","modified_gmt":"2026-01-10T22:05:00","slug":"inicio-de-ano-bajo-riesgo-el-mercado-negro-de-blindaje-sigue-en-aumento","status":"publish","type":"post","link":"https:\/\/dimensionturistica.com\/es\/inicio-de-ano-bajo-riesgo-el-mercado-negro-de-blindaje-sigue-en-aumento\/","title":{"rendered":"Inicio de a\u00f1o bajo riesgo: El mercado negro de blindaje sigue en aumento"},"content":{"rendered":"\n<p><\/p>\n\n\n\n<figure class=\"wp-block-gallery has-nested-images columns-default is-cropped wp-block-gallery-1 is-layout-flex wp-block-gallery-is-layout-flex\">\n<figure class=\"wp-block-image size-large\"><img decoding=\"async\" width=\"500\" height=\"358\" data-id=\"1095745\" src=\"https:\/\/dimensionturistica.com\/es\/wp-content\/uploads\/2026\/01\/1CAMARA.jpg\" alt=\"\" class=\"wp-image-1095745\" srcset=\"https:\/\/dimensionturistica.com\/es\/wp-content\/uploads\/2026\/01\/1CAMARA.jpg 500w, https:\/\/dimensionturistica.com\/es\/wp-content\/uploads\/2026\/01\/1CAMARA-300x215.jpg 300w, https:\/\/dimensionturistica.com\/es\/wp-content\/uploads\/2026\/01\/1CAMARA-120x86.jpg 120w, https:\/\/dimensionturistica.com\/es\/wp-content\/uploads\/2026\/01\/1CAMARA-350x250.jpg 350w\" sizes=\"(max-width: 500px) 100vw, 500px\" \/><\/figure>\n<\/figure>\n\n\n\n<p>En el mercado informal predominan la venta de veh\u00edculos blindados sin factura ni garant\u00eda, la comercializaci\u00f3n ilegal de chalecos y placas bal\u00edsticas, y la oferta de supuestos blindajes arquitect\u00f3nicos y materiales de seguridad sin resistencia bal\u00edstica real ni certificaci\u00f3n.<\/p>\n\n\n\n<p>En un entorno donde la inseguridad contin\u00faa impactando a distintos sectores del pa\u00eds, enero se ha convertido en el mes estrat\u00e9gico para que empresas, hogares e industrias definan su plan de seguridad para todo el a\u00f1o. Ante este escenario, el Consejo Nacional de la Industria de la Bal\u00edstica (CNB) hizo un llamado a priorizar la planeaci\u00f3n temprana y el uso de soluciones de blindaje y protecci\u00f3n bal\u00edstica certificadas, frente al crecimiento acelerado del mercado negro en el sector.<\/p>\n\n\n\n<p>Si bien el inter\u00e9s por reforzar la seguridad ha ido en aumento, el CNB advierte que este contexto tambi\u00e9n ha favorecido la proliferaci\u00f3n de pr\u00e1cticas irregulares donde se ofrecen servicios sin certificaci\u00f3n, se simulan niveles de protecci\u00f3n y se emplean materiales que no cuentan con propiedades bal\u00edsticas reales, pero que son comercializados como si lo fueran.<\/p>\n\n\n\n<figure class=\"wp-block-gallery has-nested-images columns-default is-cropped wp-block-gallery-2 is-layout-flex wp-block-gallery-is-layout-flex\">\n<figure class=\"wp-block-image size-large\"><img decoding=\"async\" width=\"500\" height=\"388\" data-id=\"1095749\" src=\"https:\/\/dimensionturistica.com\/es\/wp-content\/uploads\/2026\/01\/1111111CAMARA.jpg\" alt=\"\" class=\"wp-image-1095749\" srcset=\"https:\/\/dimensionturistica.com\/es\/wp-content\/uploads\/2026\/01\/1111111CAMARA.jpg 500w, https:\/\/dimensionturistica.com\/es\/wp-content\/uploads\/2026\/01\/1111111CAMARA-300x233.jpg 300w\" sizes=\"(max-width: 500px) 100vw, 500px\" \/><\/figure>\n<\/figure>\n\n\n\n<p>De acuerdo con los asociados del CNB, los productos irregulares m\u00e1s frecuentes en el mercado informal incluyen la venta clandestina de chalecos bal\u00edsticos; la oferta de supuestos blindajes arquitect\u00f3nicos instalados en muros, puertas y ventanales con materiales que no cumplen con niveles de resistencia bal\u00edstica; as\u00ed como pel\u00edculas de seguridad y vidrios reforzados comercializados como bal\u00edsticos sin validar normas ni est\u00e1ndares t\u00e9cnicos. Tambi\u00e9n se detecta la venta de veh\u00edculos blindados sin facturaci\u00f3n, garant\u00eda ni certificaci\u00f3n, los cuales no han sido sometidos a pruebas bajo normas internacionales.<\/p>\n\n\n\n<p>Estas pr\u00e1cticas generan una falsa sensaci\u00f3n de seguridad y representan un riesgo directo para la vida de los usuarios.<\/p>\n\n\n\n<p>Para el CNB, planear la seguridad desde enero permite identificar vulnerabilidades, definir protocolos claros, asignar presupuestos adecuados y seleccionar proveedores que cumplan con est\u00e1ndares t\u00e9cnicos y \u00e9ticos. En contraste, postergar estas decisiones o recurrir a soluciones improvisadas incrementa la exposici\u00f3n a riesgos y a esquemas enga\u00f1osos.<\/p>\n\n\n\n<p>En este contexto, Gadi Mokotov, presidente del Consejo Nacional de la Industria de la Bal\u00edstica, subray\u00f3 la urgencia de actuar desde el inicio del a\u00f1o.<\/p>\n\n\n\n<figure class=\"wp-block-gallery has-nested-images columns-default is-cropped wp-block-gallery-3 is-layout-flex wp-block-gallery-is-layout-flex\">\n<figure class=\"wp-block-image size-large\"><img decoding=\"async\" width=\"500\" height=\"333\" data-id=\"1095750\" src=\"https:\/\/dimensionturistica.com\/es\/wp-content\/uploads\/2026\/01\/222222CAMARA.jpg\" alt=\"\" class=\"wp-image-1095750\" srcset=\"https:\/\/dimensionturistica.com\/es\/wp-content\/uploads\/2026\/01\/222222CAMARA.jpg 500w, https:\/\/dimensionturistica.com\/es\/wp-content\/uploads\/2026\/01\/222222CAMARA-300x200.jpg 300w\" sizes=\"(max-width: 500px) 100vw, 500px\" \/><\/figure>\n<\/figure>\n\n\n\n<p>\u201cEnero es el momento en el que se toman las decisiones que marcar\u00e1n el nivel de seguridad durante todo el a\u00f1o. La inseguridad sigue creciendo y, al mismo tiempo, vemos un aumento preocupante del mercado negro en blindaje, que enga\u00f1a a los usuarios con soluciones que no protegen. Apostar por blindaje certificado desde el inicio del a\u00f1o no es un gasto, es una decisi\u00f3n estrat\u00e9gica para proteger vidas y patrimonio\u201d; enfatiz\u00f3 Gadi Mokotov, presidente del CNB<\/p>\n\n\n\n<p>Finalmente, todas las empresas asociadas del CNB reafirmaron su compromiso con la profesionalizaci\u00f3n del blindaje en M\u00e9xico y con la promoci\u00f3n de una cultura de seguridad desde el inicio del a\u00f1o, basada en la prevenci\u00f3n, la informaci\u00f3n y la certificaci\u00f3n, como pilares fundamentales para enfrentar los riesgos actuales y futuros.<\/p>\n","protected":false},"excerpt":{"rendered":"<p>En el mercado informal predominan la venta de veh\u00edculos blindados sin factura ni garant\u00eda, la comercializaci\u00f3n ilegal de chalecos y placas bal\u00edsticas, y la oferta de supuestos blindajes arquitect\u00f3nicos y materiales de seguridad sin resistencia bal\u00edstica real ni certificaci\u00f3n. En un entorno donde la inseguridad contin\u00faa impactando a distintos sectores del pa\u00eds, enero se ha [&hellip;]<\/p>\n","protected":false},"author":1,"featured_media":0,"comment_status":"open","ping_status":"closed","sticky":false,"template":"","format":"standard","meta":{"om_disable_all_campaigns":false,"jnews-multi-image_gallery":[],"jnews_single_post":{"format":"standard"},"jnews_primary_category":[],"jnews_social_meta":[],"footnotes":""},"categories":[40],"tags":[],"class_list":["post-1095744","post","type-post","status-publish","format-standard","hentry","category-industria"],"_links":{"self":[{"href":"https:\/\/dimensionturistica.com\/es\/wp-json\/wp\/v2\/posts\/1095744","targetHints":{"allow":["GET"]}}],"collection":[{"href":"https:\/\/dimensionturistica.com\/es\/wp-json\/wp\/v2\/posts"}],"about":[{"href":"https:\/\/dimensionturistica.com\/es\/wp-json\/wp\/v2\/types\/post"}],"author":[{"embeddable":true,"href":"https:\/\/dimensionturistica.com\/es\/wp-json\/wp\/v2\/users\/1"}],"replies":[{"embeddable":true,"href":"https:\/\/dimensionturistica.com\/es\/wp-json\/wp\/v2\/comments?post=1095744"}],"version-history":[{"count":1,"href":"https:\/\/dimensionturistica.com\/es\/wp-json\/wp\/v2\/posts\/1095744\/revisions"}],"predecessor-version":[{"id":1095751,"href":"https:\/\/dimensionturistica.com\/es\/wp-json\/wp\/v2\/posts\/1095744\/revisions\/1095751"}],"wp:attachment":[{"href":"https:\/\/dimensionturistica.com\/es\/wp-json\/wp\/v2\/media?parent=1095744"}],"wp:term":[{"taxonomy":"category","embeddable":true,"href":"https:\/\/dimensionturistica.com\/es\/wp-json\/wp\/v2\/categories?post=1095744"},{"taxonomy":"post_tag","embeddable":true,"href":"https:\/\/dimensionturistica.com\/es\/wp-json\/wp\/v2\/tags?post=1095744"}],"curies":[{"name":"wp","href":"https:\/\/api.w.org\/{rel}","templated":true}]}}