{"id":1095709,"date":"2026-01-10T20:21:41","date_gmt":"2026-01-10T20:21:41","guid":{"rendered":"https:\/\/dimensionturistica.com\/es\/?p=1095709"},"modified":"2026-01-10T20:21:41","modified_gmt":"2026-01-10T20:21:41","slug":"companias-turisticas-en-medellin-un-vistazo-al-sector","status":"publish","type":"post","link":"https:\/\/dimensionturistica.com\/es\/companias-turisticas-en-medellin-un-vistazo-al-sector\/","title":{"rendered":"Compa\u00f1\u00edas Tur\u00edsticas en Medell\u00edn: Un Vistazo al Sector"},"content":{"rendered":"<h3>Medell\u00edn: Un Destino Tur\u00edstico en Auge<\/h3>\n<p>Medell\u00edn, la vibrante capital del departamento de Antioquia, se ha transformado en un destino tur\u00edstico competitivo que atrae a visitantes de todo el mundo. En los \u00faltimos a\u00f1os, la ciudad ha experimentado un significativo crecimiento en su oferta tur\u00edstica, consolid\u00e1ndose como un epicentro cultural, innovador y accesible.<\/p>\n<p>Una de las claves de este crecimiento radica en la colaboraci\u00f3n estrecha entre las empresas del sector tur\u00edstico y el gobierno local. Este trabajo conjunto ha permitido el desarrollo de una infraestructura adecuada, as\u00ed como la promoci\u00f3n de una amplia gama de actividades que satisfacen tanto a viajeros aventureros como a aquellos que prefieren experiencias m\u00e1s relajadas.<\/p>\n<h3>Innovaci\u00f3n y Cultura a la Vista<\/h3>\n<p>Medell\u00edn es conocida por su cultura rica y diversa. Desde la famosa Fiesta de las Flores hasta su ascenso en la escena internacional con eventos como el Festival Internacional de Tango, la ciudad ofrece un sinf\u00edn de oportunidades para sumergirse en su legado cultural. Adem\u00e1s, su arte urbano, presente en cada rinc\u00f3n, cuenta una historia de resiliencia y creatividad que no deja a nadie indiferente.<\/p>\n<p>La gastronom\u00eda es otro pilar fundamental en la atracci\u00f3n de turistas. Los viajeros pueden deleitarse con una variedad de sabores que van desde platos tradicionales hasta propuestas vanguardistas en cocinas contempor\u00e1neas. Los tours gastron\u00f3micos est\u00e1n en auge, permitiendo a los visitantes explorar los mercados locales y probar delicias que reflejan la esencia de la regi\u00f3n.<\/p>\n<h3>Una Ciudad de Oportunidades<\/h3>\n<p>Uno de los aspectos m\u00e1s destacables de Medell\u00edn es su accesibilidad. La ciudad ha mejorado significativamente en infraestructura de transporte, lo que facilita la llegada y movilidad de los turistas. El sistema de transporte p\u00fablico, incluyendo el famoso Metrocable que conecta las laderas de la ciudad, ofrece vistas espectaculares y un f\u00e1cil acceso a sus principales atracciones.<\/p>\n<p>Las empresas locales han apostado por la sostenibilidad y la experiencia del cliente, ofreciendo servicios que garantizan una atenci\u00f3n personalizada y una inmersi\u00f3n completa en la cultura local. Esto ha permitido que los viajeros no solo visiten la ciudad, sino que tambi\u00e9n se sientan parte de ella, creando memorias duraderas.<\/p>\n<h3>Un Futuro Brillante<\/h3>\n<p>El futuro del turismo en Medell\u00edn pinta prometedor. Las estad\u00edsticas indican un aumento constante en la llegada de turistas, lo que se traduce en un impulso significativo para la econom\u00eda local. La ciudad ha demostrado ser flexible y adaptativa, atrayendo a una diversa gama de visitantes, desde turistas internacionales hasta aquellos que buscan escapadas cortas y enriquecedoras.<\/p>\n<p>La combinaci\u00f3n de innovaci\u00f3n, cultura y un firme compromiso con la sostenibilidad posiciona a Medell\u00edn como un destino de primer nivel en el mapa tur\u00edstico global. As\u00ed, al visitar esta fascinante ciudad, los viajeros no solo descubren un lugar lleno de historia, sino que tambi\u00e9n forman parte de un emocionante cap\u00edtulo en su evoluci\u00f3n contempor\u00e1nea.<\/p>\n<p>Medell\u00edn es, sin duda, un lugar que invita a volver, a explorar m\u00e1s y a vivir una experiencia que trasciende el simple acto de viajar. \u00a1Pronto podr\u00e1s ser parte de esta historia en constante desarrollo!<\/p>\n<p><em> &#8221; Sources www.medellin.gov.co &#8221; <\/em><\/p>\n","protected":false},"excerpt":{"rendered":"<p>Medell\u00edn: Un Destino Tur\u00edstico en Auge Medell\u00edn, la vibrante capital del departamento de Antioquia, se ha transformado en un destino tur\u00edstico competitivo que atrae a visitantes de todo el mundo. En los \u00faltimos a\u00f1os, la ciudad ha experimentado un significativo crecimiento en su oferta tur\u00edstica, consolid\u00e1ndose como un epicentro cultural, innovador y accesible. Una de [&hellip;]<\/p>\n","protected":false},"author":4,"featured_media":1095710,"comment_status":"open","ping_status":"closed","sticky":false,"template":"","format":"standard","meta":{"om_disable_all_campaigns":false,"jnews-multi-image_gallery":[],"jnews_single_post":[],"jnews_primary_category":[],"jnews_social_meta":[],"footnotes":""},"categories":[40],"tags":[37895,771,662,989,634,743,4146,2948,5557,4020,27188,600,544],"class_list":["post-1095709","post","type-post","status-publish","format-standard","has-post-thumbnail","hentry","category-industria","tag-atracciones-turisticas","tag-colombia","tag-cultura","tag-desarrollo-economico","tag-empresas","tag-gastronomia","tag-hospedaje","tag-industria-de-viajes","tag-medellin","tag-sector-turistico","tag-servicios-turisticos","tag-sostenibilidad","tag-turismo"],"_links":{"self":[{"href":"https:\/\/dimensionturistica.com\/es\/wp-json\/wp\/v2\/posts\/1095709","targetHints":{"allow":["GET"]}}],"collection":[{"href":"https:\/\/dimensionturistica.com\/es\/wp-json\/wp\/v2\/posts"}],"about":[{"href":"https:\/\/dimensionturistica.com\/es\/wp-json\/wp\/v2\/types\/post"}],"author":[{"embeddable":true,"href":"https:\/\/dimensionturistica.com\/es\/wp-json\/wp\/v2\/users\/4"}],"replies":[{"embeddable":true,"href":"https:\/\/dimensionturistica.com\/es\/wp-json\/wp\/v2\/comments?post=1095709"}],"version-history":[{"count":1,"href":"https:\/\/dimensionturistica.com\/es\/wp-json\/wp\/v2\/posts\/1095709\/revisions"}],"predecessor-version":[{"id":1095711,"href":"https:\/\/dimensionturistica.com\/es\/wp-json\/wp\/v2\/posts\/1095709\/revisions\/1095711"}],"wp:featuredmedia":[{"embeddable":true,"href":"https:\/\/dimensionturistica.com\/es\/wp-json\/wp\/v2\/media\/1095710"}],"wp:attachment":[{"href":"https:\/\/dimensionturistica.com\/es\/wp-json\/wp\/v2\/media?parent=1095709"}],"wp:term":[{"taxonomy":"category","embeddable":true,"href":"https:\/\/dimensionturistica.com\/es\/wp-json\/wp\/v2\/categories?post=1095709"},{"taxonomy":"post_tag","embeddable":true,"href":"https:\/\/dimensionturistica.com\/es\/wp-json\/wp\/v2\/tags?post=1095709"}],"curies":[{"name":"wp","href":"https:\/\/api.w.org\/{rel}","templated":true}]}}