{"id":1095699,"date":"2026-01-10T20:12:58","date_gmt":"2026-01-10T20:12:58","guid":{"rendered":"https:\/\/dimensionturistica.com\/es\/?p=1095699"},"modified":"2026-01-10T20:12:58","modified_gmt":"2026-01-10T20:12:58","slug":"el-triatlon-asdeporte-manzanillo-2026-llegara-a-colima-en-febrero","status":"publish","type":"post","link":"https:\/\/dimensionturistica.com\/es\/el-triatlon-asdeporte-manzanillo-2026-llegara-a-colima-en-febrero\/","title":{"rendered":"El Triatl\u00f3n Asdeporte Manzanillo 2026 llegar\u00e1 a Colima en febrero"},"content":{"rendered":"\n<figure class=\"wp-block-gallery has-nested-images columns-default is-cropped wp-block-gallery-1 is-layout-flex wp-block-gallery-is-layout-flex\">\n<figure class=\"wp-block-image size-large\"><img decoding=\"async\" width=\"452\" height=\"137\" data-id=\"1095700\" src=\"https:\/\/dimensionturistica.com\/es\/wp-content\/uploads\/2026\/01\/1COLIMA-1.jpg\" alt=\"\" class=\"wp-image-1095700\" srcset=\"https:\/\/dimensionturistica.com\/es\/wp-content\/uploads\/2026\/01\/1COLIMA-1.jpg 452w, https:\/\/dimensionturistica.com\/es\/wp-content\/uploads\/2026\/01\/1COLIMA-1-300x91.jpg 300w\" sizes=\"(max-width: 452px) 100vw, 452px\" \/><\/figure>\n<\/figure>\n\n\n\n<p>Manzanillo, en la costa del estado de Colima, es uno de los principales destinos de playa del Pac\u00edfico mexicano y un punto estrat\u00e9gico para el turismo y el deporte. Su combinaci\u00f3n de mar abierto, infraestructura tur\u00edstica y conectividad lo convierten en un sitio ideal para albergar competencias de alto nivel, como el Triatl\u00f3n Asdeporte Manzanillo 2026 que se llevar\u00e1 a cabo el s\u00e1bado 21 de febrero.<\/p>\n\n\n\n<figure class=\"wp-block-gallery has-nested-images columns-default is-cropped wp-block-gallery-2 is-layout-flex wp-block-gallery-is-layout-flex\">\n<figure class=\"wp-block-image size-large\"><img decoding=\"async\" width=\"500\" height=\"411\" data-id=\"1095701\" src=\"https:\/\/dimensionturistica.com\/es\/wp-content\/uploads\/2026\/01\/2COLIMA.jpg\" alt=\"\" class=\"wp-image-1095701\" srcset=\"https:\/\/dimensionturistica.com\/es\/wp-content\/uploads\/2026\/01\/2COLIMA.jpg 500w, https:\/\/dimensionturistica.com\/es\/wp-content\/uploads\/2026\/01\/2COLIMA-300x247.jpg 300w\" sizes=\"(max-width: 500px) 100vw, 500px\" \/><\/figure>\n<\/figure>\n\n\n\n<p>El evento apoyado por la Subsecretar\u00eda de Turismo del gobierno de Colima tendr\u00e1 una zona de transici\u00f3n ubicada en Los Arcos de Playa Miramar. El arranque de las pruebas est\u00e1 programado a partir de las 6:20 de la ma\u00f1ana. La competencia contempla distintas modalidades y distancias, pensadas para atletas de diferentes edades y niveles: categor\u00edas Junior de 14 a 15 a\u00f1os, S\u00faper Sprint (solo varonil) y WomanUp (solo femenil) con recorridos de 400 metros de nataci\u00f3n, 10 kil\u00f3metros de ciclismo y 2.5 kil\u00f3metros de carrera; <\/p>\n\n\n\n<figure class=\"wp-block-gallery has-nested-images columns-default is-cropped wp-block-gallery-3 is-layout-flex wp-block-gallery-is-layout-flex\">\n<figure class=\"wp-block-image size-large\"><img decoding=\"async\" width=\"500\" height=\"333\" data-id=\"1095702\" src=\"https:\/\/dimensionturistica.com\/es\/wp-content\/uploads\/2026\/01\/7COLIMA-1.jpg\" alt=\"\" class=\"wp-image-1095702\" srcset=\"https:\/\/dimensionturistica.com\/es\/wp-content\/uploads\/2026\/01\/7COLIMA-1.jpg 500w, https:\/\/dimensionturistica.com\/es\/wp-content\/uploads\/2026\/01\/7COLIMA-1-300x200.jpg 300w\" sizes=\"(max-width: 500px) 100vw, 500px\" \/><\/figure>\n<\/figure>\n\n\n\n<p>Triatl\u00f3n Sprint, en modalidad individual y relevos, con 750 metros de nataci\u00f3n, 20 kil\u00f3metros de ciclismo y 5 kil\u00f3metros de carrera; Triatl\u00f3n Ol\u00edmpico, tambi\u00e9n individual y por relevos, con distancias de 1,500 metros de nataci\u00f3n, 40 kil\u00f3metros de ciclismo y 10 kil\u00f3metros de carrera. Adem\u00e1s, se incluye el Duatl\u00f3n Sprint, con un formato de carrera\u2013ciclismo\u2013carrera, y la modalidad Mixed Relay, en la que equipos mixtos de cuatro triatletas participan por turnos en un esquema de minitriatlones.<\/p>\n\n\n\n<figure class=\"wp-block-gallery has-nested-images columns-default is-cropped wp-block-gallery-4 is-layout-flex wp-block-gallery-is-layout-flex\">\n<figure class=\"wp-block-image size-large\"><img decoding=\"async\" width=\"500\" height=\"375\" data-id=\"1095703\" src=\"https:\/\/dimensionturistica.com\/es\/wp-content\/uploads\/2026\/01\/3COLIMA.jpg\" alt=\"\" class=\"wp-image-1095703\" srcset=\"https:\/\/dimensionturistica.com\/es\/wp-content\/uploads\/2026\/01\/3COLIMA.jpg 500w, https:\/\/dimensionturistica.com\/es\/wp-content\/uploads\/2026\/01\/3COLIMA-300x225.jpg 300w\" sizes=\"(max-width: 500px) 100vw, 500px\" \/><\/figure>\n<\/figure>\n\n\n\n<p>La ceremonia de premiaci\u00f3n se realizar\u00e1 el mismo s\u00e1bado al t\u00e9rmino de la competencia, en la zona de meta. Se reconocer\u00e1 a los tres primeros lugares de cada categor\u00eda por edad, en ramas femenil y varonil. La categor\u00eda WomanUp tiene car\u00e1cter recreativo, por lo que todas las participantes que concluyan la prueba ser\u00e1n reconocidas con su medalla de finalista. En el caso del Mixed Relay, el equipo ganador ser\u00e1 aquel que registre el menor tiempo del tercer integrante en cruzar la l\u00ednea de meta, criterio que define el resultado final.<\/p>\n\n\n\n<p>El costo de inscripci\u00f3n contempla dos esquemas. El precio regular es desde $1,095.00 pesos mexicanos, mientras que el precio plus est\u00e1 disponible desde $986.00 pesos mexicanos.<\/p>\n\n\n\n<p>M\u00e1s all\u00e1 del evento, Manzanillo ofrece un entorno que enriquece la experiencia de atletas, acompa\u00f1antes y asistentes. El destino es conocido por sus playas paradisiacas, zonas de aguas claras y paisajes naturales. A lo largo de la bah\u00eda se concentran hoteles y complejos tur\u00edsticos de diversos estilos para satisfacer todos los gustos, y varios de ellos adem\u00e1s cuentan con acceso directo al mar.<\/p>\n\n\n\n<figure class=\"wp-block-gallery has-nested-images columns-default is-cropped wp-block-gallery-5 is-layout-flex wp-block-gallery-is-layout-flex\">\n<figure class=\"wp-block-image size-large\"><img decoding=\"async\" width=\"500\" height=\"333\" data-id=\"1095705\" src=\"https:\/\/dimensionturistica.com\/es\/wp-content\/uploads\/2026\/01\/6COLIMA.jpg\" alt=\"\" class=\"wp-image-1095705\" srcset=\"https:\/\/dimensionturistica.com\/es\/wp-content\/uploads\/2026\/01\/6COLIMA.jpg 500w, https:\/\/dimensionturistica.com\/es\/wp-content\/uploads\/2026\/01\/6COLIMA-300x200.jpg 300w\" sizes=\"(max-width: 500px) 100vw, 500px\" \/><\/figure>\n<\/figure>\n\n\n\n<p>Manzanillo tambi\u00e9n es el puerto comercial m\u00e1s importante de M\u00e9xico y un destacado puerto de escala para cruceros, lo que le imprime una din\u00e1mica particular entre actividad mar\u00edtima, servicios tur\u00edsticos y vida cotidiana. Su centro hist\u00f3rico re\u00fane restaurantes especializados en cocina colimense, bares y cafeter\u00edas, sin perder la esencia de ser una ciudad costera tranquila.<\/p>\n\n\n\n<p>Este tipo de iniciativas apoyadas por la Subsecretar\u00eda de Turismo del gobierno del estado, refuerzan el posicionamiento de Colima como un destino relevante para el turismo deportivo, un segmento que impulsa la econom\u00eda local y promueve experiencias que combinan actividad f\u00edsica, convivencia y disfrute del entorno. La geograf\u00eda, el clima y la infraestructura del estado permiten que eventos como este se desarrollen en condiciones \u00f3ptimas.<\/p>\n\n\n\n<figure class=\"wp-block-gallery has-nested-images columns-default is-cropped wp-block-gallery-6 is-layout-flex wp-block-gallery-is-layout-flex\">\n<figure class=\"wp-block-image size-large\"><img decoding=\"async\" width=\"500\" height=\"333\" data-id=\"1095704\" src=\"https:\/\/dimensionturistica.com\/es\/wp-content\/uploads\/2026\/01\/5COLIMA.jpg\" alt=\"\" class=\"wp-image-1095704\" srcset=\"https:\/\/dimensionturistica.com\/es\/wp-content\/uploads\/2026\/01\/5COLIMA.jpg 500w, https:\/\/dimensionturistica.com\/es\/wp-content\/uploads\/2026\/01\/5COLIMA-300x200.jpg 300w\" sizes=\"(max-width: 500px) 100vw, 500px\" \/><\/figure>\n<\/figure>\n\n\n\n<p>Finalmente, es importante tomar en cuenta la preparaci\u00f3n y el cuidado de la salud de los participantes. Se recomienda realizar un chequeo m\u00e9dico deportivo previo, seguir planes de entrenamiento progresivos y mantener una adecuada hidrataci\u00f3n, nutrici\u00f3n y descanso. La prevenci\u00f3n y la escucha del cuerpo son claves para vivir la competencia de forma segura y disfrutar plenamente del proceso deportivo.<\/p>\n","protected":false},"excerpt":{"rendered":"<p>Manzanillo, en la costa del estado de Colima, es uno de los principales destinos de playa del Pac\u00edfico mexicano y un punto estrat\u00e9gico para el turismo y el deporte. Su combinaci\u00f3n de mar abierto, infraestructura tur\u00edstica y conectividad lo convierten en un sitio ideal para albergar competencias de alto nivel, como el Triatl\u00f3n Asdeporte Manzanillo [&hellip;]<\/p>\n","protected":false},"author":1,"featured_media":0,"comment_status":"open","ping_status":"closed","sticky":false,"template":"","format":"standard","meta":{"om_disable_all_campaigns":false,"jnews-multi-image_gallery":[],"jnews_single_post":{"format":"standard"},"jnews_primary_category":[],"jnews_social_meta":[],"footnotes":""},"categories":[39],"tags":[],"class_list":["post-1095699","post","type-post","status-publish","format-standard","hentry","category-viajes"],"_links":{"self":[{"href":"https:\/\/dimensionturistica.com\/es\/wp-json\/wp\/v2\/posts\/1095699","targetHints":{"allow":["GET"]}}],"collection":[{"href":"https:\/\/dimensionturistica.com\/es\/wp-json\/wp\/v2\/posts"}],"about":[{"href":"https:\/\/dimensionturistica.com\/es\/wp-json\/wp\/v2\/types\/post"}],"author":[{"embeddable":true,"href":"https:\/\/dimensionturistica.com\/es\/wp-json\/wp\/v2\/users\/1"}],"replies":[{"embeddable":true,"href":"https:\/\/dimensionturistica.com\/es\/wp-json\/wp\/v2\/comments?post=1095699"}],"version-history":[{"count":1,"href":"https:\/\/dimensionturistica.com\/es\/wp-json\/wp\/v2\/posts\/1095699\/revisions"}],"predecessor-version":[{"id":1095706,"href":"https:\/\/dimensionturistica.com\/es\/wp-json\/wp\/v2\/posts\/1095699\/revisions\/1095706"}],"wp:attachment":[{"href":"https:\/\/dimensionturistica.com\/es\/wp-json\/wp\/v2\/media?parent=1095699"}],"wp:term":[{"taxonomy":"category","embeddable":true,"href":"https:\/\/dimensionturistica.com\/es\/wp-json\/wp\/v2\/categories?post=1095699"},{"taxonomy":"post_tag","embeddable":true,"href":"https:\/\/dimensionturistica.com\/es\/wp-json\/wp\/v2\/tags?post=1095699"}],"curies":[{"name":"wp","href":"https:\/\/api.w.org\/{rel}","templated":true}]}}