{"id":1095676,"date":"2026-01-10T19:13:32","date_gmt":"2026-01-10T19:13:32","guid":{"rendered":"https:\/\/dimensionturistica.com\/es\/?p=1095676"},"modified":"2026-01-10T19:13:32","modified_gmt":"2026-01-10T19:13:32","slug":"sectur-impulsa-el-fortalecimiento-turistico-de-uruapan-en-coordinacion-con-gobierno-de-michoacan-y-empresarios","status":"publish","type":"post","link":"https:\/\/dimensionturistica.com\/es\/sectur-impulsa-el-fortalecimiento-turistico-de-uruapan-en-coordinacion-con-gobierno-de-michoacan-y-empresarios\/","title":{"rendered":"Sectur impulsa el fortalecimiento tur\u00edstico de Uruapan en coordinaci\u00f3n con gobierno de Michoac\u00e1n y empresarios"},"content":{"rendered":"\n<figure class=\"wp-block-gallery has-nested-images columns-default is-cropped wp-block-gallery-1 is-layout-flex wp-block-gallery-is-layout-flex\">\n<figure class=\"wp-block-image size-large\"><img decoding=\"async\" width=\"500\" height=\"81\" data-id=\"1095661\" src=\"https:\/\/dimensionturistica.com\/es\/wp-content\/uploads\/2026\/01\/7PUNTO.jpg\" alt=\"\" class=\"wp-image-1095661\" srcset=\"https:\/\/dimensionturistica.com\/es\/wp-content\/uploads\/2026\/01\/7PUNTO.jpg 500w, https:\/\/dimensionturistica.com\/es\/wp-content\/uploads\/2026\/01\/7PUNTO-300x49.jpg 300w\" sizes=\"(max-width: 500px) 100vw, 500px\" \/><\/figure>\n<\/figure>\n\n\n\n<p>En el marco del Plan Michoac\u00e1n por la Paz y la Justicia, impulsado por la Presidenta de M\u00e9xico, Claudia Sheinbaum Pardo, la secretaria de Turismo del Gobierno de M\u00e9xico, Josefina Rodr\u00edguez Zamora, realiz\u00f3 una gira de trabajo por el municipio de Uruapan, Michoac\u00e1n, acompa\u00f1ada de la presidenta municipal, Grecia Quiroz Garc\u00eda.<\/p>\n\n\n\n<p>La titular de la Secretar\u00eda de Turismo (Sectur) sostuvo una reuni\u00f3n de trabajo con el sector empresarial de la regi\u00f3n, con el objetivo de alinear esfuerzos para acelerar la recuperaci\u00f3n econ\u00f3mica del municipio mediante infraestructura estrat\u00e9gica, la realizaci\u00f3n de eventos de alto impacto, el impulso al turismo comunitario y el fortalecimiento de la oferta gastron\u00f3mica, a la que asisti\u00f3 el secretario de Turismo del Estado de Michoac\u00e1n, Roberto Monroy Garc\u00eda.<\/p>\n\n\n\n<figure class=\"wp-block-gallery has-nested-images columns-default is-cropped wp-block-gallery-2 is-layout-flex wp-block-gallery-is-layout-flex\">\n<figure class=\"wp-block-image size-large\"><img decoding=\"async\" width=\"500\" height=\"333\" data-id=\"1095680\" src=\"https:\/\/dimensionturistica.com\/es\/wp-content\/uploads\/2026\/01\/1MICH-2.jpg\" alt=\"\" class=\"wp-image-1095680\" srcset=\"https:\/\/dimensionturistica.com\/es\/wp-content\/uploads\/2026\/01\/1MICH-2.jpg 500w, https:\/\/dimensionturistica.com\/es\/wp-content\/uploads\/2026\/01\/1MICH-2-300x200.jpg 300w\" sizes=\"(max-width: 500px) 100vw, 500px\" \/><\/figure>\n<\/figure>\n\n\n\n<p>\u201cCuenten conmigo como aliada. Yo voy a estar viniendo, acompa\u00f1ando y asegur\u00e1ndome de que estas acciones sucedan. Uruapan tiene riqueza cultural, natural y productiva; vamos a hacer que se conozca\u201d, manifest\u00f3.<\/p>\n\n\n\n<p>En este tenor, resalt\u00f3 que, para activar la cadena de valor tur\u00edstico, se llevar\u00e1n a cabo dos eventos deportivos nacionales de alto impacto, con al menos 800 participantes inscritos en cada uno, adem\u00e1s de sus acompa\u00f1antes.<\/p>\n\n\n\n<p>\u201cNuestro objetivo es lograr ocupaciones hoteleras del 90 por ciento en cada evento, lo que se traduce en una derrama econ\u00f3mica directa para hoteles, restaurantes, comercios y prestadores de servicios tur\u00edsticos. Esto significa restaurantes llenos, mayor venta de artesan\u00edas, incremento en el consumo local y, sobre todo, m\u00e1s bienestar y oportunidades para las familias\u201d, se\u00f1al\u00f3.<\/p>\n\n\n\n<figure class=\"wp-block-gallery has-nested-images columns-default is-cropped wp-block-gallery-3 is-layout-flex wp-block-gallery-is-layout-flex\"><\/figure>\n\n\n\n<figure class=\"wp-block-gallery has-nested-images columns-default is-cropped wp-block-gallery-4 is-layout-flex wp-block-gallery-is-layout-flex\">\n<figure class=\"wp-block-image size-large\"><img decoding=\"async\" width=\"500\" height=\"333\" data-id=\"1095681\" src=\"https:\/\/dimensionturistica.com\/es\/wp-content\/uploads\/2026\/01\/5MICH-2.jpg\" alt=\"\" class=\"wp-image-1095681\" srcset=\"https:\/\/dimensionturistica.com\/es\/wp-content\/uploads\/2026\/01\/5MICH-2.jpg 500w, https:\/\/dimensionturistica.com\/es\/wp-content\/uploads\/2026\/01\/5MICH-2-300x200.jpg 300w\" sizes=\"(max-width: 500px) 100vw, 500px\" \/><\/figure>\n<\/figure>\n\n\n\n<p>Asimismo, anunci\u00f3 que Uruapan ser\u00e1 parte del programa de Experiencias Tur\u00edsticas Comunitarias, cuyos proyectos recibir\u00e1n equipamiento, acompa\u00f1amiento t\u00e9cnico y promoci\u00f3n. \u201cLas experiencias comunitarias no se van a quedar en un cat\u00e1logo: vamos a destinar recursos para que crezcan y generen ingresos reales\u201d, asegur\u00f3.<\/p>\n\n\n\n<p>Por otra parte, detall\u00f3 que artesanos y cocineras tradicionales de Uruapan participar\u00e1n en 17 ferias nacionales e internacionales a lo largo del a\u00f1o. Adem\u00e1s, se abrir\u00e1n espacios de venta durante eventos del Mundial 2026, incluyendo el Campo Marte, en la Ciudad de M\u00e9xico, sin costo para los productores, y se impulsar\u00e1 la comercializaci\u00f3n en mercados donde Michoac\u00e1n tiene una importante presencia tur\u00edstica, como Estados Unidos y Canad\u00e1, acompa\u00f1ando las gestiones para la revisi\u00f3n de alertas de viaje.<\/p>\n\n\n\n<figure class=\"wp-block-gallery has-nested-images columns-default is-cropped wp-block-gallery-5 is-layout-flex wp-block-gallery-is-layout-flex\">\n<figure class=\"wp-block-image size-large\"><img decoding=\"async\" width=\"500\" height=\"333\" data-id=\"1095682\" src=\"https:\/\/dimensionturistica.com\/es\/wp-content\/uploads\/2026\/01\/2MICH-1.jpg\" alt=\"\" class=\"wp-image-1095682\" srcset=\"https:\/\/dimensionturistica.com\/es\/wp-content\/uploads\/2026\/01\/2MICH-1.jpg 500w, https:\/\/dimensionturistica.com\/es\/wp-content\/uploads\/2026\/01\/2MICH-1-300x200.jpg 300w\" sizes=\"(max-width: 500px) 100vw, 500px\" \/><\/figure>\n<\/figure>\n\n\n\n<p>Record\u00f3 que, de manera complementaria, se impulsa una inversi\u00f3n de 300 millones de pesos orientada a cuatro ejes estrat\u00e9gicos: la campa\u00f1a nacional Michoac\u00e1n se Vive; la pr\u00f3xima campa\u00f1a internacional; el desarrollo de una gu\u00eda de experiencias comunitarias, y el fortalecimiento de la infraestructura tur\u00edstica, adem\u00e1s de la realizaci\u00f3n de foros regionales en las siete regiones tur\u00edsticas del estado.<\/p>\n\n\n\n<figure class=\"wp-block-gallery has-nested-images columns-default is-cropped wp-block-gallery-6 is-layout-flex wp-block-gallery-is-layout-flex\">\n<figure class=\"wp-block-image size-large\"><img decoding=\"async\" width=\"500\" height=\"362\" data-id=\"1095683\" src=\"https:\/\/dimensionturistica.com\/es\/wp-content\/uploads\/2026\/01\/3MICH-2.jpg\" alt=\"\" class=\"wp-image-1095683\" srcset=\"https:\/\/dimensionturistica.com\/es\/wp-content\/uploads\/2026\/01\/3MICH-2.jpg 500w, https:\/\/dimensionturistica.com\/es\/wp-content\/uploads\/2026\/01\/3MICH-2-300x217.jpg 300w, https:\/\/dimensionturistica.com\/es\/wp-content\/uploads\/2026\/01\/3MICH-2-120x86.jpg 120w\" sizes=\"(max-width: 500px) 100vw, 500px\" \/><\/figure>\n<\/figure>\n\n\n\n<p>Asimismo, inform\u00f3 que el PIB tur\u00edstico del estado representa el 9.7 por ciento de todo el PIB de Michoac\u00e1n y aporta el 3.1 por ciento del PIB tur\u00edstico nacional, lo que confirma que esta actividad es un pilar del desarrollo econ\u00f3mico.<\/p>\n\n\n\n<p>Tambi\u00e9n destac\u00f3 las cifras de 2025, a\u00f1o en el que el estado registr\u00f3 una afluencia total de 10 millones 635 mil 487 turistas y visitantes, lo que refleja el fortalecimiento sostenido de su actividad tur\u00edstica. En el mismo periodo, el Aeropuerto Internacional de Morelia alcanz\u00f3 un total de 1 mill\u00f3n 506 mil pasajeros, la cifra m\u00e1s alta de la que se tiene registro, lo que representa un crecimiento del 15.4 por ciento respecto a 2024.<\/p>\n\n\n\n<figure class=\"wp-block-gallery has-nested-images columns-default is-cropped wp-block-gallery-7 is-layout-flex wp-block-gallery-is-layout-flex\">\n<figure class=\"wp-block-image size-large\"><img decoding=\"async\" width=\"500\" height=\"333\" data-id=\"1095684\" src=\"https:\/\/dimensionturistica.com\/es\/wp-content\/uploads\/2026\/01\/7MICH-2.jpg\" alt=\"\" class=\"wp-image-1095684\" srcset=\"https:\/\/dimensionturistica.com\/es\/wp-content\/uploads\/2026\/01\/7MICH-2.jpg 500w, https:\/\/dimensionturistica.com\/es\/wp-content\/uploads\/2026\/01\/7MICH-2-300x200.jpg 300w\" sizes=\"(max-width: 500px) 100vw, 500px\" \/><\/figure>\n<\/figure>\n\n\n\n<p>Asimismo, la derrama econ\u00f3mica ascendi\u00f3 a 15 mil 230 millones de pesos, tambi\u00e9n el mayor monto hist\u00f3rico. A estos resultados se suma el desempe\u00f1o de la herramienta virtual Tata Pancho, que registr\u00f3 2 mil 742 consultas durante el mes de diciembre de 2025, consolid\u00e1ndose como un apoyo relevante para la promoci\u00f3n y orientaci\u00f3n tur\u00edstica del estado.<\/p>\n\n\n\n<p>Como parte de su gira de trabajo, la secretaria visit\u00f3 el Parque Nacional Barranca del Cupatitzio, un espacio emblem\u00e1tico del municipio. El parque constituye un referente nacional en conservaci\u00f3n ambiental, turismo de naturaleza y aprovechamiento responsable del patrimonio h\u00eddrico.<\/p>\n\n\n\n<figure class=\"wp-block-gallery has-nested-images columns-default is-cropped wp-block-gallery-8 is-layout-flex wp-block-gallery-is-layout-flex\">\n<figure class=\"wp-block-image size-large\"><img decoding=\"async\" width=\"500\" height=\"333\" data-id=\"1095685\" src=\"https:\/\/dimensionturistica.com\/es\/wp-content\/uploads\/2026\/01\/4MICH-1.jpg\" alt=\"\" class=\"wp-image-1095685\" srcset=\"https:\/\/dimensionturistica.com\/es\/wp-content\/uploads\/2026\/01\/4MICH-1.jpg 500w, https:\/\/dimensionturistica.com\/es\/wp-content\/uploads\/2026\/01\/4MICH-1-300x200.jpg 300w\" sizes=\"(max-width: 500px) 100vw, 500px\" \/><\/figure>\n<\/figure>\n\n\n\n<p>Durante la gira estuvieron presentes el secretario de Gobierno de Michoac\u00e1n, Ra\u00fal Zepeda Villase\u00f1or; el director de Turismo de Uruapan, Emilio Herrera Cuadra; as\u00ed como representantes de c\u00e1maras y organizaciones de los sectores hotelero, restaurantero y tur\u00edstico del estado, entre otros.<\/p>\n","protected":false},"excerpt":{"rendered":"<p>En el marco del Plan Michoac\u00e1n por la Paz y la Justicia, impulsado por la Presidenta de M\u00e9xico, Claudia Sheinbaum Pardo, la secretaria de Turismo del Gobierno de M\u00e9xico, Josefina Rodr\u00edguez Zamora, realiz\u00f3 una gira de trabajo por el municipio de Uruapan, Michoac\u00e1n, acompa\u00f1ada de la presidenta municipal, Grecia Quiroz Garc\u00eda. La titular de la [&hellip;]<\/p>\n","protected":false},"author":1,"featured_media":0,"comment_status":"open","ping_status":"closed","sticky":false,"template":"","format":"standard","meta":{"om_disable_all_campaigns":false,"jnews-multi-image_gallery":[],"jnews_single_post":[],"jnews_primary_category":[],"jnews_social_meta":[],"footnotes":""},"categories":[39],"tags":[],"class_list":["post-1095676","post","type-post","status-publish","format-standard","hentry","category-viajes"],"_links":{"self":[{"href":"https:\/\/dimensionturistica.com\/es\/wp-json\/wp\/v2\/posts\/1095676","targetHints":{"allow":["GET"]}}],"collection":[{"href":"https:\/\/dimensionturistica.com\/es\/wp-json\/wp\/v2\/posts"}],"about":[{"href":"https:\/\/dimensionturistica.com\/es\/wp-json\/wp\/v2\/types\/post"}],"author":[{"embeddable":true,"href":"https:\/\/dimensionturistica.com\/es\/wp-json\/wp\/v2\/users\/1"}],"replies":[{"embeddable":true,"href":"https:\/\/dimensionturistica.com\/es\/wp-json\/wp\/v2\/comments?post=1095676"}],"version-history":[{"count":1,"href":"https:\/\/dimensionturistica.com\/es\/wp-json\/wp\/v2\/posts\/1095676\/revisions"}],"predecessor-version":[{"id":1095687,"href":"https:\/\/dimensionturistica.com\/es\/wp-json\/wp\/v2\/posts\/1095676\/revisions\/1095687"}],"wp:attachment":[{"href":"https:\/\/dimensionturistica.com\/es\/wp-json\/wp\/v2\/media?parent=1095676"}],"wp:term":[{"taxonomy":"category","embeddable":true,"href":"https:\/\/dimensionturistica.com\/es\/wp-json\/wp\/v2\/categories?post=1095676"},{"taxonomy":"post_tag","embeddable":true,"href":"https:\/\/dimensionturistica.com\/es\/wp-json\/wp\/v2\/tags?post=1095676"}],"curies":[{"name":"wp","href":"https:\/\/api.w.org\/{rel}","templated":true}]}}