{"id":1095657,"date":"2026-01-10T18:32:51","date_gmt":"2026-01-10T18:32:51","guid":{"rendered":"https:\/\/dimensionturistica.com\/es\/?p=1095657"},"modified":"2026-01-10T18:32:51","modified_gmt":"2026-01-10T18:32:51","slug":"se-inaugura-la-muestra-artesanal-manos-de-la-ciudad-alebrijes-y-artesania-viva-en-punto-mexico","status":"publish","type":"post","link":"https:\/\/dimensionturistica.com\/es\/se-inaugura-la-muestra-artesanal-manos-de-la-ciudad-alebrijes-y-artesania-viva-en-punto-mexico\/","title":{"rendered":"Se Inaugura la muestra artesanal \u201cManos de la Ciudad: alebrijes y artesan\u00eda viva\u201d en Punto M\u00e9xico"},"content":{"rendered":"\n<figure class=\"wp-block-gallery has-nested-images columns-default is-cropped wp-block-gallery-1 is-layout-flex wp-block-gallery-is-layout-flex\">\n<figure class=\"wp-block-image size-large\"><img decoding=\"async\" width=\"500\" height=\"81\" data-id=\"1095661\" src=\"https:\/\/dimensionturistica.com\/es\/wp-content\/uploads\/2026\/01\/7PUNTO.jpg\" alt=\"\" class=\"wp-image-1095661\" srcset=\"https:\/\/dimensionturistica.com\/es\/wp-content\/uploads\/2026\/01\/7PUNTO.jpg 500w, https:\/\/dimensionturistica.com\/es\/wp-content\/uploads\/2026\/01\/7PUNTO-300x49.jpg 300w\" sizes=\"(max-width: 500px) 100vw, 500px\" \/><\/figure>\n<\/figure>\n\n\n\n<p>En representaci\u00f3n de la secretaria de Turismo del Gobierno de M\u00e9xico, Josefina Rodr\u00edguez Zamora, la subsecretaria Nathalie Desplas Puel y la secretaria de Turismo de la Ciudad de M\u00e9xico, Alejandra Frausto Guerrero, inauguraron la exposici\u00f3n \u201cManos de la ciudad: alebrijes y artesan\u00eda viva de la Ciudad de M\u00e9xico\u201d.<\/p>\n\n\n\n<p>Esta muestra artesanal, en la que las y los visitantes tambi\u00e9n podr\u00e1n disfrutar de gastronom\u00eda, expresiones de cultura viva e informaci\u00f3n tur\u00edstica, permanecer\u00e1 abierta del 8 al 28 de enero, de lunes a domingo, de 09:00 a 19:00 horas, en Punto M\u00e9xico, espacio destinado a difundir el patrimonio tur\u00edstico y cultural de las entidades federativas.<\/p>\n\n\n\n<p>Durante su intervenci\u00f3n, la subsecretaria Nathalie Desplas destac\u00f3 que esta exposici\u00f3n es un homenaje a la creatividad y al talento de maestras y maestros artesanos de la capital del pa\u00eds, cuya obra forma parte esencial de la identidad cultural mexicana.<\/p>\n\n\n\n<figure class=\"wp-block-gallery has-nested-images columns-default is-cropped wp-block-gallery-2 is-layout-flex wp-block-gallery-is-layout-flex\">\n<figure class=\"wp-block-image size-large\"><img decoding=\"async\" width=\"500\" height=\"333\" data-id=\"1095663\" src=\"https:\/\/dimensionturistica.com\/es\/wp-content\/uploads\/2026\/01\/1PUNTO.jpg\" alt=\"\" class=\"wp-image-1095663\" srcset=\"https:\/\/dimensionturistica.com\/es\/wp-content\/uploads\/2026\/01\/1PUNTO.jpg 500w, https:\/\/dimensionturistica.com\/es\/wp-content\/uploads\/2026\/01\/1PUNTO-300x200.jpg 300w\" sizes=\"(max-width: 500px) 100vw, 500px\" \/><\/figure>\n<\/figure>\n\n\n\n<p>\u201cHoy los recibimos con enorme gusto en Punto M\u00e9xico, un espacio cuyo prop\u00f3sito es ser una ventana hacia la Ciudad de M\u00e9xico y hacia el pa\u00eds, ofreciendo las condiciones para expresar la riqueza que nos define como naci\u00f3n\u201d, declar\u00f3.<\/p>\n\n\n\n<p>Subray\u00f3 que la exhibici\u00f3n representa una ventana a la riqueza cultural de la Ciudad de M\u00e9xico, al reunir piezas que reflejan tradiciones, conocimientos ancestrales y una profunda carga simb\u00f3lica. Enfatiz\u00f3 que cada obra es producto del trabajo manual, del amor por la artesan\u00eda y del compromiso por mantener viva una herencia cultural de alcance nacional.<\/p>\n\n\n\n<figure class=\"wp-block-gallery has-nested-images columns-default is-cropped wp-block-gallery-3 is-layout-flex wp-block-gallery-is-layout-flex\">\n<figure class=\"wp-block-image size-large\"><img decoding=\"async\" width=\"500\" height=\"333\" data-id=\"1095666\" src=\"https:\/\/dimensionturistica.com\/es\/wp-content\/uploads\/2026\/01\/2PUNTO.jpg\" alt=\"\" class=\"wp-image-1095666\" srcset=\"https:\/\/dimensionturistica.com\/es\/wp-content\/uploads\/2026\/01\/2PUNTO.jpg 500w, https:\/\/dimensionturistica.com\/es\/wp-content\/uploads\/2026\/01\/2PUNTO-300x200.jpg 300w\" sizes=\"(max-width: 500px) 100vw, 500px\" \/><\/figure>\n<\/figure>\n\n\n\n<p>\u201cLes damos la bienvenida a Punto M\u00e9xico, en nombre de la secretaria de Turismo Josefina Rodr\u00edguez Zamora, en un espacio que refleja la pol\u00edtica tur\u00edstica del Gobierno de M\u00e9xico, alineada con la visi\u00f3n humanista de la Presidenta Claudia Sheinbaum Pardo, donde la cultura, las comunidades y la Prosperidad Compartida son ejes del desarrollo, y el arte popular es reconocido como motor de identidad y bienestar\u201d, expres\u00f3.<\/p>\n\n\n\n<p>Asimismo, destac\u00f3 la participaci\u00f3n de artesanas y artesanos cartoneros y de la familia Linares, as\u00ed como el legado de Pedro Linares, creador de los alebrijes, que son reconocidos como Patrimonio Cultural Intangible de la Ciudad de M\u00e9xico, y refrend\u00f3 el compromiso de la Secretar\u00eda de Turismo de M\u00e9xico con la promoci\u00f3n del arte popular y el fortalecimiento del v\u00ednculo entre cultura y turismo.<\/p>\n\n\n\n<figure class=\"wp-block-gallery has-nested-images columns-default is-cropped wp-block-gallery-4 is-layout-flex wp-block-gallery-is-layout-flex\">\n<figure class=\"wp-block-image size-large\"><img decoding=\"async\" width=\"500\" height=\"750\" data-id=\"1095667\" src=\"https:\/\/dimensionturistica.com\/es\/wp-content\/uploads\/2026\/01\/4PUNTO.jpg\" alt=\"\" class=\"wp-image-1095667\" srcset=\"https:\/\/dimensionturistica.com\/es\/wp-content\/uploads\/2026\/01\/4PUNTO.jpg 500w, https:\/\/dimensionturistica.com\/es\/wp-content\/uploads\/2026\/01\/4PUNTO-200x300.jpg 200w\" sizes=\"(max-width: 500px) 100vw, 500px\" \/><\/figure>\n<\/figure>\n\n\n\n<p>Por su parte, la secretaria de Turismo de la Ciudad de M\u00e9xico, Alejandra Frausto Guerrero, agradeci\u00f3 la cercan\u00eda de la Secretar\u00eda de Turismo del Gobierno de M\u00e9xico para abrir espacios que permitan visibilizar la riqueza cultural de la capital del pa\u00eds, y extendi\u00f3 su agradecimiento a la Presidenta de M\u00e9xico, Claudia Sheinbaum Pardo, y a la secretaria Josefina Rodr\u00edguez Zamora, por impulsar pol\u00edticas que fortalecen la promoci\u00f3n tur\u00edstica y el reconocimiento de las identidades artesanales e ind\u00edgenas.<\/p>\n\n\n\n<p>Destac\u00f3 que 2025 fue un a\u00f1o sobresaliente para el turismo en la Ciudad de M\u00e9xico adem\u00e1s de subrayar la relevancia hist\u00f3rica de que la capital inaugure por tercera ocasi\u00f3n una Copa del Mundo de futbol como una oportunidad clave para la promoci\u00f3n tur\u00edstica, cultural y econ\u00f3mica. Asimismo, enfatiz\u00f3 la importancia de estos espacios para reconocer y visibilizar la labor de las y los artesanos capitalinos y la preservaci\u00f3n de los oficios y saberes tradicionales de los pueblos originarios.<\/p>\n\n\n\n<figure class=\"wp-block-gallery has-nested-images columns-default is-cropped wp-block-gallery-5 is-layout-flex wp-block-gallery-is-layout-flex\">\n<figure class=\"wp-block-image size-large\"><img decoding=\"async\" width=\"500\" height=\"333\" data-id=\"1095668\" src=\"https:\/\/dimensionturistica.com\/es\/wp-content\/uploads\/2026\/01\/6PUNTO.jpg\" alt=\"\" class=\"wp-image-1095668\" srcset=\"https:\/\/dimensionturistica.com\/es\/wp-content\/uploads\/2026\/01\/6PUNTO.jpg 500w, https:\/\/dimensionturistica.com\/es\/wp-content\/uploads\/2026\/01\/6PUNTO-300x200.jpg 300w\" sizes=\"(max-width: 500px) 100vw, 500px\" \/><\/figure>\n<\/figure>\n\n\n\n<p>La muestra \u201cManos de la ciudad, alebrijes y artesan\u00eda viva de la Ciudad de M\u00e9xico\u201d tambi\u00e9n estar\u00e1 abierta al p\u00fablico del 15 al 28 de enero en el Museo del Palacio Postal, ubicado en Tacuba 1, Primer Piso, colonia Centro, alcald\u00eda Cuauht\u00e9moc, y se encuentra abierto al p\u00fablico de martes a domingo, de 10:00 a 17:00 horas.<\/p>\n\n\n\n<p>Durante la inauguraci\u00f3n se cont\u00f3 con la participaci\u00f3n del subdirector general del Fondo Mixto de Promoci\u00f3n Tur\u00edstica de la Ciudad de M\u00e9xico, Carlos Mart\u00ednez Vel\u00e1zquez, as\u00ed como de integrantes de la familia Linares.<\/p>\n","protected":false},"excerpt":{"rendered":"<p>En representaci\u00f3n de la secretaria de Turismo del Gobierno de M\u00e9xico, Josefina Rodr\u00edguez Zamora, la subsecretaria Nathalie Desplas Puel y la secretaria de Turismo de la Ciudad de M\u00e9xico, Alejandra Frausto Guerrero, inauguraron la exposici\u00f3n \u201cManos de la ciudad: alebrijes y artesan\u00eda viva de la Ciudad de M\u00e9xico\u201d. Esta muestra artesanal, en la que las [&hellip;]<\/p>\n","protected":false},"author":1,"featured_media":0,"comment_status":"open","ping_status":"closed","sticky":false,"template":"","format":"standard","meta":{"om_disable_all_campaigns":false,"jnews-multi-image_gallery":[],"jnews_single_post":[],"jnews_primary_category":[],"jnews_social_meta":[],"footnotes":""},"categories":[39],"tags":[],"class_list":["post-1095657","post","type-post","status-publish","format-standard","hentry","category-viajes"],"_links":{"self":[{"href":"https:\/\/dimensionturistica.com\/es\/wp-json\/wp\/v2\/posts\/1095657","targetHints":{"allow":["GET"]}}],"collection":[{"href":"https:\/\/dimensionturistica.com\/es\/wp-json\/wp\/v2\/posts"}],"about":[{"href":"https:\/\/dimensionturistica.com\/es\/wp-json\/wp\/v2\/types\/post"}],"author":[{"embeddable":true,"href":"https:\/\/dimensionturistica.com\/es\/wp-json\/wp\/v2\/users\/1"}],"replies":[{"embeddable":true,"href":"https:\/\/dimensionturistica.com\/es\/wp-json\/wp\/v2\/comments?post=1095657"}],"version-history":[{"count":1,"href":"https:\/\/dimensionturistica.com\/es\/wp-json\/wp\/v2\/posts\/1095657\/revisions"}],"predecessor-version":[{"id":1095669,"href":"https:\/\/dimensionturistica.com\/es\/wp-json\/wp\/v2\/posts\/1095657\/revisions\/1095669"}],"wp:attachment":[{"href":"https:\/\/dimensionturistica.com\/es\/wp-json\/wp\/v2\/media?parent=1095657"}],"wp:term":[{"taxonomy":"category","embeddable":true,"href":"https:\/\/dimensionturistica.com\/es\/wp-json\/wp\/v2\/categories?post=1095657"},{"taxonomy":"post_tag","embeddable":true,"href":"https:\/\/dimensionturistica.com\/es\/wp-json\/wp\/v2\/tags?post=1095657"}],"curies":[{"name":"wp","href":"https:\/\/api.w.org\/{rel}","templated":true}]}}