{"id":1095626,"date":"2026-01-10T17:27:18","date_gmt":"2026-01-10T17:27:18","guid":{"rendered":"https:\/\/dimensionturistica.com\/es\/?p=1095626"},"modified":"2026-01-10T17:27:18","modified_gmt":"2026-01-10T17:27:18","slug":"sinaloa-se-renueva-en-2026-con-experiencias-por-descubrir","status":"publish","type":"post","link":"https:\/\/dimensionturistica.com\/es\/sinaloa-se-renueva-en-2026-con-experiencias-por-descubrir\/","title":{"rendered":"Sinaloa se renueva en 2026 con experiencias por descubrir"},"content":{"rendered":"\n<figure class=\"wp-block-gallery has-nested-images columns-default is-cropped wp-block-gallery-1 is-layout-flex wp-block-gallery-is-layout-flex\">\n<figure class=\"wp-block-image size-large\"><img decoding=\"async\" width=\"500\" height=\"333\" data-id=\"1095627\" src=\"https:\/\/dimensionturistica.com\/es\/wp-content\/uploads\/2026\/01\/2sinaloa.jpg\" alt=\"\" class=\"wp-image-1095627\" srcset=\"https:\/\/dimensionturistica.com\/es\/wp-content\/uploads\/2026\/01\/2sinaloa.jpg 500w, https:\/\/dimensionturistica.com\/es\/wp-content\/uploads\/2026\/01\/2sinaloa-300x200.jpg 300w\" sizes=\"(max-width: 500px) 100vw, 500px\" \/><\/figure>\n<\/figure>\n\n\n\n<p>Tras un 2025 en el que m\u00e1s de 5.5 millones de turistas eligieron el estado para vacacionar, Sinaloa se consolida como uno de los destinos m\u00e1s visitados del pa\u00eds y se prepara para un 2026 marcado por la evoluci\u00f3n de su oferta tur\u00edstica. El estado inicio un nuevo a\u00f1o alineado con una forma de viajar enfocada en las experiencias y la identidad local para regresar o descubrirlo por primera vez.<\/p>\n\n\n\n<figure class=\"wp-block-gallery has-nested-images columns-default is-cropped wp-block-gallery-2 is-layout-flex wp-block-gallery-is-layout-flex\">\n<figure class=\"wp-block-image size-large\"><img decoding=\"async\" width=\"500\" height=\"333\" data-id=\"1095628\" src=\"https:\/\/dimensionturistica.com\/es\/wp-content\/uploads\/2026\/01\/1sinaloa.jpg\" alt=\"\" class=\"wp-image-1095628\" srcset=\"https:\/\/dimensionturistica.com\/es\/wp-content\/uploads\/2026\/01\/1sinaloa.jpg 500w, https:\/\/dimensionturistica.com\/es\/wp-content\/uploads\/2026\/01\/1sinaloa-300x200.jpg 300w\" sizes=\"(max-width: 500px) 100vw, 500px\" \/><\/figure>\n<\/figure>\n\n\n\n<p>Uno de los momentos m\u00e1s esperados del calendario es el Carnaval Internacional de Mazatl\u00e1n 2026 \u201c\u00a1Arriba la Tambora!\u201d que se celebrar\u00e1 del 12 al 17 de febrero. La m\u00e1xima fiesta del puerto volver\u00e1 a transformar el malec\u00f3n con desfiles, coronaciones y espect\u00e1culos que celebran la tradici\u00f3n y la identidad de la ciudad. Con una cartelera que incluye a renombrados artistas como Yuridia, Belinda y Ed\u00e9n Mu\u00f1oz, el Carnaval se reafirma como una de las celebraciones culturales m\u00e1s importantes del mundo.<\/p>\n\n\n\n<figure class=\"wp-block-gallery has-nested-images columns-default is-cropped wp-block-gallery-3 is-layout-flex wp-block-gallery-is-layout-flex\">\n<figure class=\"wp-block-image size-large\"><img decoding=\"async\" width=\"500\" height=\"333\" data-id=\"1095629\" src=\"https:\/\/dimensionturistica.com\/es\/wp-content\/uploads\/2026\/01\/3sinaloa.jpg\" alt=\"\" class=\"wp-image-1095629\" srcset=\"https:\/\/dimensionturistica.com\/es\/wp-content\/uploads\/2026\/01\/3sinaloa.jpg 500w, https:\/\/dimensionturistica.com\/es\/wp-content\/uploads\/2026\/01\/3sinaloa-300x200.jpg 300w\" sizes=\"(max-width: 500px) 100vw, 500px\" \/><\/figure>\n<\/figure>\n\n\n\n<p>Otro de los grandes atractivos del estado se renueva: el Gran Acuario Mazatl\u00e1n, uno de los recintos m\u00e1s importantes de su tipo en Am\u00e9rica Latina. Tras la incorporaci\u00f3n de los capibaras, en 2026 el Acuario enriquecer\u00e1 su propuesta con nuevos h\u00e1bitats para ping\u00fcinos y flamencos, as\u00ed como un tucanario, sumando razones para regresar incluso a quienes ya lo conocen. La experiencia se complementar\u00e1 con un auditorio para actividades educativas y culturales y un restaurante de cocina internacional, convirti\u00e9ndolo en un plan de d\u00eda completo, especialmente para viajes en familia.<\/p>\n\n\n\n<p>La conectividad tur\u00edstica tambi\u00e9n se diversifica en el norte del estado con la apertura de la nueva taquilla del Chepe Express en el centro hist\u00f3rico de El Fuerte. Este nuevo punto facilita la planeaci\u00f3n del viaje y fortalece al Pueblo M\u00e1gico como puerta de entrada a una de las rutas ferroviarias m\u00e1s emblem\u00e1ticas del pa\u00eds, integr\u00e1ndolo de manera m\u00e1s directa al recorrido hacia las Barrancas del Cobre y promoviendo estancias m\u00e1s largas a trav\u00e9s de experiencias locales.<\/p>\n\n\n\n<figure class=\"wp-block-gallery has-nested-images columns-default is-cropped wp-block-gallery-4 is-layout-flex wp-block-gallery-is-layout-flex\">\n<figure class=\"wp-block-image size-large\"><img decoding=\"async\" width=\"500\" height=\"333\" data-id=\"1095630\" src=\"https:\/\/dimensionturistica.com\/es\/wp-content\/uploads\/2026\/01\/4sinaloa.jpg\" alt=\"\" class=\"wp-image-1095630\" srcset=\"https:\/\/dimensionturistica.com\/es\/wp-content\/uploads\/2026\/01\/4sinaloa.jpg 500w, https:\/\/dimensionturistica.com\/es\/wp-content\/uploads\/2026\/01\/4sinaloa-300x200.jpg 300w\" sizes=\"(max-width: 500px) 100vw, 500px\" \/><\/figure>\n<\/figure>\n\n\n\n<p>El turismo deportivo se consolida como uno de los segmentos con mayor crecimiento rumbo a 2026. En 2025, Mazatl\u00e1n fue sede de eventos de alto perfil como el Gran Marat\u00f3n Chevron Mazatl\u00e1n y L\u2019\u00c9tape Mazatl\u00e1n By Tour de France. Para el pr\u00f3ximo a\u00f1o, destaca la primera edici\u00f3n del Medio Marat\u00f3n Mazatl\u00e1n, que busca posicionarse como uno de los eventos deportivos m\u00e1s relevantes del noroeste de M\u00e9xico.<\/p>\n\n\n\n<figure class=\"wp-block-gallery has-nested-images columns-default is-cropped wp-block-gallery-5 is-layout-flex wp-block-gallery-is-layout-flex\">\n<figure class=\"wp-block-image size-large\"><img decoding=\"async\" width=\"500\" height=\"333\" data-id=\"1095631\" src=\"https:\/\/dimensionturistica.com\/es\/wp-content\/uploads\/2026\/01\/9sinaloa.jpg\" alt=\"\" class=\"wp-image-1095631\" srcset=\"https:\/\/dimensionturistica.com\/es\/wp-content\/uploads\/2026\/01\/9sinaloa.jpg 500w, https:\/\/dimensionturistica.com\/es\/wp-content\/uploads\/2026\/01\/9sinaloa-300x200.jpg 300w\" sizes=\"(max-width: 500px) 100vw, 500px\" \/><\/figure>\n<\/figure>\n\n\n\n<p>Para quienes buscan experiencias aut\u00e9nticas, los Pueblos M\u00e1gicos de Sinaloa ofrecen la oportunidad de conectar con las ra\u00edces del estado. Cosal\u00e1 conserva su herencia minera y entorno serrano; El Fuerte combina arquitectura colonial y legado Yoreme; Mocorito, la llamada \u201cAtenas de Sinaloa\u201d, destaca por su riqueza cultural y gastron\u00f3mica como cuna del chilorio; San Ignacio sorprende con Las Labradas, una playa con petroglifos; y El Rosario invita a recorrer su historia y tradiciones.<\/p>\n\n\n\n<figure class=\"wp-block-gallery has-nested-images columns-default is-cropped wp-block-gallery-6 is-layout-flex wp-block-gallery-is-layout-flex\">\n<figure class=\"wp-block-image size-large\"><img decoding=\"async\" width=\"500\" height=\"333\" data-id=\"1095632\" src=\"https:\/\/dimensionturistica.com\/es\/wp-content\/uploads\/2026\/01\/7sinaloa.jpg\" alt=\"\" class=\"wp-image-1095632\" srcset=\"https:\/\/dimensionturistica.com\/es\/wp-content\/uploads\/2026\/01\/7sinaloa.jpg 500w, https:\/\/dimensionturistica.com\/es\/wp-content\/uploads\/2026\/01\/7sinaloa-300x200.jpg 300w\" sizes=\"(max-width: 500px) 100vw, 500px\" \/><\/figure>\n<\/figure>\n\n\n\n<p>Con experiencias renovadas, eventos y una oferta cada vez m\u00e1s diversa, Sinaloa se presenta en 2026 como un destino vers\u00e1til y atractivo, ideal para quienes buscan viajar con sentido, descubrir nuevas historias y encontrar algo distinto en cada visita.<\/p>\n\n\n\n<p>#VisitSinaloa #Sinaloa #Turismo #Experiencias #2026<\/p>\n","protected":false},"excerpt":{"rendered":"<p>Tras un 2025 en el que m\u00e1s de 5.5 millones de turistas eligieron el estado para vacacionar, Sinaloa se consolida como uno de los destinos m\u00e1s visitados del pa\u00eds y se prepara para un 2026 marcado por la evoluci\u00f3n de su oferta tur\u00edstica. El estado inicio un nuevo a\u00f1o alineado con una forma de viajar [&hellip;]<\/p>\n","protected":false},"author":1,"featured_media":0,"comment_status":"open","ping_status":"closed","sticky":false,"template":"","format":"standard","meta":{"om_disable_all_campaigns":false,"jnews-multi-image_gallery":[],"jnews_single_post":{"format":"standard"},"jnews_primary_category":[],"jnews_social_meta":[],"footnotes":""},"categories":[39],"tags":[],"class_list":["post-1095626","post","type-post","status-publish","format-standard","hentry","category-viajes"],"_links":{"self":[{"href":"https:\/\/dimensionturistica.com\/es\/wp-json\/wp\/v2\/posts\/1095626","targetHints":{"allow":["GET"]}}],"collection":[{"href":"https:\/\/dimensionturistica.com\/es\/wp-json\/wp\/v2\/posts"}],"about":[{"href":"https:\/\/dimensionturistica.com\/es\/wp-json\/wp\/v2\/types\/post"}],"author":[{"embeddable":true,"href":"https:\/\/dimensionturistica.com\/es\/wp-json\/wp\/v2\/users\/1"}],"replies":[{"embeddable":true,"href":"https:\/\/dimensionturistica.com\/es\/wp-json\/wp\/v2\/comments?post=1095626"}],"version-history":[{"count":1,"href":"https:\/\/dimensionturistica.com\/es\/wp-json\/wp\/v2\/posts\/1095626\/revisions"}],"predecessor-version":[{"id":1095633,"href":"https:\/\/dimensionturistica.com\/es\/wp-json\/wp\/v2\/posts\/1095626\/revisions\/1095633"}],"wp:attachment":[{"href":"https:\/\/dimensionturistica.com\/es\/wp-json\/wp\/v2\/media?parent=1095626"}],"wp:term":[{"taxonomy":"category","embeddable":true,"href":"https:\/\/dimensionturistica.com\/es\/wp-json\/wp\/v2\/categories?post=1095626"},{"taxonomy":"post_tag","embeddable":true,"href":"https:\/\/dimensionturistica.com\/es\/wp-json\/wp\/v2\/tags?post=1095626"}],"curies":[{"name":"wp","href":"https:\/\/api.w.org\/{rel}","templated":true}]}}