{"id":1095586,"date":"2026-01-10T16:21:47","date_gmt":"2026-01-10T16:21:47","guid":{"rendered":"https:\/\/dimensionturistica.com\/es\/?p=1095586"},"modified":"2026-01-10T16:21:47","modified_gmt":"2026-01-10T16:21:47","slug":"amomexico-fiturca-y-mastercard-develan-las-experiencias-y-obras-de-arte-inspiradas-en-el-road-trip-realizado-por-viajeros-creando-en-los-cabos-bcs","status":"publish","type":"post","link":"https:\/\/dimensionturistica.com\/es\/amomexico-fiturca-y-mastercard-develan-las-experiencias-y-obras-de-arte-inspiradas-en-el-road-trip-realizado-por-viajeros-creando-en-los-cabos-bcs\/","title":{"rendered":"AMOM\u00c9XICO, FITURCA y Mastercard develan las experiencias y obras de arte inspiradas en el road trip realizado por \u201cViajeros Creando\u201d en Los Cabos, BCS"},"content":{"rendered":"\n<figure class=\"wp-block-gallery has-nested-images columns-default is-cropped wp-block-gallery-1 is-layout-flex wp-block-gallery-is-layout-flex\">\n<figure class=\"wp-block-image size-large\"><img decoding=\"async\" width=\"500\" height=\"369\" data-id=\"1095587\" src=\"https:\/\/dimensionturistica.com\/es\/wp-content\/uploads\/2026\/01\/6carnet.png\" alt=\"\" class=\"wp-image-1095587\" srcset=\"https:\/\/dimensionturistica.com\/es\/wp-content\/uploads\/2026\/01\/6carnet.png 500w, https:\/\/dimensionturistica.com\/es\/wp-content\/uploads\/2026\/01\/6carnet-300x221.png 300w\" sizes=\"(max-width: 500px) 100vw, 500px\" \/><\/figure>\n<\/figure>\n\n\n\n<p>El proyecto \u201cViajeros Creando\u201d reuni\u00f3 a un grupo de artistas especializados en fotograf\u00eda, literatura, cine y m\u00fasica que recorrieron distintos puntos de Los Cabos a bordo de un auto ic\u00f3nico. Durante este recorrido, documentaron vivencias que sirvieron como base para crear una serie de materiales audiovisuales y una Gu\u00eda de Viaje que reflejan el destino desde diferentes perspectivas.<\/p>\n\n\n\n<p>Con el apoyo del Fideicomiso de Turismo de Los Cabos (FITURCA), Mastercard y Porsche, entre otros aliados, el objetivo principal de \u201cViajeros Creando\u201d fue promover un road trip que destaque la salud y bienestar, la naturaleza, la aventura, la gastronom\u00eda y el lujo disponibles en el destino.<\/p>\n\n\n\n<figure class=\"wp-block-gallery has-nested-images columns-default is-cropped wp-block-gallery-2 is-layout-flex wp-block-gallery-is-layout-flex\">\n<figure class=\"wp-block-image size-large\"><img decoding=\"async\" width=\"500\" height=\"386\" data-id=\"1095588\" src=\"https:\/\/dimensionturistica.com\/es\/wp-content\/uploads\/2026\/01\/2carnet.jpg\" alt=\"\" class=\"wp-image-1095588\" srcset=\"https:\/\/dimensionturistica.com\/es\/wp-content\/uploads\/2026\/01\/2carnet.jpg 500w, https:\/\/dimensionturistica.com\/es\/wp-content\/uploads\/2026\/01\/2carnet-300x232.jpg 300w\" sizes=\"(max-width: 500px) 100vw, 500px\" \/><\/figure>\n<\/figure>\n\n\n\n<p>Esta iniciativa reuni\u00f3 a un colectivo de aliados conformado por un destino anfitri\u00f3n para la pr\u00e1ctica del turismo biocultural, Los Cabos, as\u00ed como un grupo de artistas reconocidos en sus respectivas disciplinas, entidades p\u00fablicas y privadas, adem\u00e1s de un veh\u00edculo id\u00f3neo para realizar un recorrido por carretera.<\/p>\n\n\n\n<p>Con el cobijo de Grupo H\u00e1bita, en el Hotel Condesa DF, Fabiola Zamora \u2014fot\u00f3grafa, cofundadora y directora de Revista 192\u2014; Julio Carlos Ramos Zapata, cineasta; Joe Demikeli, m\u00fasico e integrante del d\u00fao MADISON; y Alonso Vera, conocido como \u201cPata de Perro\u201d, autor y narrador con amplia trayectoria en medios de comunicaci\u00f3n, artistas que conforman el equipo de Viajeros Creando, presentaron las obras resultado de este viaje de descubrimiento tur\u00edstico y gastron\u00f3mico.<\/p>\n\n\n\n<figure class=\"wp-block-gallery has-nested-images columns-default is-cropped wp-block-gallery-3 is-layout-flex wp-block-gallery-is-layout-flex\">\n<figure class=\"wp-block-image size-large\"><img decoding=\"async\" width=\"500\" height=\"543\" data-id=\"1095589\" src=\"https:\/\/dimensionturistica.com\/es\/wp-content\/uploads\/2026\/01\/3carnet.jpg\" alt=\"\" class=\"wp-image-1095589\" srcset=\"https:\/\/dimensionturistica.com\/es\/wp-content\/uploads\/2026\/01\/3carnet.jpg 500w, https:\/\/dimensionturistica.com\/es\/wp-content\/uploads\/2026\/01\/3carnet-276x300.jpg 276w\" sizes=\"(max-width: 500px) 100vw, 500px\" \/><\/figure>\n<\/figure>\n\n\n\n<p>Este recorrido los inspir\u00f3 para la creaci\u00f3n de cuatro obras que retratan no solo las bellezas naturales de Los Cabos, sino tambi\u00e9n la esencia de un viaje entre amigos. A trav\u00e9s de ellas, buscan invitar a viajeros en busca de propuestas \u00fanicas que combinan responsabilidad social, naturaleza y lujo, a visitar el destino y ver, sentir y vivir lo que ellos experimentaron.<\/p>\n\n\n\n<p>Los materiales generados por los artistas:&nbsp; fotograf\u00edas de colecci\u00f3n, un cortometraje, un tema musical original y un diario de viaje o gu\u00eda pr\u00e1ctica impresa y digital, est\u00e1n disponibles en https:\/\/viajeroscreando.com\/<\/p>\n\n\n\n<p>Como parte de las acciones de amplificaci\u00f3n, el proyecto incluye un cat\u00e1logo de \u201cExperiencias de Autor\u201d desarrollado en colaboraci\u00f3n con Mastercard y su plataforma Priceless, con el objetivo de extender el alcance de estas propuestas y acercarlas a nuevas audiencias. Dentro de la plataforma de https:\/\/www.priceless.com\/amomexico, los tarjetahabientes podr\u00e1n descubrir un santuario de lobos marinos en una isla protegida y ser testigo de la migraci\u00f3n de ballenas durante un safari privado.<\/p>\n\n\n\n<figure class=\"wp-block-gallery has-nested-images columns-default is-cropped wp-block-gallery-4 is-layout-flex wp-block-gallery-is-layout-flex\">\n<figure class=\"wp-block-image size-large\"><img decoding=\"async\" width=\"500\" height=\"472\" data-id=\"1095590\" src=\"https:\/\/dimensionturistica.com\/es\/wp-content\/uploads\/2026\/01\/5carnet.jpg\" alt=\"\" class=\"wp-image-1095590\" srcset=\"https:\/\/dimensionturistica.com\/es\/wp-content\/uploads\/2026\/01\/5carnet.jpg 500w, https:\/\/dimensionturistica.com\/es\/wp-content\/uploads\/2026\/01\/5carnet-300x283.jpg 300w\" sizes=\"(max-width: 500px) 100vw, 500px\" \/><\/figure>\n<\/figure>\n\n\n\n<p>A trav\u00e9s de Viajeros Creando, se presentan nuevas formas de descubrir M\u00e9xico desde el arte, la creatividad y las historias que nacen en cada lugar. El proyecto muestra c\u00f3mo una mirada creativa sobre el viaje puede generar v\u00ednculos entre viajeros, comunidades y territorios, poniendo en valor la identidad de destinos como Los Cabos.<\/p>\n\n\n\n<p>Adicionalmente, Mastercard contribuye al desarrollo del proyecto mediante innovaci\u00f3n y tecnolog\u00eda, al poner a disposici\u00f3n una red de pagos alineada a est\u00e1ndares globales de seguridad y calidad. Esto permite que peque\u00f1os negocios del sector tur\u00edstico se integren a la econom\u00eda digital, fortalezcan su competitividad y crezcan de forma sostenible dentro de un ecosistema m\u00e1s inclusivo, a trav\u00e9s de soluciones que facilitan transacciones seguras y eficientes.<\/p>\n\n\n\n<p>\u201cPara Mastercard, Viajeros Creando es una muestra de c\u00f3mo la innovaci\u00f3n y la tecnolog\u00eda pueden generar conexiones reales. Un momento priceless ocurre cuando un viaje conecta a las personas con un lugar y deja un impacto positivo en las comunidades, fortalece la resiliencia de las peque\u00f1as empresas del sector turismo e impulsa su inclusi\u00f3n en una econom\u00eda digital e inclusiva\u201d, se\u00f1al\u00f3 Alix Mahieux, Directora de Mercadotecnia de Mastercard M\u00e9xico.<\/p>\n\n\n\n<p>Por su parte, Rodrigo Esponda, Director General del Fideicomiso de Turismo de Los Cabos mencion\u00f3 con anterioridad que, la colaboraci\u00f3n con artistas y aliados estrat\u00e9gicos permite resaltar las diversas facetas de Los Cabos, creando nuevas formas de conexi\u00f3n con los visitantes. Estas alianzas amplifican la visibilidad del destino y aportan al desarrollo sostenible y responsable de la regi\u00f3n.<\/p>\n\n\n\n<figure class=\"wp-block-gallery has-nested-images columns-default is-cropped wp-block-gallery-5 is-layout-flex wp-block-gallery-is-layout-flex\">\n<figure class=\"wp-block-image size-large\"><img decoding=\"async\" width=\"500\" height=\"233\" data-id=\"1095592\" src=\"https:\/\/dimensionturistica.com\/es\/wp-content\/uploads\/2026\/01\/4carnet.jpg\" alt=\"\" class=\"wp-image-1095592\" srcset=\"https:\/\/dimensionturistica.com\/es\/wp-content\/uploads\/2026\/01\/4carnet.jpg 500w, https:\/\/dimensionturistica.com\/es\/wp-content\/uploads\/2026\/01\/4carnet-300x140.jpg 300w\" sizes=\"(max-width: 500px) 100vw, 500px\" \/><\/figure>\n<\/figure>\n\n\n\n<p>Algunos datos relevantes sobre la distribuci\u00f3n de los contenidos de la Campa\u00f1a Viajeros Creando en M\u00e9xico, a trav\u00e9s del Instagram de AmoM\u00e9xico y del canal de Youtube de ViajerosCreandomx con \u00e9nfasis en audiencia a fin a los viajes y aventuras, del 01 de agosto al 15 de noviembre pasado, han alcanzado m\u00e1s de 4 millones de personas y m\u00e1s de 6.2 millones de vistas&nbsp;&nbsp; y m\u00e1s de 1.4 millones de interacciones.<\/p>\n\n\n\n<p>Este proyecto representa un esfuerzo conjunto para impulsar el turismo en Los Cabos mediante la integraci\u00f3n de diversas disciplinas art\u00edsticas y el aprovechamiento de plataformas digitales y comerciales para ampliar el alcance del destino.<\/p>\n","protected":false},"excerpt":{"rendered":"<p>El proyecto \u201cViajeros Creando\u201d reuni\u00f3 a un grupo de artistas especializados en fotograf\u00eda, literatura, cine y m\u00fasica que recorrieron distintos puntos de Los Cabos a bordo de un auto ic\u00f3nico. Durante este recorrido, documentaron vivencias que sirvieron como base para crear una serie de materiales audiovisuales y una Gu\u00eda de Viaje que reflejan el destino [&hellip;]<\/p>\n","protected":false},"author":1,"featured_media":0,"comment_status":"open","ping_status":"closed","sticky":false,"template":"","format":"standard","meta":{"om_disable_all_campaigns":false,"jnews-multi-image_gallery":[],"jnews_single_post":{"format":"standard"},"jnews_primary_category":[],"jnews_social_meta":[],"footnotes":""},"categories":[39],"tags":[],"class_list":["post-1095586","post","type-post","status-publish","format-standard","hentry","category-viajes"],"_links":{"self":[{"href":"https:\/\/dimensionturistica.com\/es\/wp-json\/wp\/v2\/posts\/1095586","targetHints":{"allow":["GET"]}}],"collection":[{"href":"https:\/\/dimensionturistica.com\/es\/wp-json\/wp\/v2\/posts"}],"about":[{"href":"https:\/\/dimensionturistica.com\/es\/wp-json\/wp\/v2\/types\/post"}],"author":[{"embeddable":true,"href":"https:\/\/dimensionturistica.com\/es\/wp-json\/wp\/v2\/users\/1"}],"replies":[{"embeddable":true,"href":"https:\/\/dimensionturistica.com\/es\/wp-json\/wp\/v2\/comments?post=1095586"}],"version-history":[{"count":1,"href":"https:\/\/dimensionturistica.com\/es\/wp-json\/wp\/v2\/posts\/1095586\/revisions"}],"predecessor-version":[{"id":1095593,"href":"https:\/\/dimensionturistica.com\/es\/wp-json\/wp\/v2\/posts\/1095586\/revisions\/1095593"}],"wp:attachment":[{"href":"https:\/\/dimensionturistica.com\/es\/wp-json\/wp\/v2\/media?parent=1095586"}],"wp:term":[{"taxonomy":"category","embeddable":true,"href":"https:\/\/dimensionturistica.com\/es\/wp-json\/wp\/v2\/categories?post=1095586"},{"taxonomy":"post_tag","embeddable":true,"href":"https:\/\/dimensionturistica.com\/es\/wp-json\/wp\/v2\/tags?post=1095586"}],"curies":[{"name":"wp","href":"https:\/\/api.w.org\/{rel}","templated":true}]}}