{"id":1095505,"date":"2026-01-10T10:31:47","date_gmt":"2026-01-10T10:31:47","guid":{"rendered":"https:\/\/dimensionturistica.com\/es\/?p=1095505"},"modified":"2026-01-10T10:31:47","modified_gmt":"2026-01-10T10:31:47","slug":"adolescente-implicado-en-deceso-de-media-hermana-no-recuerda-el-acontecimiento","status":"publish","type":"post","link":"https:\/\/dimensionturistica.com\/es\/adolescente-implicado-en-deceso-de-media-hermana-no-recuerda-el-acontecimiento\/","title":{"rendered":"Adolescente implicado en deceso de media hermana no recuerda el acontecimiento."},"content":{"rendered":"<h3>Un Viaje a la Tragedia: Reflexionando sobre los L\u00edmites de la Juventud<\/h3>\n<p>En el coraz\u00f3n de cada viaje, se esconden historias que a menudo quedan fuera del radar de los itinerarios tur\u00edsticos. Mientras exploramos destinos vibrantes y culturalmente ricos, tambi\u00e9n debemos confrontar las realidades m\u00e1s oscuras de la experiencia humana. Una de ellas, que ha resonado recientemente en los medios, es la angustiante historia de un joven que, involucrado en un tr\u00e1gico suceso familiar, se convierte en un reflejo palpable de las complejidades de la adolescencia.<\/p>\n<p>Imaginemos un viaje a un lugar donde la vida se manifiesta en su forma m\u00e1s cruda. A menudo, es en estos destinos donde encontramos la humanidad en su estado m\u00e1s vulnerable. En una tranquila localidad, un suceso desgarrador marc\u00f3 la vida de una familia y dej\u00f3 cicatrices en la comunidad. La historia nos recuerda que detr\u00e1s de cada fachada tur\u00edstica, puede existir una realidad sombr\u00eda que afecta a sus residentes.<\/p>\n<p>El joven protagonista, un adolescente como muchos otros, se vio envuelto en un evento que transform\u00f3 su vida en un instante. En un mundo donde la diversi\u00f3n puede r\u00e1pidamente tornarse en tragedia, nos lleva a cuestionar: \u00bfhasta d\u00f3nde pueden llegar las decisiones impulsivas? En un contexto de descubrimiento y rebeli\u00f3n juvenil, se pueden trazar paralelismos con las experiencias de quienes recorren el mundo en busca de identidad. Este joven representa a una generaci\u00f3n que muchas veces navega entre el deseo de aventura y los l\u00edmites de la responsabilidad.<\/p>\n<p>La historia de su involucramiento en un incidente tr\u00e1gico invita a la reflexi\u00f3n en m\u00faltiples niveles. Nos cautiva a pensar c\u00f3mo el entorno social y las experiencias formativas pueden influir en la toma de decisiones, especialmente cuando la presi\u00f3n de los compa\u00f1eros y el fervor de la juventud est\u00e1n en juego. Estos elementos son fundamentales para entender la complejidad del ser humano, a menudo olvidados por quienes est\u00e1n inmersos en la b\u00fasqueda de nuevas experiencias tur\u00edsticas.<\/p>\n<p>Los destinos tur\u00edsticos tambi\u00e9n reflejan esta dualidad. A menudo nos deslumbran con su belleza, pero en sus sombras se pueden escuchar ecos de historias olvidadas o no contadas. All\u00ed, en esos lugares, la alegr\u00eda de la exploraci\u00f3n contrasta con el dolor de eventos pasados que a\u00fan marcan a sus habitantes. Viajar es, en s\u00ed mismo, una forma de conectar con estas narrativas, reconociendo que detr\u00e1s de cada sonrisa de un lugare\u00f1o puede haber un trasfondo que no estamos preparados para escuchar.<\/p>\n<p>La historia del joven no solo es un llamado a la empat\u00eda, sino tambi\u00e9n una invitaci\u00f3n a los viajeros a ser m\u00e1s conscientes de sus entornos. Al explorar nuevas culturas y comunidades, es vital hacerlo con respeto y sensibilidad, reconociendo que cada ubicaci\u00f3n tiene su propio conjunto de experiencias y desaf\u00edos.<\/p>\n<p>En \u00faltima instancia, mientras nos embarcamos en nuestras propias traves\u00edas, debemos llevar con nosotros la lecci\u00f3n de que el viaje no se trata solo de los paisajes que vemos, sino de las vidas que tocamos. La tragedia que tuvo lugar en este contexto particular puede servir como un recordatorio para valorar la compasi\u00f3n y la comprensi\u00f3n en un mundo que, a menudo, parece estar dividido por la superficialidad del consumo tur\u00edstico. Al mirar m\u00e1s all\u00e1 de la superficie, descubrimos un mundo que nos conecta a todos, en la alegr\u00eda y en el dolor.<\/p>\n<p><em> &#8221; Fuentes columnadigital.com &#8221; <\/em><\/p>\n","protected":false},"excerpt":{"rendered":"<p>Un Viaje a la Tragedia: Reflexionando sobre los L\u00edmites de la Juventud En el coraz\u00f3n de cada viaje, se esconden historias que a menudo quedan fuera del radar de los itinerarios tur\u00edsticos. Mientras exploramos destinos vibrantes y culturalmente ricos, tambi\u00e9n debemos confrontar las realidades m\u00e1s oscuras de la experiencia humana. Una de ellas, que ha [&hellip;]<\/p>\n","protected":false},"author":4,"featured_media":0,"comment_status":"open","ping_status":"closed","sticky":false,"template":"","format":"standard","meta":{"om_disable_all_campaigns":false,"jnews-multi-image_gallery":[],"jnews_single_post":[],"jnews_primary_category":[],"jnews_social_meta":[],"footnotes":""},"categories":[39],"tags":[11499,233985,2149,1280,14906,4285,259477,2273,2057,2152,1102,6174,2249,26630],"class_list":["post-1095505","post","type-post","status-publish","format-standard","hentry","category-viajes","tag-adolescente","tag-columna-digital","tag-crimen","tag-crucero","tag-fallecimiento","tag-familia","tag-hermanastra","tag-incidente","tag-informe","tag-investigacion","tag-joven","tag-memoria","tag-muerte","tag-tragedia"],"_links":{"self":[{"href":"https:\/\/dimensionturistica.com\/es\/wp-json\/wp\/v2\/posts\/1095505","targetHints":{"allow":["GET"]}}],"collection":[{"href":"https:\/\/dimensionturistica.com\/es\/wp-json\/wp\/v2\/posts"}],"about":[{"href":"https:\/\/dimensionturistica.com\/es\/wp-json\/wp\/v2\/types\/post"}],"author":[{"embeddable":true,"href":"https:\/\/dimensionturistica.com\/es\/wp-json\/wp\/v2\/users\/4"}],"replies":[{"embeddable":true,"href":"https:\/\/dimensionturistica.com\/es\/wp-json\/wp\/v2\/comments?post=1095505"}],"version-history":[{"count":1,"href":"https:\/\/dimensionturistica.com\/es\/wp-json\/wp\/v2\/posts\/1095505\/revisions"}],"predecessor-version":[{"id":1095506,"href":"https:\/\/dimensionturistica.com\/es\/wp-json\/wp\/v2\/posts\/1095505\/revisions\/1095506"}],"wp:attachment":[{"href":"https:\/\/dimensionturistica.com\/es\/wp-json\/wp\/v2\/media?parent=1095505"}],"wp:term":[{"taxonomy":"category","embeddable":true,"href":"https:\/\/dimensionturistica.com\/es\/wp-json\/wp\/v2\/categories?post=1095505"},{"taxonomy":"post_tag","embeddable":true,"href":"https:\/\/dimensionturistica.com\/es\/wp-json\/wp\/v2\/tags?post=1095505"}],"curies":[{"name":"wp","href":"https:\/\/api.w.org\/{rel}","templated":true}]}}