{"id":1095400,"date":"2026-01-10T03:50:05","date_gmt":"2026-01-10T03:50:05","guid":{"rendered":"https:\/\/dimensionturistica.com\/es\/?p=1095400"},"modified":"2026-01-10T03:50:05","modified_gmt":"2026-01-10T03:50:05","slug":"kate-middleton-reflexiona-sobre-su-viaje-de-sanacion-en-un-emotivo-video-por-su-cumpleanos-44","status":"publish","type":"post","link":"https:\/\/dimensionturistica.com\/es\/kate-middleton-reflexiona-sobre-su-viaje-de-sanacion-en-un-emotivo-video-por-su-cumpleanos-44\/","title":{"rendered":"Kate Middleton Reflexiona sobre su Viaje de Sanaci\u00f3n en un Emotivo Video por su Cumplea\u00f1os 44"},"content":{"rendered":"<h3>Un Reflejo de Resiliencia y Estilo: El Cumplea\u00f1os de una Icono de Moda<\/h3>\n<p>El pasado 9 de enero, el mundo celebr\u00f3 el 44\u00ba cumplea\u00f1os de una de las figuras m\u00e1s influyentes en el \u00e1mbito de la moda actual: la duquesa de Cambridge. M\u00e1s all\u00e1 de su indiscutible elegancia y estilo, esta ocasi\u00f3n sirvi\u00f3 como una plataforma para resaltar un mensaje de sanaci\u00f3n y fortaleza interior. La duquesa comparti\u00f3 un emotivo video que reson\u00f3 en los corazones de millones, ofreciendo una mirada a su compromiso con el bienestar y la salud mental.<\/p>\n<p>La imagen p\u00fablica de la duquesa es a menudo sin\u00f3nimo de sofisticaci\u00f3n. Con cada aparici\u00f3n en eventos de alto perfil, sus elecciones de vestuario y accesorios marcan tendencias y establecen est\u00e1ndares en el \u00e1mbito de la moda. Sin embargo, el cumplea\u00f1os de este a\u00f1o trajo algo diferente. En lugar de centrarse \u00fanicamente en la est\u00e9tica, el mensaje de la duquesa enfatiz\u00f3 la importancia de cuidar nuestra salud mental, un gesto que combina su influencia como figura p\u00fablica con un compromiso genuino hacia su comunidad y seguidores.<\/p>\n<p>Durante el video, que combina una narraci\u00f3n reflexiva con im\u00e1genes inspiradoras, la duquesa comparti\u00f3 su viaje hacia la sanaci\u00f3n. Este enfoque no solo muestra su vulnerabilidad, sino que tambi\u00e9n permite a quienes la siguen verse reflejados en historias similares. La salud mental, a menudo eclipsada por la imagen p\u00fablica, se convierte en el centro de un discurso que invita a la reflexi\u00f3n. As\u00ed, la duquesa invita a su audiencia a participar en un di\u00e1logo que trasciende el glamour de la moda.<\/p>\n<p>La est\u00e9tica del video estuvo cuidadosamente dise\u00f1ada, complementando el mensaje poderoso que la duquesa quer\u00eda transmitir. Con un fondo c\u00e1lido y natural y una paleta de colores suaves, cada elemento fue pensado para crear un ambiente de paz y tranquilidad. Este enfoque visual no solo refleja la elegancia habitual de Kate Middleton, sino que tambi\u00e9n refuerza la conexi\u00f3n emocional del mensaje.<\/p>\n<p>En t\u00e9rminos de moda, la duquesa continu\u00f3 con su legado de estilo refinado, eligiendo looks que fusionan la tradici\u00f3n con toques contempor\u00e1neos. Esto no solo subraya su habilidad innata para hacer que cada prenda cuente una historia, sino que tambi\u00e9n recuerda que la moda puede ser utilizada como una herramienta de empoderamiento y expresi\u00f3n personal.<\/p>\n<p>Ese d\u00eda, y a trav\u00e9s de su mensaje, la duquesa de Cambridge logr\u00f3 m\u00e1s que celebrar un a\u00f1o m\u00e1s de vida; impuls\u00f3 una conversaci\u00f3n vital sobre la importancia del autocuidado en un mundo que a menudo prioriza la apariencia sobre el bienestar. En un contexto donde la moda juega un papel crucial, su mensaje se presenta como un recordatorio poderoso: el verdadero estilo empieza desde adentro.<\/p>\n<p>Con este aniversario, la duquesa reafirma su posici\u00f3n no solo como un \u00edcono de la moda, sino como una voz en pro de la salud mental y el bienestar. A medida que los seguidores reflexionan sobre su mensaje, queda claro que el impacto de su carrera va m\u00e1s all\u00e1 de las elecciones de vestuario y las apariciones p\u00fablicas. La moda, como bien demuestra la duquesa, puede y debe servir como un veh\u00edculo para mensajes significativos, inspirando a otros a dar un paso hacia la sanaci\u00f3n personal y colectiva. <\/p>\n<p>As\u00ed, el cumplea\u00f1os de Kate Middleton no se limita a ser un d\u00eda de celebraci\u00f3n; se convierte en un llamado a abrazar la vulnerabilidad y utilizar nuestra voz para fomentar el cambio. En una era donde el estilo y el contenido aut\u00e9ntico se entrelazan de manera cada vez m\u00e1s elaborada, la duquesa nos recuerda que cada elecci\u00f3n que hacemos \u2014en la moda y en la vida\u2014 puede tener un resonar significativo.<\/p>\n<p><em> &#8221; Fuentes www.vogue.com &#8221; <\/em><\/p>\n","protected":false},"excerpt":{"rendered":"<p>Un Reflejo de Resiliencia y Estilo: El Cumplea\u00f1os de una Icono de Moda El pasado 9 de enero, el mundo celebr\u00f3 el 44\u00ba cumplea\u00f1os de una de las figuras m\u00e1s influyentes en el \u00e1mbito de la moda actual: la duquesa de Cambridge. M\u00e1s all\u00e1 de su indiscutible elegancia y estilo, esta ocasi\u00f3n sirvi\u00f3 como una [&hellip;]<\/p>\n","protected":false},"author":14,"featured_media":1095401,"comment_status":"open","ping_status":"closed","sticky":false,"template":"","format":"standard","meta":{"om_disable_all_campaigns":false,"jnews-multi-image_gallery":[],"jnews_single_post":[],"jnews_primary_category":[],"jnews_social_meta":[],"footnotes":""},"categories":[144872],"tags":[263072,263071,263070,11000,208,73628,263073,88348,117961,186482,209],"class_list":["post-1095400","post","type-post","status-publish","format-standard","has-post-thumbnail","hentry","category-fashion","tag-44th-birthday","tag-birthday-reflection","tag-healing-journey","tag-kate-middleton","tag-mental-health","tag-personal-growth","tag-poignant-video","tag-resilience","tag-royal-family","tag-royals","tag-wellness"],"_links":{"self":[{"href":"https:\/\/dimensionturistica.com\/es\/wp-json\/wp\/v2\/posts\/1095400","targetHints":{"allow":["GET"]}}],"collection":[{"href":"https:\/\/dimensionturistica.com\/es\/wp-json\/wp\/v2\/posts"}],"about":[{"href":"https:\/\/dimensionturistica.com\/es\/wp-json\/wp\/v2\/types\/post"}],"author":[{"embeddable":true,"href":"https:\/\/dimensionturistica.com\/es\/wp-json\/wp\/v2\/users\/14"}],"replies":[{"embeddable":true,"href":"https:\/\/dimensionturistica.com\/es\/wp-json\/wp\/v2\/comments?post=1095400"}],"version-history":[{"count":1,"href":"https:\/\/dimensionturistica.com\/es\/wp-json\/wp\/v2\/posts\/1095400\/revisions"}],"predecessor-version":[{"id":1095402,"href":"https:\/\/dimensionturistica.com\/es\/wp-json\/wp\/v2\/posts\/1095400\/revisions\/1095402"}],"wp:featuredmedia":[{"embeddable":true,"href":"https:\/\/dimensionturistica.com\/es\/wp-json\/wp\/v2\/media\/1095401"}],"wp:attachment":[{"href":"https:\/\/dimensionturistica.com\/es\/wp-json\/wp\/v2\/media?parent=1095400"}],"wp:term":[{"taxonomy":"category","embeddable":true,"href":"https:\/\/dimensionturistica.com\/es\/wp-json\/wp\/v2\/categories?post=1095400"},{"taxonomy":"post_tag","embeddable":true,"href":"https:\/\/dimensionturistica.com\/es\/wp-json\/wp\/v2\/tags?post=1095400"}],"curies":[{"name":"wp","href":"https:\/\/api.w.org\/{rel}","templated":true}]}}