{"id":1095231,"date":"2026-01-09T18:23:23","date_gmt":"2026-01-09T18:23:23","guid":{"rendered":"https:\/\/dimensionturistica.com\/es\/?p=1095231"},"modified":"2026-01-09T18:23:23","modified_gmt":"2026-01-09T18:23:23","slug":"banbajio-en-alianza-con-pricetravel-holding-ofrece-a-sus-clientes-experiencias-de-viaje-completas","status":"publish","type":"post","link":"https:\/\/dimensionturistica.com\/es\/banbajio-en-alianza-con-pricetravel-holding-ofrece-a-sus-clientes-experiencias-de-viaje-completas\/","title":{"rendered":"BanBaj\u00edo en alianza con PriceTravel Holding ofrece a sus clientes experiencias de viaje completas"},"content":{"rendered":"\n<figure class=\"wp-block-gallery has-nested-images columns-default is-cropped wp-block-gallery-1 is-layout-flex wp-block-gallery-is-layout-flex\">\n<figure class=\"wp-block-image size-large\"><img decoding=\"async\" width=\"500\" height=\"71\" data-id=\"1095232\" src=\"https:\/\/dimensionturistica.com\/es\/wp-content\/uploads\/2026\/01\/1BAJIO.jpg\" alt=\"\" class=\"wp-image-1095232\" srcset=\"https:\/\/dimensionturistica.com\/es\/wp-content\/uploads\/2026\/01\/1BAJIO.jpg 500w, https:\/\/dimensionturistica.com\/es\/wp-content\/uploads\/2026\/01\/1BAJIO-300x43.jpg 300w\" sizes=\"(max-width: 500px) 100vw, 500px\" \/><\/figure>\n<\/figure>\n\n\n\n<p>&nbsp;BanBaj\u00edo anuncia una alianza estrat\u00e9gica con PriceTravel Holding, empresa l\u00edder en la distribuci\u00f3n de productos de viaje en Latinoam\u00e9rica. Esta colaboraci\u00f3n tiene como objetivo ofrecer a los tarjetahabientes de BanBaj\u00edo acceso exclusivo a su programa, con beneficios especiales en la selecci\u00f3n de hoteles, paquetes vacacionales (hotel + avi\u00f3n) y la opci\u00f3n de a\u00f1adir servicios complementarios como traslados y tours.<\/p>\n\n\n\n<figure class=\"wp-block-gallery has-nested-images columns-default is-cropped wp-block-gallery-2 is-layout-flex wp-block-gallery-is-layout-flex\">\n<figure class=\"wp-block-image size-large\"><img decoding=\"async\" width=\"796\" height=\"248\" data-id=\"1095233\" src=\"https:\/\/dimensionturistica.com\/es\/wp-content\/uploads\/2026\/01\/22PRICE.jpg\" alt=\"\" class=\"wp-image-1095233\" srcset=\"https:\/\/dimensionturistica.com\/es\/wp-content\/uploads\/2026\/01\/22PRICE.jpg 796w, https:\/\/dimensionturistica.com\/es\/wp-content\/uploads\/2026\/01\/22PRICE-300x93.jpg 300w, https:\/\/dimensionturistica.com\/es\/wp-content\/uploads\/2026\/01\/22PRICE-768x239.jpg 768w, https:\/\/dimensionturistica.com\/es\/wp-content\/uploads\/2026\/01\/22PRICE-750x234.jpg 750w\" sizes=\"(max-width: 796px) 100vw, 796px\" \/><\/figure>\n<\/figure>\n\n\n\n<p>De acuerdo con las cifras m\u00e1s recientes publicadas por el INEGI, en 2023 el valor del sector tur\u00edstico de M\u00e9xico alcanz\u00f3 los 2.58 billones de pesos, lo que represent\u00f3 el 8.6\u202f% del PIB nacional. En cuanto a los clientes de BanBaj\u00edo, hoteles y agencias de viaje representaron el 97% del monto transaccionado en el giro de viajes en 2024, 6 de cada 10 de estas compras fueron efectuadas con Tarjeta de Cr\u00e9dito y 42% se realizaron en canales digitales.<\/p>\n\n\n\n<p>Gracias a este acuerdo, BanBaj\u00edo pone a disposici\u00f3n de sus clientes una soluci\u00f3n tecnol\u00f3gica personalizada, ampliando los beneficios de usar sus tarjetas de cr\u00e9dito, d\u00e9bito y n\u00f3mina. Adem\u00e1s, cuenta con un centro de atenci\u00f3n telef\u00f3nica dedicado y operado por expertos en viajes, que ofrecer\u00e1 atenci\u00f3n especializada a los usuarios en todo momento.<\/p>\n\n\n\n<figure class=\"wp-block-gallery has-nested-images columns-default is-cropped wp-block-gallery-3 is-layout-flex wp-block-gallery-is-layout-flex\">\n<figure class=\"wp-block-image size-large\"><img decoding=\"async\" width=\"535\" height=\"321\" data-id=\"1095234\" src=\"https:\/\/dimensionturistica.com\/es\/wp-content\/uploads\/2026\/01\/15VIAJES.jpg\" alt=\"\" class=\"wp-image-1095234\" srcset=\"https:\/\/dimensionturistica.com\/es\/wp-content\/uploads\/2026\/01\/15VIAJES.jpg 535w, https:\/\/dimensionturistica.com\/es\/wp-content\/uploads\/2026\/01\/15VIAJES-300x180.jpg 300w\" sizes=\"(max-width: 535px) 100vw, 535px\" \/><\/figure>\n<\/figure>\n\n\n\n<p>\u201cAliarnos con un referente del sector de viajes como PriceTravel Holding, fortalece nuestra propuesta de valor y nos permite ofrecer a nuestros tarjetahabientes una plataforma exclusiva para reservar viajes de forma sencilla, segura y con descuentos especiales, confirmando que siempre ponemos al cliente en el centro de nuestras acciones\u201d, coment\u00f3 Ram\u00f3n Velarde, Director Ejecutivo de Banca Comercial de BanBaj\u00edo.<\/p>\n\n\n\n<figure class=\"wp-block-gallery has-nested-images columns-default is-cropped wp-block-gallery-4 is-layout-flex wp-block-gallery-is-layout-flex\">\n<figure class=\"wp-block-image size-large\"><img decoding=\"async\" width=\"500\" height=\"160\" data-id=\"1095235\" src=\"https:\/\/dimensionturistica.com\/es\/wp-content\/uploads\/2026\/01\/11BAJIO.jpg\" alt=\"\" class=\"wp-image-1095235\" srcset=\"https:\/\/dimensionturistica.com\/es\/wp-content\/uploads\/2026\/01\/11BAJIO.jpg 500w, https:\/\/dimensionturistica.com\/es\/wp-content\/uploads\/2026\/01\/11BAJIO-300x96.jpg 300w\" sizes=\"(max-width: 500px) 100vw, 500px\" \/><\/figure>\n<\/figure>\n\n\n\n<p>Por su parte, Juan Socas, Chief Commercial Officer de PriceTravel Holding, se\u00f1al\u00f3: \u201cEsta alianza representa un paso m\u00e1s en nuestra misi\u00f3n de proporcionar herramientas tecnol\u00f3gicas de alta gama a nuestros socios comerciales, que les permitan ofrecer un producto tur\u00edstico competitivo, completo y con el respaldo de una operaci\u00f3n robusta\u201d.<\/p>\n\n\n\n<p>Natalia Le\u00f3n, Gerente de Alianzas Comerciales de PriceTravel Holding, concluy\u00f3: \u201cEsta nueva integraci\u00f3n con BanBaj\u00edo, no solo enriquece la oferta para sus clientes, sino que tambi\u00e9n reafirma el liderazgo de PriceTravel Holding como socio estrat\u00e9gico en la evoluci\u00f3n digital de la industria de viajes&#8221;.<\/p>\n\n\n\n<figure class=\"wp-block-gallery has-nested-images columns-default is-cropped wp-block-gallery-5 is-layout-flex wp-block-gallery-is-layout-flex\">\n<figure class=\"wp-block-image size-large\"><img decoding=\"async\" width=\"536\" height=\"321\" data-id=\"1095236\" src=\"https:\/\/dimensionturistica.com\/es\/wp-content\/uploads\/2026\/01\/3VIAJES.jpg\" alt=\"\" class=\"wp-image-1095236\" srcset=\"https:\/\/dimensionturistica.com\/es\/wp-content\/uploads\/2026\/01\/3VIAJES.jpg 536w, https:\/\/dimensionturistica.com\/es\/wp-content\/uploads\/2026\/01\/3VIAJES-300x180.jpg 300w\" sizes=\"(max-width: 536px) 100vw, 536px\" \/><\/figure>\n<\/figure>\n","protected":false},"excerpt":{"rendered":"<p>&nbsp;BanBaj\u00edo anuncia una alianza estrat\u00e9gica con PriceTravel Holding, empresa l\u00edder en la distribuci\u00f3n de productos de viaje en Latinoam\u00e9rica. Esta colaboraci\u00f3n tiene como objetivo ofrecer a los tarjetahabientes de BanBaj\u00edo acceso exclusivo a su programa, con beneficios especiales en la selecci\u00f3n de hoteles, paquetes vacacionales (hotel + avi\u00f3n) y la opci\u00f3n de a\u00f1adir servicios complementarios [&hellip;]<\/p>\n","protected":false},"author":1,"featured_media":0,"comment_status":"open","ping_status":"closed","sticky":false,"template":"","format":"standard","meta":{"om_disable_all_campaigns":false,"jnews-multi-image_gallery":[],"jnews_single_post":[],"jnews_primary_category":[],"jnews_social_meta":[],"footnotes":""},"categories":[39],"tags":[],"class_list":["post-1095231","post","type-post","status-publish","format-standard","hentry","category-viajes"],"_links":{"self":[{"href":"https:\/\/dimensionturistica.com\/es\/wp-json\/wp\/v2\/posts\/1095231","targetHints":{"allow":["GET"]}}],"collection":[{"href":"https:\/\/dimensionturistica.com\/es\/wp-json\/wp\/v2\/posts"}],"about":[{"href":"https:\/\/dimensionturistica.com\/es\/wp-json\/wp\/v2\/types\/post"}],"author":[{"embeddable":true,"href":"https:\/\/dimensionturistica.com\/es\/wp-json\/wp\/v2\/users\/1"}],"replies":[{"embeddable":true,"href":"https:\/\/dimensionturistica.com\/es\/wp-json\/wp\/v2\/comments?post=1095231"}],"version-history":[{"count":1,"href":"https:\/\/dimensionturistica.com\/es\/wp-json\/wp\/v2\/posts\/1095231\/revisions"}],"predecessor-version":[{"id":1095237,"href":"https:\/\/dimensionturistica.com\/es\/wp-json\/wp\/v2\/posts\/1095231\/revisions\/1095237"}],"wp:attachment":[{"href":"https:\/\/dimensionturistica.com\/es\/wp-json\/wp\/v2\/media?parent=1095231"}],"wp:term":[{"taxonomy":"category","embeddable":true,"href":"https:\/\/dimensionturistica.com\/es\/wp-json\/wp\/v2\/categories?post=1095231"},{"taxonomy":"post_tag","embeddable":true,"href":"https:\/\/dimensionturistica.com\/es\/wp-json\/wp\/v2\/tags?post=1095231"}],"curies":[{"name":"wp","href":"https:\/\/api.w.org\/{rel}","templated":true}]}}