{"id":1095218,"date":"2026-01-09T17:28:59","date_gmt":"2026-01-09T17:28:59","guid":{"rendered":"https:\/\/dimensionturistica.com\/es\/?p=1095218"},"modified":"2026-01-09T17:28:59","modified_gmt":"2026-01-09T17:28:59","slug":"leon-xiv-el-tercer-papa-espanol-en-la-historia","status":"publish","type":"post","link":"https:\/\/dimensionturistica.com\/es\/leon-xiv-el-tercer-papa-espanol-en-la-historia\/","title":{"rendered":"Le\u00f3n XIV: El Tercer Papa Espa\u00f1ol en la Historia."},"content":{"rendered":"<h3>Un Viaje a la Historia: Le\u00f3n XIV y su Legado en Espa\u00f1a<\/h3>\n<p>En el vasto paisaje de la historia de la Iglesia Cat\u00f3lica, pocos acontecimientos han dejado una huella tan profunda como la elecci\u00f3n de un papa en tierras espa\u00f1olas. La figura de Le\u00f3n XIV, el tercer pont\u00edfice que tuvo el privilegio de llamar a Espa\u00f1a su hogar, representa no solo una conexi\u00f3n religiosa, sino tambi\u00e9n un punto de encuentro entre cultura, poder y espiritualidad.<\/p>\n<h4>El Contexto de su Papado<\/h4>\n<p>Le\u00f3n XIV, conocido originalmente como Juan Francisco, ascendi\u00f3 al papado en un momento en que Europa viv\u00eda tensiones pol\u00edticas y sociales. La elecci\u00f3n de un papa en Espa\u00f1a no solo marc\u00f3 un hito religioso, sino que tambi\u00e9n reflej\u00f3 la influencia y el poder del pa\u00eds en el panorama europeo de la \u00e9poca. Su papado se destac\u00f3 por esfuerzos de reforma y por fomentar una relaci\u00f3n m\u00e1s estrecha con las naciones cat\u00f3licas, buscando un equilibrio en una \u00e9poca de agitaci\u00f3n.<\/p>\n<h4>La Influencia en el Patrimonio Cultural<\/h4>\n<p>El legado de Le\u00f3n XIV no se limita a los \u00e1mbitos religiosos. Durante su mandato, se realizaron importantes iniciativas que impactaron la cultura y el arte en Espa\u00f1a. Los edificios eclesi\u00e1sticos construidos en su \u00e9poca a\u00fan perduran, haciendo eco de su liderazgo. Muchos viajeros que pisan las tierras espa\u00f1olas hoy en d\u00eda pueden hacerlo a trav\u00e9s de los mismos espacios que \u00e9l protegi\u00f3 y promovi\u00f3.<\/p>\n<p>Uno de los lugares que m\u00e1s resuena con su figura es la majestuosa Catedral de Le\u00f3n. Este ic\u00f3nico templo es un testimonio de la grandiosidad y de la fe que predomin\u00f3 en la \u00e9poca papal, albergando arte g\u00f3tico que atrae anualmente a miles de turistas deseosos de conectar con el pasado.<\/p>\n<h4>Rutas Tur\u00edsticas Inspiradas en su Legado<\/h4>\n<p>Para los amantes de la historia y el turismo religioso, seguir la ruta de Le\u00f3n XIV se convierte en una aventura fascinante. Desde su cuna en Purullena, en la provincia de Granada, hasta las ciudades llenas de historia como Le\u00f3n y Toledo, cada parada es una ventana hacia el pasado y una oportunidad para entender la interacci\u00f3n entre la pol\u00edtica y la religi\u00f3n.<\/p>\n<p>Las festividades y rituales que se mantienen en estas ciudades forman parte de un patrimonio inmaterial que se transmite de generaci\u00f3n en generaci\u00f3n. Experimentar estas tradiciones permite a los viajeros no solo admirar la belleza arquitect\u00f3nica, sino tambi\u00e9n comprender la esencia de una \u00e9poca que fue crucial para la formaci\u00f3n del catolicismo en Europa.<\/p>\n<h4>La Conexi\u00f3n con la Actualidad<\/h4>\n<p>Hoy, Le\u00f3n XIV contin\u00faa inspirando a muchos en su b\u00fasqueda de la espiritualidad. Las ense\u00f1anzas y la visi\u00f3n del papa de origen espa\u00f1ol resuenan en los corazones de quienes buscan una uni\u00f3n entre la fe y la humanidad en un mundo cada vez m\u00e1s secular. Las discusiones sobre su legado fomentan el di\u00e1logo acerca de la relevancia de la iglesia en la sociedad contempor\u00e1nea.<\/p>\n<p>El atractivo de su historia trasciende la religi\u00f3n; Le\u00f3n XIV enlaza los hilos de la pol\u00edtica, la cultura y la identidad espa\u00f1ola. Su figura es un recordatorio de que, en cada rinc\u00f3n del pa\u00eds, hay historias que esperan ser contadas.<\/p>\n<h4>Conclusi\u00f3n<\/h4>\n<p>Explorar la vida y el legado de Le\u00f3n XIV ampl\u00eda nuestra comprensi\u00f3n no solo de la historia de la Iglesia, sino tambi\u00e9n de la rica tapestria cultural que define a Espa\u00f1a hoy. Desde los bellos paisajes hasta las edificaciones emblem\u00e1ticas, cada paso en este recorrido hist\u00f3rico permite a los viajeros conectar con un pasado que sigue vivo, lleno de lecciones, arte y fe. Si alguna vez te preguntas c\u00f3mo la historia y el turismo pueden entrelazarse, la trama de Le\u00f3n XIV es un ejemplo viviente de que los caminos del pasado siguen atrayendo a aquellos que buscan comprender su presente.<\/p>\n<p><em> &#8221; Fuentes columnadigital.com &#8221; <\/em><\/p>\n","protected":false},"excerpt":{"rendered":"<p>Un Viaje a la Historia: Le\u00f3n XIV y su Legado en Espa\u00f1a En el vasto paisaje de la historia de la Iglesia Cat\u00f3lica, pocos acontecimientos han dejado una huella tan profunda como la elecci\u00f3n de un papa en tierras espa\u00f1olas. La figura de Le\u00f3n XIV, el tercer pont\u00edfice que tuvo el privilegio de llamar a [&hellip;]<\/p>\n","protected":false},"author":4,"featured_media":0,"comment_status":"open","ping_status":"closed","sticky":false,"template":"","format":"standard","meta":{"om_disable_all_campaigns":false,"jnews-multi-image_gallery":[],"jnews_single_post":[],"jnews_primary_category":[],"jnews_social_meta":[],"footnotes":""},"categories":[39],"tags":[233985,770,6643,17983,223034,23732,263004,44168,1728,212983,467,250111,263003,3422],"class_list":["post-1095218","post","type-post","status-publish","format-standard","hentry","category-viajes","tag-columna-digital","tag-espana","tag-historia","tag-iglesia-catolica","tag-leon-xiv","tag-papado","tag-papas-espanoles","tag-peregrinaciones","tag-periodismo","tag-predecesores","tag-religion","tag-teologia","tag-tercer-pontifice","tag-vaticano"],"_links":{"self":[{"href":"https:\/\/dimensionturistica.com\/es\/wp-json\/wp\/v2\/posts\/1095218","targetHints":{"allow":["GET"]}}],"collection":[{"href":"https:\/\/dimensionturistica.com\/es\/wp-json\/wp\/v2\/posts"}],"about":[{"href":"https:\/\/dimensionturistica.com\/es\/wp-json\/wp\/v2\/types\/post"}],"author":[{"embeddable":true,"href":"https:\/\/dimensionturistica.com\/es\/wp-json\/wp\/v2\/users\/4"}],"replies":[{"embeddable":true,"href":"https:\/\/dimensionturistica.com\/es\/wp-json\/wp\/v2\/comments?post=1095218"}],"version-history":[{"count":1,"href":"https:\/\/dimensionturistica.com\/es\/wp-json\/wp\/v2\/posts\/1095218\/revisions"}],"predecessor-version":[{"id":1095219,"href":"https:\/\/dimensionturistica.com\/es\/wp-json\/wp\/v2\/posts\/1095218\/revisions\/1095219"}],"wp:attachment":[{"href":"https:\/\/dimensionturistica.com\/es\/wp-json\/wp\/v2\/media?parent=1095218"}],"wp:term":[{"taxonomy":"category","embeddable":true,"href":"https:\/\/dimensionturistica.com\/es\/wp-json\/wp\/v2\/categories?post=1095218"},{"taxonomy":"post_tag","embeddable":true,"href":"https:\/\/dimensionturistica.com\/es\/wp-json\/wp\/v2\/tags?post=1095218"}],"curies":[{"name":"wp","href":"https:\/\/api.w.org\/{rel}","templated":true}]}}