{"id":1095125,"date":"2026-01-09T14:09:34","date_gmt":"2026-01-09T14:09:34","guid":{"rendered":"https:\/\/dimensionturistica.com\/es\/?p=1095125"},"modified":"2026-01-09T14:09:34","modified_gmt":"2026-01-09T14:09:34","slug":"playas-zonas-arqueologicas-ecoturismo-y-una-gastronomia-emblematica-hacen-de-compostela-el-destino-ideal-para-un-fin-de-semana-completo-en-nayarit","status":"publish","type":"post","link":"https:\/\/dimensionturistica.com\/es\/playas-zonas-arqueologicas-ecoturismo-y-una-gastronomia-emblematica-hacen-de-compostela-el-destino-ideal-para-un-fin-de-semana-completo-en-nayarit\/","title":{"rendered":"Playas, zonas arqueol\u00f3gicas, ecoturismo y una gastronom\u00eda emblem\u00e1tica hacen de Compostela el destino ideal para un fin de semana completo en Nayarit."},"content":{"rendered":"\n<figure class=\"wp-block-gallery has-nested-images columns-default is-cropped wp-block-gallery-1 is-layout-flex wp-block-gallery-is-layout-flex\">\n<figure class=\"wp-block-image size-large\"><img decoding=\"async\" width=\"500\" height=\"150\" data-id=\"1095126\" src=\"https:\/\/dimensionturistica.com\/es\/wp-content\/uploads\/2026\/01\/5NAYA-1.jpg\" alt=\"\" class=\"wp-image-1095126\" srcset=\"https:\/\/dimensionturistica.com\/es\/wp-content\/uploads\/2026\/01\/5NAYA-1.jpg 500w, https:\/\/dimensionturistica.com\/es\/wp-content\/uploads\/2026\/01\/5NAYA-1-300x90.jpg 300w\" sizes=\"(max-width: 500px) 100vw, 500px\" \/><\/figure>\n<\/figure>\n\n\n\n<p>Declarado Pueblo M\u00e1gico el 11 de octubre de 2018, este rinc\u00f3n de Nayarit \u2014cuyo nombre significa \u201ccampo de estrellas\u201d\u2014 invita a vivir un fin de semana donde la historia, la arquitectura colonial y los paisajes naturales conviven en perfecta armon\u00eda, as\u00ed como por su agradable clima y su ambiente tranquilo lo convierten en una excelente opci\u00f3n para quienes buscan cultura, descanso y contacto con la naturaleza.<\/p>\n\n\n\n<p>Fundada en 1530 por Nu\u00f1o Beltr\u00e1n de Guzm\u00e1n bajo el nombre de Villa del Esp\u00edritu de la Nueva Galicia, Compostela es uno de los asentamientos m\u00e1s antiguos del estado, por lo que su cabecera municipal resguarda importantes edificios hist\u00f3ricos, como la parroquia de Santiago Ap\u00f3stol, adem\u00e1s de espacios culturales como la Casa de la Cultura y el Museo de Compostela, donde se exhiben piezas arqueol\u00f3gicas que dan testimonio de las civilizaciones que habitaron la regi\u00f3n.<\/p>\n\n\n\n<figure class=\"wp-block-gallery has-nested-images columns-default is-cropped wp-block-gallery-2 is-layout-flex wp-block-gallery-is-layout-flex\">\n<figure class=\"wp-block-image size-large\"><img decoding=\"async\" width=\"500\" height=\"280\" data-id=\"1095127\" src=\"https:\/\/dimensionturistica.com\/es\/wp-content\/uploads\/2026\/01\/3NAYA.jpg\" alt=\"\" class=\"wp-image-1095127\" srcset=\"https:\/\/dimensionturistica.com\/es\/wp-content\/uploads\/2026\/01\/3NAYA.jpg 500w, https:\/\/dimensionturistica.com\/es\/wp-content\/uploads\/2026\/01\/3NAYA-300x168.jpg 300w\" sizes=\"(max-width: 500px) 100vw, 500px\" \/><\/figure>\n<\/figure>\n\n\n\n<p>Este municipio es especial porque en \u00e9l convergen el mar, la sierra y la vida de un aut\u00e9ntico y pintoresco pueblo. Desde su zona cafetalera en Cumbres de Huicicila, reconocida por el trabajo artesanal en los beneficios del caf\u00e9, hasta su \u00e1rea costera con playas de arenas doradas y olas ideales para el surf, Compostela ofrece experiencias para todos los gustos y bolsillos.<\/p>\n\n\n\n<p>Entre sus actividades imperdibles destacan el ciclismo, el kayak, el senderismo y las visitas a talleres artesanales de talabarter\u00eda, un oficio tradicional que sigue vivo en la regi\u00f3n.<\/p>\n\n\n\n<p>La gastronom\u00eda es otro de los grandes motivos para visitar Compostela, gracias a ser uno de los grandes lugares para probar el platillo por excelencia de Nayarit, el pescado zarandeado, no obstante, no es lo \u00fanico que debes probar, ya que quedar\u00e1s enamorado de su ceviche, el caldo de camar\u00f3n, la sopa de osti\u00f3n, el tradicional pollo a la Ixtl\u00e1n, cl\u00e1sicas quesadillas de frijoles, especialmente si se visita el Mercado Municipal, un punto imperdible para conocer los sabores locales.<\/p>\n\n\n\n<p>Entre sus principales atractivos se encuentra la Isla del Coral, un oasis de arena blanca, aguas azules y arrecifes, considerado reserva ecol\u00f3gica y hogar de tortugas, aves marinas, corales y peces multicolores, al que se puede llegar en lancha desde Rinc\u00f3n de Guayabitos.<\/p>\n\n\n\n<p>Playa Platanitos, al sur del municipio, ofrece oleaje tranquilo, ideal para nadar y descansar, adem\u00e1s de palapas donde se preparan pescados a la parrilla como pargo o huachinango.<\/p>\n\n\n\n<p>El Museo de Arqueolog\u00eda e Historia, creado en la d\u00e9cada de los setenta, alberga esculturas, instrumentos musicales y utensilios prehisp\u00e1nicos.<\/p>\n\n\n\n<figure class=\"wp-block-gallery has-nested-images columns-default is-cropped wp-block-gallery-3 is-layout-flex wp-block-gallery-is-layout-flex\">\n<figure class=\"wp-block-image size-large\"><img decoding=\"async\" width=\"500\" height=\"333\" data-id=\"1095128\" src=\"https:\/\/dimensionturistica.com\/es\/wp-content\/uploads\/2026\/01\/1NAYA-1.jpg\" alt=\"\" class=\"wp-image-1095128\" srcset=\"https:\/\/dimensionturistica.com\/es\/wp-content\/uploads\/2026\/01\/1NAYA-1.jpg 500w, https:\/\/dimensionturistica.com\/es\/wp-content\/uploads\/2026\/01\/1NAYA-1-300x200.jpg 300w\" sizes=\"(max-width: 500px) 100vw, 500px\" \/><\/figure>\n<\/figure>\n\n\n\n<p>Zona arqueol\u00f3gica de Alta Vista, cercana a Chacala y que data del a\u00f1o 300 a. C., es un escenario que sorprende con petroglifos que reflejan creencias relacionadas con la salud, la fertilidad y los ciclos naturales de antiguos pueblos descendientes de la cultura Tecoxquin.<\/p>\n\n\n\n<p>Parque Natural Punta Custodio, un espacio m\u00e1s que interesante ya que adem\u00e1s de aprender sobre la conservaci\u00f3n de tortugas marinas, es posible ser parte de voluntariado en programas de protecci\u00f3n de anidaci\u00f3n. Adem\u00e1s, posee cercan\u00eda con playas como Playa Tortugas, una garant\u00eda casi virgen y rodeada de pe\u00f1ascos, palmeras y esteros, ofrecen un paisaje impresionante y son sitio de desove de distintas especies de tortugas.<\/p>\n\n\n\n<p>Durante ciertas temporadas, localidades como Rinc\u00f3n de Guayabitos, Los Ayala y playas cercanas tambi\u00e9n se convierten en puntos privilegiados para el avistamiento de ballenas, una experiencia que suele realizarse a trav\u00e9s de tours locales.<\/p>\n\n\n\n<p>Compostela es un lugar lleno de paisajes y aventuras y sin duda, es un destino que invita a descubrir Nayarit desde su esencia, tradiciones, sabores y una naturaleza que se deja disfrutar en todos sus rincones, as\u00ed que no esperes m\u00e1s, toma tu mochila y avent\u00farate por este incre\u00edble lugar.<\/p>\n\n\n\n<p>Para m\u00e1s informaci\u00f3n visita:<\/p>\n\n\n\n<figure class=\"wp-block-embed is-type-wp-embed is-provider-visit-nayarit wp-block-embed-visit-nayarit\"><div class=\"wp-block-embed__wrapper\">\n<blockquote class=\"wp-embedded-content\" data-secret=\"4yYa9WyAdY\"><a href=\"https:\/\/visitnayarit.travel\/\">Inicio Visit Nayarit 2025<\/a><\/blockquote><iframe loading=\"lazy\" class=\"wp-embedded-content\" sandbox=\"allow-scripts\" security=\"restricted\" style=\"position: absolute; visibility: hidden;\" title=\"&#8220;Inicio Visit Nayarit 2025&#8221; &#8212; Visit Nayarit\" src=\"https:\/\/visitnayarit.travel\/embed\/#?secret=Gxcb6CnLa8#?secret=4yYa9WyAdY\" data-secret=\"4yYa9WyAdY\" width=\"500\" height=\"282\" frameborder=\"0\" marginwidth=\"0\" marginheight=\"0\" scrolling=\"no\"><\/iframe>\n<\/div><\/figure>\n","protected":false},"excerpt":{"rendered":"<p>Declarado Pueblo M\u00e1gico el 11 de octubre de 2018, este rinc\u00f3n de Nayarit \u2014cuyo nombre significa \u201ccampo de estrellas\u201d\u2014 invita a vivir un fin de semana donde la historia, la arquitectura colonial y los paisajes naturales conviven en perfecta armon\u00eda, as\u00ed como por su agradable clima y su ambiente tranquilo lo convierten en una excelente [&hellip;]<\/p>\n","protected":false},"author":1,"featured_media":0,"comment_status":"open","ping_status":"closed","sticky":false,"template":"","format":"standard","meta":{"om_disable_all_campaigns":false,"jnews-multi-image_gallery":[],"jnews_single_post":[],"jnews_primary_category":[],"jnews_social_meta":[],"footnotes":""},"categories":[39],"tags":[],"class_list":["post-1095125","post","type-post","status-publish","format-standard","hentry","category-viajes"],"_links":{"self":[{"href":"https:\/\/dimensionturistica.com\/es\/wp-json\/wp\/v2\/posts\/1095125","targetHints":{"allow":["GET"]}}],"collection":[{"href":"https:\/\/dimensionturistica.com\/es\/wp-json\/wp\/v2\/posts"}],"about":[{"href":"https:\/\/dimensionturistica.com\/es\/wp-json\/wp\/v2\/types\/post"}],"author":[{"embeddable":true,"href":"https:\/\/dimensionturistica.com\/es\/wp-json\/wp\/v2\/users\/1"}],"replies":[{"embeddable":true,"href":"https:\/\/dimensionturistica.com\/es\/wp-json\/wp\/v2\/comments?post=1095125"}],"version-history":[{"count":1,"href":"https:\/\/dimensionturistica.com\/es\/wp-json\/wp\/v2\/posts\/1095125\/revisions"}],"predecessor-version":[{"id":1095129,"href":"https:\/\/dimensionturistica.com\/es\/wp-json\/wp\/v2\/posts\/1095125\/revisions\/1095129"}],"wp:attachment":[{"href":"https:\/\/dimensionturistica.com\/es\/wp-json\/wp\/v2\/media?parent=1095125"}],"wp:term":[{"taxonomy":"category","embeddable":true,"href":"https:\/\/dimensionturistica.com\/es\/wp-json\/wp\/v2\/categories?post=1095125"},{"taxonomy":"post_tag","embeddable":true,"href":"https:\/\/dimensionturistica.com\/es\/wp-json\/wp\/v2\/tags?post=1095125"}],"curies":[{"name":"wp","href":"https:\/\/api.w.org\/{rel}","templated":true}]}}