{"id":1095110,"date":"2026-01-09T13:25:50","date_gmt":"2026-01-09T13:25:50","guid":{"rendered":"https:\/\/dimensionturistica.com\/es\/?p=1095110"},"modified":"2026-01-09T13:25:50","modified_gmt":"2026-01-09T13:25:50","slug":"cabello-oscuro-deslumbrante-asi-opta-gigi-hadid-por-un-bob-chic-y-dice-adios-al-rubio-en-2026","status":"publish","type":"post","link":"https:\/\/dimensionturistica.com\/es\/cabello-oscuro-deslumbrante-asi-opta-gigi-hadid-por-un-bob-chic-y-dice-adios-al-rubio-en-2026\/","title":{"rendered":"Cabello oscuro deslumbrante: as\u00ed opta Gigi Hadid por un bob chic y dice adi\u00f3s al rubio en 2026."},"content":{"rendered":"<h3>Gigi Hadid Revoluciona el Estilo con su Nuevo Bob Negro<\/h3>\n<p>El mundo de la moda siempre est\u00e1 en constante evoluci\u00f3n, y recientemente, Gigi Hadid ha capturado la atenci\u00f3n del p\u00fablico al transformarse con un audaz corte de cabello bob en un intenso tono negro. Esta decisi\u00f3n ha dejado a muchos admiradores y expertos en estilo comentando sobre su impacto y sobre c\u00f3mo este cambio podr\u00eda influir en las tendencias de belleza del a\u00f1o.<\/p>\n<h4>Un Cambio Sorprendente<\/h4>\n<p>Gigi, conocida por su versatilidad y estilo impecable, decidi\u00f3 dar un giro inesperado a su imagen. El bob negro no solo resalta sus rasgos, sino que tambi\u00e9n aporta un aire de sofisticaci\u00f3n y modernidad. Este corte, que ha regresado a la vanguardia de las tendencias capilares, se adapta perfectamente a la est\u00e9tica minimalista que est\u00e1 dominando.<\/p>\n<h4>La Influencia del Color<\/h4>\n<p>El negro es un color lleno de elegancia y misterio, y en el caso de Gigi, destaca su piel radiante y sus ojos, creando un contraste espectacular. Este tono, que ha sido un favorito en la pasarela, promete ser la elecci\u00f3n de muchas este oto\u00f1o. La versatilidad del bob permite que se luzca en diferentes estilos, desde un look pulido y ordenado, hasta una apariencia m\u00e1s desenfadada y texturizada.<\/p>\n<h4>La Versatilidad del Bob<\/h4>\n<p>El bob es un cl\u00e1sico que ha sido reinterpretado en numerosas ocasiones. Desde versiones asim\u00e9tricas hasta cortes rectos, este estilo es adaptable a diversas personalidades y ocasiones. Gigi Hadid ha demostrado que este corte puede ser tanto chic como casual. Su capacidad para jugar con accesorios y prendas de vestuario complementa la esencia del bob, haciendo que sea a\u00fan m\u00e1s atractivo.<\/p>\n<h4>Inspiraci\u00f3n de Pasarela a la Vida Cotidiana<\/h4>\n<p>La transformaci\u00f3n de Gigi no solo impacta en el \u00e1mbito de la moda, sino que tambi\u00e9n sirve como inspiraci\u00f3n para quienes buscan un cambio. Este tipo de corte y color puede ser una manera efectiva de revitalizar el look personal, mostrando que a veces, un peque\u00f1o cambio puede tener un gran impacto. Experimentar con estilos y colores audaces puede ser el primer paso hacia una nueva versi\u00f3n de uno mismo.<\/p>\n<h4>El Poder de la Autenticidad<\/h4>\n<p>Desde sus inicios en el mundo de la moda, Gigi Hadid ha sabido posicionarse como un \u00edcono de estilo. Su capacidad para asumir riesgos y mantenerse aut\u00e9ntica es un recordatorio poderoso de que la moda es una forma de expresi\u00f3n personal. Cada elecci\u00f3n de estilo cuenta una historia, y el nuevo bob negro es solo un cap\u00edtulo m\u00e1s de su trayectoria.<\/p>\n<h4>\u00bfQu\u00e9 Siguiente?<\/h4>\n<p>La opci\u00f3n de Gigi de cambiar su cabello ha abierto un sinf\u00edn de posibilidades para quienes buscan reinventarse. Esto invita a la reflexi\u00f3n sobre la relaci\u00f3n que tenemos con nuestro estilo personal y c\u00f3mo este puede transformarse en un reflejo de nuestras emociones y momentos de vida. El bob negro no solo es una tendencia; es una declaraci\u00f3n de intenciones.<\/p>\n<p>Al final del d\u00eda, el estilo siempre encontrar\u00e1 maneras de inspirar, y la audacia por parte de figuras como Gigi Hadid es un combustible para todos aquellos que buscan su propio camino en el vasto mundo de la moda. Con cada cambio, se establece una nueva narrativa, y el bob negro es un intrigante comienzo para este a\u00f1o en particular.<\/p>\n<p><em> &#8221; Fuentes www.vogue.mx &#8221; <\/em><\/p>\n","protected":false},"excerpt":{"rendered":"<p>Gigi Hadid Revoluciona el Estilo con su Nuevo Bob Negro El mundo de la moda siempre est\u00e1 en constante evoluci\u00f3n, y recientemente, Gigi Hadid ha capturado la atenci\u00f3n del p\u00fablico al transformarse con un audaz corte de cabello bob en un intenso tono negro. Esta decisi\u00f3n ha dejado a muchos admiradores y expertos en estilo [&hellip;]<\/p>\n","protected":false},"author":14,"featured_media":1095111,"comment_status":"open","ping_status":"closed","sticky":false,"template":"","format":"standard","meta":{"om_disable_all_campaigns":false,"jnews-multi-image_gallery":[],"jnews_single_post":[],"jnews_primary_category":[],"jnews_social_meta":[],"footnotes":""},"categories":[144872],"tags":[39783,233139,210128,200508,99912,251624,262987,2182],"class_list":["post-1095110","post","type-post","status-publish","format-standard","has-post-thumbnail","hentry","category-fashion","tag-cabello","tag-cabello-negro","tag-corte-bob","tag-cortes-de-cabello","tag-gigi-hadid","tag-moda-2026","tag-renuncia-al-rubio","tag-tendencias"],"_links":{"self":[{"href":"https:\/\/dimensionturistica.com\/es\/wp-json\/wp\/v2\/posts\/1095110","targetHints":{"allow":["GET"]}}],"collection":[{"href":"https:\/\/dimensionturistica.com\/es\/wp-json\/wp\/v2\/posts"}],"about":[{"href":"https:\/\/dimensionturistica.com\/es\/wp-json\/wp\/v2\/types\/post"}],"author":[{"embeddable":true,"href":"https:\/\/dimensionturistica.com\/es\/wp-json\/wp\/v2\/users\/14"}],"replies":[{"embeddable":true,"href":"https:\/\/dimensionturistica.com\/es\/wp-json\/wp\/v2\/comments?post=1095110"}],"version-history":[{"count":1,"href":"https:\/\/dimensionturistica.com\/es\/wp-json\/wp\/v2\/posts\/1095110\/revisions"}],"predecessor-version":[{"id":1095112,"href":"https:\/\/dimensionturistica.com\/es\/wp-json\/wp\/v2\/posts\/1095110\/revisions\/1095112"}],"wp:featuredmedia":[{"embeddable":true,"href":"https:\/\/dimensionturistica.com\/es\/wp-json\/wp\/v2\/media\/1095111"}],"wp:attachment":[{"href":"https:\/\/dimensionturistica.com\/es\/wp-json\/wp\/v2\/media?parent=1095110"}],"wp:term":[{"taxonomy":"category","embeddable":true,"href":"https:\/\/dimensionturistica.com\/es\/wp-json\/wp\/v2\/categories?post=1095110"},{"taxonomy":"post_tag","embeddable":true,"href":"https:\/\/dimensionturistica.com\/es\/wp-json\/wp\/v2\/tags?post=1095110"}],"curies":[{"name":"wp","href":"https:\/\/api.w.org\/{rel}","templated":true}]}}