{"id":1095025,"date":"2026-01-09T08:40:43","date_gmt":"2026-01-09T08:40:43","guid":{"rendered":"https:\/\/dimensionturistica.com\/es\/?p=1095025"},"modified":"2026-01-09T08:40:43","modified_gmt":"2026-01-09T08:40:43","slug":"candidatos-a-los-premios-de-actuacion-2026-catalogo-integro","status":"publish","type":"post","link":"https:\/\/dimensionturistica.com\/es\/candidatos-a-los-premios-de-actuacion-2026-catalogo-integro\/","title":{"rendered":"Candidatos a los Premios de Actuaci\u00f3n 2026: Cat\u00e1logo \u00edntegro"},"content":{"rendered":"<h3>La Gala de los Premios M\u00e1s Esperados del A\u00f1o: Un An\u00e1lisis de las Nominaciones M\u00e1s Trendy<\/h3>\n<p>Los Premios Be Actor 2026 han captado la atenci\u00f3n no solo de los amantes del cine, sino tambi\u00e9n de los apasionados de la moda. Este evento no solo celebra las actuaciones destacadas del a\u00f1o, sino que tambi\u00e9n se ha convertido en una plataforma para mostrar las tendencias m\u00e1s audaces que marcan el rumbo del estilo. A medida que se desvelan los nominados, es imposible no hablar de c\u00f3mo cada candidato trasciende su rol actoral para convertirse en un referente de moda.<\/p>\n<h3>Los Nominados que Marcan Tendencia<\/h3>\n<p>Entre los hombres nominados, algunos nombres resuena con fuerza, destac\u00e1ndose no solo por su talento, sino tambi\u00e9n por sus elecciones de vestuario. Cada uno de ellos ha sabido construir una imagen que refleja su personalidad y su arte, fusionando informalidad y elegancia. Este a\u00f1o, las texturas y los cortes cl\u00e1sicos est\u00e1n ganando notoriedad, un gui\u00f1o a la versatilidad masculina de hoy.<\/p>\n<p>Por otro lado, las actrices que compiten este a\u00f1o han llevado la moda a otro nivel, utilizando su plataforma para impulsar dise\u00f1os de nuevas generaciones. El uso de colores vibrantes y siluetas audaces en sus elecciones de vestuario abren un di\u00e1logo sobre la feminidad y el poder. Las alfombras rojas no son solo pasajes de ingreso a las ceremonias; son escenarios donde se presentan declaraciones de estilo que, sin duda, resonar\u00e1n en las tendencias de la pr\u00f3xima temporada.<\/p>\n<h3>La Influencia de la Moda en el Cine<\/h3>\n<p>Cada vez m\u00e1s, la industria del cine y la moda se est\u00e1n entrelazando. Las colaboraciones entre dise\u00f1adores y artistas trascienden las galer\u00edas y las pasarelas para entrar en el mundo del s\u00e9ptimo arte. Esta interacci\u00f3n ha resultado en una revitalizaci\u00f3n del vestuario cinematogr\u00e1fico, donde cada atuendo cuenta una historia, un reflejo de los personajes y sus conflictos.<\/p>\n<p>Las elecciones de vestuario en esta ceremonia son, en gran medida, una extensi\u00f3n de lo que los nominados han representado en sus papeles. La manera en que se presentan al p\u00fablico tiene un impacto tangible en c\u00f3mo sus actuaciones son percibidas y recordadas.<\/p>\n<h3>Expectativas en la Alfombra Roja<\/h3>\n<p>Con la fecha del evento acerc\u00e1ndose, las expectativas sobre la alfombra roja est\u00e1n por las nubes. Las redes sociales ya est\u00e1n llenas de rumores y especulaciones sobre qu\u00e9 dise\u00f1adores vestir\u00e1n a los nominados, y los fans no pueden esperar para ver las elecciones audaces que dar\u00e1n de qu\u00e9 hablar. Las plataformas digitales se convertir\u00e1n en un hervidero de comentarios, analizando cada mirada y detalle del vestuario.<\/p>\n<h3>El Poder de la Moda como Voz<\/h3>\n<p>La moda, al igual que el cine, tiene el poder de influir y generar conversaciones. Mientras los nominados se preparan para brillar en la gala, es evidente que sus elecciones de vestuario no son mero adorno; representan un paso hacia adelante en la b\u00fasqueda de la inclusi\u00f3n y la diversidad en la industria. Cada dise\u00f1o, cada elecci\u00f3n estil\u00edstica, se convierte en una declaraci\u00f3n sobre qui\u00e9nes son y qu\u00e9 quieren transmitir al mundo.<\/p>\n<h3>Conclusiones Implicadas en el Estilo<\/h3>\n<p>La inminente celebraci\u00f3n de los Premios Be Actor ha puesto el enfoque no solo en los logros art\u00edsticos de sus nominados, sino tambi\u00e9n en el impacto que la moda tiene en la forma en que estos artistas son percibidos. La alfombra roja se prepara para ser un lienzo donde se plasmar\u00e1 el arte, no solo en las actuaciones, sino tambi\u00e9n en la forma y detr\u00e1s de cada atuendo.<\/p>\n<p>Con cada anuncio y cada look, la emoci\u00f3n crece. La conexi\u00f3n entre el cine y la moda se vuelve cada vez m\u00e1s \u00edntima, invitando al p\u00fablico a participar en una experiencia que va m\u00e1s all\u00e1 de la pantalla. \u00bfQui\u00e9n ser\u00e1 el que defina la tendencia de este a\u00f1o? Solo el tiempo lo dir\u00e1, pero una cosa es cierta: el espect\u00e1culo est\u00e1 asegurado.<\/p>\n<p><em> &#8221; Fuentes www.vogue.mx &#8221; <\/em><\/p>\n","protected":false},"excerpt":{"rendered":"<p>La Gala de los Premios M\u00e1s Esperados del A\u00f1o: Un An\u00e1lisis de las Nominaciones M\u00e1s Trendy Los Premios Be Actor 2026 han captado la atenci\u00f3n no solo de los amantes del cine, sino tambi\u00e9n de los apasionados de la moda. Este evento no solo celebra las actuaciones destacadas del a\u00f1o, sino que tambi\u00e9n se ha [&hellip;]<\/p>\n","protected":false},"author":14,"featured_media":1095026,"comment_status":"open","ping_status":"closed","sticky":false,"template":"","format":"standard","meta":{"om_disable_all_campaigns":false,"jnews-multi-image_gallery":[],"jnews_single_post":[],"jnews_primary_category":[],"jnews_social_meta":[],"footnotes":""},"categories":[144872],"tags":[55723,261253,23275,875,1371,85532,17323,966,201813],"class_list":["post-1095025","post","type-post","status-publish","format-standard","has-post-thumbnail","hentry","category-fashion","tag-55723","tag-actor-awards","tag-actores","tag-cine","tag-entretenimiento","tag-lista-completa","tag-nominados","tag-premios","tag-sag-awards"],"_links":{"self":[{"href":"https:\/\/dimensionturistica.com\/es\/wp-json\/wp\/v2\/posts\/1095025","targetHints":{"allow":["GET"]}}],"collection":[{"href":"https:\/\/dimensionturistica.com\/es\/wp-json\/wp\/v2\/posts"}],"about":[{"href":"https:\/\/dimensionturistica.com\/es\/wp-json\/wp\/v2\/types\/post"}],"author":[{"embeddable":true,"href":"https:\/\/dimensionturistica.com\/es\/wp-json\/wp\/v2\/users\/14"}],"replies":[{"embeddable":true,"href":"https:\/\/dimensionturistica.com\/es\/wp-json\/wp\/v2\/comments?post=1095025"}],"version-history":[{"count":1,"href":"https:\/\/dimensionturistica.com\/es\/wp-json\/wp\/v2\/posts\/1095025\/revisions"}],"predecessor-version":[{"id":1095027,"href":"https:\/\/dimensionturistica.com\/es\/wp-json\/wp\/v2\/posts\/1095025\/revisions\/1095027"}],"wp:featuredmedia":[{"embeddable":true,"href":"https:\/\/dimensionturistica.com\/es\/wp-json\/wp\/v2\/media\/1095026"}],"wp:attachment":[{"href":"https:\/\/dimensionturistica.com\/es\/wp-json\/wp\/v2\/media?parent=1095025"}],"wp:term":[{"taxonomy":"category","embeddable":true,"href":"https:\/\/dimensionturistica.com\/es\/wp-json\/wp\/v2\/categories?post=1095025"},{"taxonomy":"post_tag","embeddable":true,"href":"https:\/\/dimensionturistica.com\/es\/wp-json\/wp\/v2\/tags?post=1095025"}],"curies":[{"name":"wp","href":"https:\/\/api.w.org\/{rel}","templated":true}]}}