{"id":1094902,"date":"2026-01-09T02:14:48","date_gmt":"2026-01-09T02:14:48","guid":{"rendered":"https:\/\/dimensionturistica.com\/es\/?p=1094902"},"modified":"2026-01-09T02:14:48","modified_gmt":"2026-01-09T02:14:48","slug":"los-jeans-blancos-de-los-90-regresaran-en-2026-si-sabes-como-lucirlos","status":"publish","type":"post","link":"https:\/\/dimensionturistica.com\/es\/los-jeans-blancos-de-los-90-regresaran-en-2026-si-sabes-como-lucirlos\/","title":{"rendered":"Los jeans blancos de los 90 regresar\u00e1n en 2026 (si sabes c\u00f3mo lucirlos)."},"content":{"rendered":"<h3>La Revoluci\u00f3n del Denim: \u00bfEst\u00e1n listos para los Jeans Blancos de los 90?<\/h3>\n<p>En el universo de la moda, las tendencias tienden a circular en un ciclo interminable. Lo que ayer fue un \u00edcono, hoy puede volverse obsoleto, pero el estilo nunca muere; simplemente se reinventa. En 2026, los jeans blancos de los a\u00f1os 90 est\u00e1n haciendo su regreso triunfal, y ya sea que ames o desprecie esta prenda, es imposible ignorar el impacto que tienen en el guardarropa contempor\u00e1neo.<\/p>\n<h4>Vuelve el Estilo Despreocupado<\/h4>\n<p>Los jeans blancos de los 90 son la representaci\u00f3n perfecta del estilo despreocupado que caracterizaba la moda de aquella \u00e9poca. Con cortes que var\u00edan desde el recto hasta el boyfriend, esta pieza emblem\u00e1tica ofrece una versatilidad que se alinea con las necesidades del armario moderno. Perfectos para combinar con camisetas gr\u00e1ficas o blusas elegantes, estos jeans son ideales para el d\u00eda a d\u00eda y las ocasiones especiales. <\/p>\n<h4>C\u00f3mo Llevarlos: \u00a1La Clave Est\u00e1 en los Detalles!<\/h4>\n<ol>\n<li>\n<p><strong>Elimonio de Cortes:<\/strong><\/p>\n<ul>\n<li>Elige cortes amplios o de tiro alto para lograr una silueta que alarga las piernas.<\/li>\n<li>Los jeans skinny est\u00e1n en el pasado; opta por un modelo m\u00e1s holgado que permita movimiento y comodidad.<\/li>\n<\/ul>\n<\/li>\n<li>\n<p><strong>Paleta de Colores:<\/strong><\/p>\n<ul>\n<li>Combina tus jeans blancos con tonos neutros o pasteles para un look fresco y contempor\u00e1neo.<\/li>\n<li>Los colores vibrantes tambi\u00e9n son bienvenidos; solo aseg\u00farate de equilibrar la paleta para no sobrecargar el conjunto.<\/li>\n<\/ul>\n<\/li>\n<li>\n<p><strong>Capas Estrat\u00e9gicas:<\/strong><\/p>\n<ul>\n<li>Juega con las capas y a\u00f1ade un blazer o una chaqueta de cuero para contrastar la ligereza del denim blanco.<\/li>\n<li>Las chaquetas oversized son una opci\u00f3n ideal para lograr ese estilo relajado de los 90.<\/li>\n<\/ul>\n<\/li>\n<li>\n<p><strong>Calzado que Impacta:<\/strong><\/p>\n<ul>\n<li>Desde zapatillas deportivas hasta botas de combate, el calzado puede transformar por completo un look. <\/li>\n<li>Opta por sandalias de tiras para dar un toque elegante que sume modernidad a tus jeans.<\/li>\n<\/ul>\n<\/li>\n<\/ol>\n<h4>Accesorios que Hacen la Diferencia<\/h4>\n<p>Los accesorios son fundamentales para elevar cualquier conjunto. Joyer\u00eda chunky, gafas de sol grandes y cinturones llamativos pueden realzar la est\u00e9tica de los a\u00f1os 90. Optar por un bolso estructurado de colores contrastantes tambi\u00e9n puede agregar un elemento sorprendente a tu look, fusionando lo vintage con lo contempor\u00e1neo.<\/p>\n<h4>Colores y Texturas: La Tendencia de Combinar<\/h4>\n<p>No limitarnos a una sola textura es el secreto del \u00e9xito. Combinar diferentes materiales, como algod\u00f3n, cuero y lana, no solo crea contrastes interesantes, sino que permite expresar la creatividad personal. Esta estrategia se traduce en un estilismo que destaca por su originalidad y frescura.<\/p>\n<h4>Ediciones Geom\u00e9tricas y Detalles a la Vista<\/h4>\n<p>Los patrones geom\u00e9tricos o los bordados destacan perfectamente sobre el blanco, proporcionando un toquecito de modernidad a un cl\u00e1sico retro. Optar por blusas con detalles \u00fanicos, como manguitos abullonados o escotes asim\u00e9tricos, aportar\u00e1 un aire renovado a la tradicional est\u00e9tica de los 90.<\/p>\n<h4>Conclusion<\/h4>\n<p>El renacer de los jeans blancos de los a\u00f1os 90 no es solo una cuesti\u00f3n de nostalgias, sino una reafirmaci\u00f3n del estilo personal y la diversidad. No se trata de replicar un look, sino de reinterpretar una vida pasada para hacerla nuestra en el presente. \u00a1Atr\u00e9vete a experimentar y haz que tu guardarropa brille con esta poderosa tendencia!<\/p>\n<p><em> &#8221; Fuentes www.vogue.mx &#8221; <\/em><\/p>\n","protected":false},"excerpt":{"rendered":"<p>La Revoluci\u00f3n del Denim: \u00bfEst\u00e1n listos para los Jeans Blancos de los 90? En el universo de la moda, las tendencias tienden a circular en un ciclo interminable. Lo que ayer fue un \u00edcono, hoy puede volverse obsoleto, pero el estilo nunca muere; simplemente se reinventa. En 2026, los jeans blancos de los a\u00f1os 90 [&hellip;]<\/p>\n","protected":false},"author":14,"featured_media":1094903,"comment_status":"open","ping_status":"closed","sticky":false,"template":"","format":"standard","meta":{"om_disable_all_campaigns":false,"jnews-multi-image_gallery":[],"jnews_single_post":[],"jnews_primary_category":[],"jnews_social_meta":[],"footnotes":""},"categories":[144872],"tags":[138368,186485,7758,16596,206206,659,230504,260561,27057],"class_list":["post-1094902","post","type-post","status-publish","format-standard","has-post-thumbnail","hentry","category-fashion","tag-anos-90","tag-consejos-de-moda","tag-estilo","tag-jeans","tag-jeans-blancos","tag-moda","tag-primavera-verano-2026","tag-tendencia-2026","tag-vestuario"],"_links":{"self":[{"href":"https:\/\/dimensionturistica.com\/es\/wp-json\/wp\/v2\/posts\/1094902","targetHints":{"allow":["GET"]}}],"collection":[{"href":"https:\/\/dimensionturistica.com\/es\/wp-json\/wp\/v2\/posts"}],"about":[{"href":"https:\/\/dimensionturistica.com\/es\/wp-json\/wp\/v2\/types\/post"}],"author":[{"embeddable":true,"href":"https:\/\/dimensionturistica.com\/es\/wp-json\/wp\/v2\/users\/14"}],"replies":[{"embeddable":true,"href":"https:\/\/dimensionturistica.com\/es\/wp-json\/wp\/v2\/comments?post=1094902"}],"version-history":[{"count":1,"href":"https:\/\/dimensionturistica.com\/es\/wp-json\/wp\/v2\/posts\/1094902\/revisions"}],"predecessor-version":[{"id":1094904,"href":"https:\/\/dimensionturistica.com\/es\/wp-json\/wp\/v2\/posts\/1094902\/revisions\/1094904"}],"wp:featuredmedia":[{"embeddable":true,"href":"https:\/\/dimensionturistica.com\/es\/wp-json\/wp\/v2\/media\/1094903"}],"wp:attachment":[{"href":"https:\/\/dimensionturistica.com\/es\/wp-json\/wp\/v2\/media?parent=1094902"}],"wp:term":[{"taxonomy":"category","embeddable":true,"href":"https:\/\/dimensionturistica.com\/es\/wp-json\/wp\/v2\/categories?post=1094902"},{"taxonomy":"post_tag","embeddable":true,"href":"https:\/\/dimensionturistica.com\/es\/wp-json\/wp\/v2\/tags?post=1094902"}],"curies":[{"name":"wp","href":"https:\/\/api.w.org\/{rel}","templated":true}]}}