{"id":1094839,"date":"2026-01-08T23:05:08","date_gmt":"2026-01-08T23:05:08","guid":{"rendered":"https:\/\/dimensionturistica.com\/es\/?p=1094839"},"modified":"2026-01-08T23:05:08","modified_gmt":"2026-01-08T23:05:08","slug":"cuales-son-las-tendencias-educativas-que-marcaran-el-2026","status":"publish","type":"post","link":"https:\/\/dimensionturistica.com\/es\/cuales-son-las-tendencias-educativas-que-marcaran-el-2026\/","title":{"rendered":"\u00bfCu\u00e1les son las tendencias educativas que marcar\u00e1n el 2026?"},"content":{"rendered":"\n<figure class=\"wp-block-gallery has-nested-images columns-default is-cropped wp-block-gallery-1 is-layout-flex wp-block-gallery-is-layout-flex\">\n<figure class=\"wp-block-image size-large\"><img decoding=\"async\" width=\"500\" height=\"329\" data-id=\"1094840\" src=\"https:\/\/dimensionturistica.com\/es\/wp-content\/uploads\/2026\/01\/1LAUDEX.jpg\" alt=\"\" class=\"wp-image-1094840\" srcset=\"https:\/\/dimensionturistica.com\/es\/wp-content\/uploads\/2026\/01\/1LAUDEX.jpg 500w, https:\/\/dimensionturistica.com\/es\/wp-content\/uploads\/2026\/01\/1LAUDEX-300x197.jpg 300w\" sizes=\"(max-width: 500px) 100vw, 500px\" \/><\/figure>\n<\/figure>\n\n\n\n<p>La educaci\u00f3n atraviesa uno de los momentos de mayor transformaci\u00f3n en las \u00faltimas d\u00e9cadas. El inicio de 2026 no solo representa un nuevo ciclo acad\u00e9mico, sino tambi\u00e9n una oportunidad para anticipar los cambios que est\u00e1n redefiniendo la forma en que los j\u00f3venes se preparan para el futuro profesional. Factores como la tecnolog\u00eda, la globalizaci\u00f3n y las nuevas demandas del mercado laboral est\u00e1n influyendo directamente en c\u00f3mo se ense\u00f1a, se aprende y se eval\u00faa.<\/p>\n\n\n\n<figure class=\"wp-block-gallery has-nested-images columns-default is-cropped wp-block-gallery-2 is-layout-flex wp-block-gallery-is-layout-flex\">\n<figure class=\"wp-block-image size-large\"><img decoding=\"async\" width=\"500\" height=\"333\" data-id=\"1094841\" src=\"https:\/\/dimensionturistica.com\/es\/wp-content\/uploads\/2026\/01\/2LAUDEX.jpg\" alt=\"\" class=\"wp-image-1094841\" srcset=\"https:\/\/dimensionturistica.com\/es\/wp-content\/uploads\/2026\/01\/2LAUDEX.jpg 500w, https:\/\/dimensionturistica.com\/es\/wp-content\/uploads\/2026\/01\/2LAUDEX-300x200.jpg 300w\" sizes=\"(max-width: 500px) 100vw, 500px\" \/><\/figure>\n<\/figure>\n\n\n\n<p>De acuerdo con un an\u00e1lisis de Laudex (https:\/\/www.laudex.mx\/), instituci\u00f3n financiera especializada en cr\u00e9dito educativo y con contacto constante con universidades y estudiantes de todo el pa\u00eds, el 2026 estar\u00e1 marcado por una educaci\u00f3n m\u00e1s flexible, personalizada y orientada a la empleabilidad.<\/p>\n\n\n\n<p>\u25cf&nbsp;&nbsp;&nbsp;&nbsp;&nbsp; Modelos h\u00edbridos: Una de las principales tendencias es la consolidaci\u00f3n de modelos h\u00edbridos, que combinan clases presenciales con plataformas digitales. Este esquema permite a los estudiantes adaptar su ritmo de aprendizaje, acceder a contenidos desde cualquier lugar y equilibrar estudios con otras actividades.<\/p>\n\n\n\n<p>\u25cf&nbsp;&nbsp;&nbsp;&nbsp;&nbsp; Integraci\u00f3n de inteligencia artificial: La IA ya no solo se utiliza como apoyo tecnol\u00f3gico, sino como una herramienta que personaliza contenidos, identifica \u00e1reas de mejora y acompa\u00f1a el desempe\u00f1o acad\u00e9mico. Universidades en M\u00e9xico y el extranjero est\u00e1n incorporando estas tecnolog\u00edas para ofrecer experiencias m\u00e1s eficientes y enfocadas en el estudiante.<\/p>\n\n\n\n<figure class=\"wp-block-gallery has-nested-images columns-default is-cropped wp-block-gallery-3 is-layout-flex wp-block-gallery-is-layout-flex\">\n<figure class=\"wp-block-image size-large\"><img decoding=\"async\" width=\"500\" height=\"281\" data-id=\"1094843\" src=\"https:\/\/dimensionturistica.com\/es\/wp-content\/uploads\/2026\/01\/8LAUDEX.jpg\" alt=\"\" class=\"wp-image-1094843\" srcset=\"https:\/\/dimensionturistica.com\/es\/wp-content\/uploads\/2026\/01\/8LAUDEX.jpg 500w, https:\/\/dimensionturistica.com\/es\/wp-content\/uploads\/2026\/01\/8LAUDEX-300x169.jpg 300w\" sizes=\"(max-width: 500px) 100vw, 500px\" \/><\/figure>\n<\/figure>\n\n\n\n<p>\u25cf&nbsp;&nbsp;&nbsp;&nbsp;&nbsp; Enfoque pr\u00e1ctico: Las instituciones educativas est\u00e1n reforzando planes de estudio con mayor enfoque pr\u00e1ctico, integrando proyectos reales, pr\u00e1cticas profesionales y certificaciones que acerquen a los alumnos al entorno laboral desde etapas tempranas.<\/p>\n\n\n\n<p>\u25cf&nbsp;&nbsp;&nbsp;&nbsp;&nbsp; Movilidad acad\u00e9mica internacional: Cada vez m\u00e1s j\u00f3venes consideran intercambios, programas cortos o estudios completos en el extranjero como parte de su formaci\u00f3n, buscando experiencias globales que fortalezcan su perfil profesional.<\/p>\n\n\n\n<p>\u201cHoy vemos que uno de cada tres estudiantes que solicita un cr\u00e9dito educativo lo hace con el objetivo de estudiar fuera de M\u00e9xico, lo que confirma que la movilidad acad\u00e9mica internacional ya es parte central de la planeaci\u00f3n educativa de los j\u00f3venes\u201d, se\u00f1al\u00f3 Francisco Cordero, CEO de Laudex.<\/p>\n\n\n\n<figure class=\"wp-block-gallery has-nested-images columns-default is-cropped wp-block-gallery-4 is-layout-flex wp-block-gallery-is-layout-flex\">\n<figure class=\"wp-block-image size-large\"><img decoding=\"async\" width=\"500\" height=\"333\" data-id=\"1094842\" src=\"https:\/\/dimensionturistica.com\/es\/wp-content\/uploads\/2026\/01\/5LAUG.jpg\" alt=\"\" class=\"wp-image-1094842\" srcset=\"https:\/\/dimensionturistica.com\/es\/wp-content\/uploads\/2026\/01\/5LAUG.jpg 500w, https:\/\/dimensionturistica.com\/es\/wp-content\/uploads\/2026\/01\/5LAUG-300x200.jpg 300w\" sizes=\"(max-width: 500px) 100vw, 500px\" \/><\/figure>\n<\/figure>\n\n\n\n<p>\u25cf&nbsp;&nbsp;&nbsp;&nbsp;&nbsp; Aprendizaje continuo: Este se consolida como una necesidad. Diplomados, micro credenciales y especializaciones permiten actualizar conocimientos frente a un mercado laboral cambiante, donde una sola carrera ya no define toda una vida profesional.<\/p>\n\n\n\n<p>En este contexto, Laudex destaca la importancia de planear la educaci\u00f3n con visi\u00f3n de futuro, entendiendo que elegir un programa acad\u00e9mico hoy implica anticipar las habilidades y competencias que ser\u00e1n relevantes ma\u00f1ana.<\/p>\n","protected":false},"excerpt":{"rendered":"<p>La educaci\u00f3n atraviesa uno de los momentos de mayor transformaci\u00f3n en las \u00faltimas d\u00e9cadas. El inicio de 2026 no solo representa un nuevo ciclo acad\u00e9mico, sino tambi\u00e9n una oportunidad para anticipar los cambios que est\u00e1n redefiniendo la forma en que los j\u00f3venes se preparan para el futuro profesional. Factores como la tecnolog\u00eda, la globalizaci\u00f3n y [&hellip;]<\/p>\n","protected":false},"author":1,"featured_media":0,"comment_status":"open","ping_status":"closed","sticky":false,"template":"","format":"standard","meta":{"om_disable_all_campaigns":false,"jnews-multi-image_gallery":[],"jnews_single_post":{"format":"standard"},"jnews_primary_category":[],"jnews_social_meta":[],"footnotes":""},"categories":[40],"tags":[],"class_list":["post-1094839","post","type-post","status-publish","format-standard","hentry","category-industria"],"_links":{"self":[{"href":"https:\/\/dimensionturistica.com\/es\/wp-json\/wp\/v2\/posts\/1094839","targetHints":{"allow":["GET"]}}],"collection":[{"href":"https:\/\/dimensionturistica.com\/es\/wp-json\/wp\/v2\/posts"}],"about":[{"href":"https:\/\/dimensionturistica.com\/es\/wp-json\/wp\/v2\/types\/post"}],"author":[{"embeddable":true,"href":"https:\/\/dimensionturistica.com\/es\/wp-json\/wp\/v2\/users\/1"}],"replies":[{"embeddable":true,"href":"https:\/\/dimensionturistica.com\/es\/wp-json\/wp\/v2\/comments?post=1094839"}],"version-history":[{"count":1,"href":"https:\/\/dimensionturistica.com\/es\/wp-json\/wp\/v2\/posts\/1094839\/revisions"}],"predecessor-version":[{"id":1094844,"href":"https:\/\/dimensionturistica.com\/es\/wp-json\/wp\/v2\/posts\/1094839\/revisions\/1094844"}],"wp:attachment":[{"href":"https:\/\/dimensionturistica.com\/es\/wp-json\/wp\/v2\/media?parent=1094839"}],"wp:term":[{"taxonomy":"category","embeddable":true,"href":"https:\/\/dimensionturistica.com\/es\/wp-json\/wp\/v2\/categories?post=1094839"},{"taxonomy":"post_tag","embeddable":true,"href":"https:\/\/dimensionturistica.com\/es\/wp-json\/wp\/v2\/tags?post=1094839"}],"curies":[{"name":"wp","href":"https:\/\/api.w.org\/{rel}","templated":true}]}}