{"id":1094797,"date":"2026-01-08T21:54:55","date_gmt":"2026-01-08T21:54:55","guid":{"rendered":"https:\/\/dimensionturistica.com\/es\/?p=1094797"},"modified":"2026-01-08T21:54:55","modified_gmt":"2026-01-08T21:54:55","slug":"nuevo-leon-se-fortalece-su-proyeccion-turistica-internacional-rumbo-a-fitur-2026","status":"publish","type":"post","link":"https:\/\/dimensionturistica.com\/es\/nuevo-leon-se-fortalece-su-proyeccion-turistica-internacional-rumbo-a-fitur-2026\/","title":{"rendered":"Nuevo Le\u00f3n se fortalece su proyecci\u00f3n tur\u00edstica internacional rumbo a FITUR 2026"},"content":{"rendered":"\n<figure class=\"wp-block-gallery has-nested-images columns-default is-cropped wp-block-gallery-1 is-layout-flex wp-block-gallery-is-layout-flex\">\n<figure class=\"wp-block-image size-large\"><img decoding=\"async\" width=\"407\" height=\"551\" data-id=\"1094798\" src=\"https:\/\/dimensionturistica.com\/es\/wp-content\/uploads\/2026\/01\/11leon.jpg\" alt=\"\" class=\"wp-image-1094798\" srcset=\"https:\/\/dimensionturistica.com\/es\/wp-content\/uploads\/2026\/01\/11leon.jpg 407w, https:\/\/dimensionturistica.com\/es\/wp-content\/uploads\/2026\/01\/11leon-222x300.jpg 222w\" sizes=\"(max-width: 407px) 100vw, 407px\" \/><\/figure>\n<\/figure>\n\n\n\n<p>Como parte de la estrategia de promoci\u00f3n tur\u00edstica a nivel internacional, Nuevo Le\u00f3n participar\u00e1 en la Feria Internacional de Turismo (FITUR), que se llevar\u00e1 a cabo del 21 al 25 de enero de 2026, en Madrid, Espa\u00f1a, uno de los principales encuentros del sector tur\u00edstico a nivel global.<\/p>\n\n\n\n<figure class=\"wp-block-gallery has-nested-images columns-default is-cropped wp-block-gallery-2 is-layout-flex wp-block-gallery-is-layout-flex\">\n<figure class=\"wp-block-image size-large\"><img decoding=\"async\" width=\"500\" height=\"375\" data-id=\"1094799\" src=\"https:\/\/dimensionturistica.com\/es\/wp-content\/uploads\/2026\/01\/1leon.jpg\" alt=\"\" class=\"wp-image-1094799\" srcset=\"https:\/\/dimensionturistica.com\/es\/wp-content\/uploads\/2026\/01\/1leon.jpg 500w, https:\/\/dimensionturistica.com\/es\/wp-content\/uploads\/2026\/01\/1leon-300x225.jpg 300w\" sizes=\"(max-width: 500px) 100vw, 500px\" \/><\/figure>\n<\/figure>\n\n\n\n<p>La presencia del estado en este foro permitir\u00e1 presentar la oferta tur\u00edstica de Nuevo Le\u00f3n, integrada por parques estatales, espacios naturales, destinos urbanos y experiencias de naturaleza, aventura, cultura y gastronom\u00eda, organizadas por regiones del estado.<\/p>\n\n\n\n<p>Esta oferta contempla atractivos distribuidos en la Regi\u00f3n Norte, Regi\u00f3n Citr\u00edcola, Regi\u00f3n Sur, Regi\u00f3n Cuna de Nuevo Le\u00f3n, Regi\u00f3n Arqueol\u00f3gica y el \u00c1rea Metropolitana, lo que permite mostrar a Nuevo Le\u00f3n como un destino con opciones para distintos perfiles de visitantes y actividades disponibles durante todo el a\u00f1o.<\/p>\n\n\n\n<figure class=\"wp-block-gallery has-nested-images columns-default is-cropped wp-block-gallery-3 is-layout-flex wp-block-gallery-is-layout-flex\">\n<figure class=\"wp-block-image size-large\"><img decoding=\"async\" width=\"500\" height=\"375\" data-id=\"1094800\" src=\"https:\/\/dimensionturistica.com\/es\/wp-content\/uploads\/2026\/01\/2leon.jpg\" alt=\"\" class=\"wp-image-1094800\" srcset=\"https:\/\/dimensionturistica.com\/es\/wp-content\/uploads\/2026\/01\/2leon.jpg 500w, https:\/\/dimensionturistica.com\/es\/wp-content\/uploads\/2026\/01\/2leon-300x225.jpg 300w\" sizes=\"(max-width: 500px) 100vw, 500px\" \/><\/figure>\n<\/figure>\n\n\n\n<p>La participaci\u00f3n en FITUR representa una plataforma para fortalecer el posicionamiento tur\u00edstico del estado y dar visibilidad a sus destinos, productos y experiencias ante actores clave del sector tur\u00edstico internacional.<\/p>\n\n\n\n<p>Asimismo, esta presencia se enmarca en las acciones de promoci\u00f3n y posicionamiento internacional que Nuevo Le\u00f3n impulsa rumbo a eventos de alcance global como el Mundial de futbol 2026, como parte de una visi\u00f3n de desarrollo tur\u00edstico de largo plazo.<\/p>\n\n\n\n<p>Para m\u00e1s informaci\u00f3n sobre la oferta tur\u00edstica de Nuevo Le\u00f3n, se invita a consultar las redes sociales oficiales de la Secretar\u00eda de Turismo del estado, a trav\u00e9s de @secturnl.\u00f3n.- Como parte de la estrategia de promoci\u00f3n tur\u00edstica a nivel internacional, Nuevo Le\u00f3n participar\u00e1 en la Feria Internacional de Turismo (FITUR), que se llevar\u00e1 a cabo del 21 al 25 de enero de 2026, en Madrid, Espa\u00f1a, uno de los principales encuentros del sector tur\u00edstico a nivel global.<\/p>\n\n\n\n<p>La presencia del estado en este foro permitir\u00e1 presentar la oferta tur\u00edstica de Nuevo Le\u00f3n, integrada por parques estatales, espacios naturales, destinos urbanos y experiencias de naturaleza, aventura, cultura y gastronom\u00eda, organizadas por regiones del estado.<\/p>\n\n\n\n<figure class=\"wp-block-gallery has-nested-images columns-default is-cropped wp-block-gallery-4 is-layout-flex wp-block-gallery-is-layout-flex\">\n<figure class=\"wp-block-image size-large\"><img decoding=\"async\" width=\"500\" height=\"375\" data-id=\"1094801\" src=\"https:\/\/dimensionturistica.com\/es\/wp-content\/uploads\/2026\/01\/3leon.jpg\" alt=\"\" class=\"wp-image-1094801\" srcset=\"https:\/\/dimensionturistica.com\/es\/wp-content\/uploads\/2026\/01\/3leon.jpg 500w, https:\/\/dimensionturistica.com\/es\/wp-content\/uploads\/2026\/01\/3leon-300x225.jpg 300w\" sizes=\"(max-width: 500px) 100vw, 500px\" \/><\/figure>\n<\/figure>\n\n\n\n<p>Esta oferta contempla atractivos distribuidos en la Regi\u00f3n Norte, Regi\u00f3n Citr\u00edcola, Regi\u00f3n Sur, Regi\u00f3n Cuna de Nuevo Le\u00f3n, Regi\u00f3n Arqueol\u00f3gica y el \u00c1rea Metropolitana, lo que permite mostrar a Nuevo Le\u00f3n como un destino con opciones para distintos perfiles de visitantes y actividades disponibles durante todo el a\u00f1o.<\/p>\n\n\n\n<p>La participaci\u00f3n en FITUR representa una plataforma para fortalecer el posicionamiento tur\u00edstico del estado y dar visibilidad a sus destinos, productos y experiencias ante actores clave del sector tur\u00edstico internacional.<\/p>\n\n\n\n<p>Asimismo, esta presencia se enmarca en las acciones de promoci\u00f3n y posicionamiento internacional que Nuevo Le\u00f3n impulsa rumbo a eventos de alcance global como el Mundial de futbol 2026, como parte de una visi\u00f3n de desarrollo tur\u00edstico de largo plazo.<\/p>\n\n\n\n<figure class=\"wp-block-gallery has-nested-images columns-default is-cropped wp-block-gallery-5 is-layout-flex wp-block-gallery-is-layout-flex\">\n<figure class=\"wp-block-image size-large\"><img decoding=\"async\" width=\"500\" height=\"375\" data-id=\"1094802\" src=\"https:\/\/dimensionturistica.com\/es\/wp-content\/uploads\/2026\/01\/4leon.jpg\" alt=\"\" class=\"wp-image-1094802\" srcset=\"https:\/\/dimensionturistica.com\/es\/wp-content\/uploads\/2026\/01\/4leon.jpg 500w, https:\/\/dimensionturistica.com\/es\/wp-content\/uploads\/2026\/01\/4leon-300x225.jpg 300w\" sizes=\"(max-width: 500px) 100vw, 500px\" \/><\/figure>\n<\/figure>\n\n\n\n<p>Para m\u00e1s informaci\u00f3n sobre la oferta tur\u00edstica de Nuevo Le\u00f3n, se invita a consultar las redes sociales oficiales de la Secretar\u00eda de Turismo del estado, a trav\u00e9s de @secturnl.<\/p>\n","protected":false},"excerpt":{"rendered":"<p>Como parte de la estrategia de promoci\u00f3n tur\u00edstica a nivel internacional, Nuevo Le\u00f3n participar\u00e1 en la Feria Internacional de Turismo (FITUR), que se llevar\u00e1 a cabo del 21 al 25 de enero de 2026, en Madrid, Espa\u00f1a, uno de los principales encuentros del sector tur\u00edstico a nivel global. La presencia del estado en este foro [&hellip;]<\/p>\n","protected":false},"author":1,"featured_media":0,"comment_status":"open","ping_status":"closed","sticky":false,"template":"","format":"standard","meta":{"om_disable_all_campaigns":false,"jnews-multi-image_gallery":[],"jnews_single_post":{"format":"standard"},"jnews_primary_category":[],"jnews_social_meta":[],"footnotes":""},"categories":[39],"tags":[],"class_list":["post-1094797","post","type-post","status-publish","format-standard","hentry","category-viajes"],"_links":{"self":[{"href":"https:\/\/dimensionturistica.com\/es\/wp-json\/wp\/v2\/posts\/1094797","targetHints":{"allow":["GET"]}}],"collection":[{"href":"https:\/\/dimensionturistica.com\/es\/wp-json\/wp\/v2\/posts"}],"about":[{"href":"https:\/\/dimensionturistica.com\/es\/wp-json\/wp\/v2\/types\/post"}],"author":[{"embeddable":true,"href":"https:\/\/dimensionturistica.com\/es\/wp-json\/wp\/v2\/users\/1"}],"replies":[{"embeddable":true,"href":"https:\/\/dimensionturistica.com\/es\/wp-json\/wp\/v2\/comments?post=1094797"}],"version-history":[{"count":1,"href":"https:\/\/dimensionturistica.com\/es\/wp-json\/wp\/v2\/posts\/1094797\/revisions"}],"predecessor-version":[{"id":1094803,"href":"https:\/\/dimensionturistica.com\/es\/wp-json\/wp\/v2\/posts\/1094797\/revisions\/1094803"}],"wp:attachment":[{"href":"https:\/\/dimensionturistica.com\/es\/wp-json\/wp\/v2\/media?parent=1094797"}],"wp:term":[{"taxonomy":"category","embeddable":true,"href":"https:\/\/dimensionturistica.com\/es\/wp-json\/wp\/v2\/categories?post=1094797"},{"taxonomy":"post_tag","embeddable":true,"href":"https:\/\/dimensionturistica.com\/es\/wp-json\/wp\/v2\/tags?post=1094797"}],"curies":[{"name":"wp","href":"https:\/\/api.w.org\/{rel}","templated":true}]}}