{"id":1094759,"date":"2026-01-08T20:59:52","date_gmt":"2026-01-08T20:59:52","guid":{"rendered":"https:\/\/dimensionturistica.com\/es\/?p=1094759"},"modified":"2026-01-08T20:59:52","modified_gmt":"2026-01-08T20:59:52","slug":"la-mision-del-4o-rey-mago-cumple-su-proposito-y-lleva-la-magia-del-dia-de-reyes-a-ninas-y-ninos-de-casa-de-la-amistad","status":"publish","type":"post","link":"https:\/\/dimensionturistica.com\/es\/la-mision-del-4o-rey-mago-cumple-su-proposito-y-lleva-la-magia-del-dia-de-reyes-a-ninas-y-ninos-de-casa-de-la-amistad\/","title":{"rendered":"La Misi\u00f3n del 4\u00ba Rey Mago cumple su prop\u00f3sito y lleva la magia del D\u00eda de Reyes a ni\u00f1as y ni\u00f1os de Casa de la Amistad"},"content":{"rendered":"\n<p><\/p>\n\n\n\n<figure class=\"wp-block-gallery has-nested-images columns-default is-cropped wp-block-gallery-1 is-layout-flex wp-block-gallery-is-layout-flex\">\n<figure class=\"wp-block-image size-large\"><img decoding=\"async\" width=\"500\" height=\"190\" data-id=\"1094760\" src=\"https:\/\/dimensionturistica.com\/es\/wp-content\/uploads\/2026\/01\/1CIELO.jpg\" alt=\"\" class=\"wp-image-1094760\" srcset=\"https:\/\/dimensionturistica.com\/es\/wp-content\/uploads\/2026\/01\/1CIELO.jpg 500w, https:\/\/dimensionturistica.com\/es\/wp-content\/uploads\/2026\/01\/1CIELO-300x114.jpg 300w\" sizes=\"(max-width: 500px) 100vw, 500px\" \/><\/figure>\n<\/figure>\n\n\n\n<p>La Misi\u00f3n del 4\u00ba Rey Mago se hizo realidad este D\u00eda de Reyes con la entrega de m\u00e1s de 200 juguetes a ni\u00f1as y ni\u00f1os de Casa de la Amistad para Ni\u00f1os con C\u00e1ncer, organizaci\u00f3n que brinda apoyo integral a menores con c\u00e1ncer en M\u00e9xico, confirmando que cuando una tradici\u00f3n se vive desde la empat\u00eda, la magia puede transformarse en esperanza compartida.<\/p>\n\n\n\n<figure class=\"wp-block-gallery has-nested-images columns-default is-cropped wp-block-gallery-2 is-layout-flex wp-block-gallery-is-layout-flex\">\n<figure class=\"wp-block-image size-large\"><img decoding=\"async\" width=\"500\" height=\"666\" data-id=\"1094761\" src=\"https:\/\/dimensionturistica.com\/es\/wp-content\/uploads\/2026\/01\/5CIELO.jpg\" alt=\"\" class=\"wp-image-1094761\" srcset=\"https:\/\/dimensionturistica.com\/es\/wp-content\/uploads\/2026\/01\/5CIELO.jpg 500w, https:\/\/dimensionturistica.com\/es\/wp-content\/uploads\/2026\/01\/5CIELO-225x300.jpg 225w\" sizes=\"(max-width: 500px) 100vw, 500px\" \/><\/figure>\n<\/figure>\n\n\n\n<p>Lo que inici\u00f3 como una invitaci\u00f3n abierta a la comunidad para convertirse en portadora de alegr\u00eda, se consolid\u00f3 como un gesto colectivo que uni\u00f3 a familias, visitantes y locatarios de Cielo Abierto Coyoac\u00e1n, quienes respondieron al llamado de acompa\u00f1ar a ni\u00f1as y ni\u00f1os que enfrentan una de las batallas m\u00e1s complejas: el c\u00e1ncer infantil.<\/p>\n\n\n\n<p>Durante el periodo de la campa\u00f1a, el \u00e1rbol navide\u00f1o de la plaza se convirti\u00f3 en un punto de encuentro solidario donde cada juguete donado represent\u00f3 mucho m\u00e1s que un regalo: fue una chispa de ilusi\u00f3n y un mensaje de acompa\u00f1amiento para quienes atraviesan tratamientos oncol\u00f3gicos. Los juguetes fueron entregados directamente a los ni\u00f1os de Casa de la Amistad, fortaleciendo el sentido de cercan\u00eda y comunidad que dio origen a esta misi\u00f3n. Claudia Ruiz,<\/p>\n\n\n\n<figure class=\"wp-block-gallery has-nested-images columns-default is-cropped wp-block-gallery-3 is-layout-flex wp-block-gallery-is-layout-flex\">\n<figure class=\"wp-block-image size-large\"><img decoding=\"async\" width=\"500\" height=\"498\" data-id=\"1094768\" src=\"https:\/\/dimensionturistica.com\/es\/wp-content\/uploads\/2026\/01\/6CIELO.jpg\" alt=\"\" class=\"wp-image-1094768\" srcset=\"https:\/\/dimensionturistica.com\/es\/wp-content\/uploads\/2026\/01\/6CIELO.jpg 500w, https:\/\/dimensionturistica.com\/es\/wp-content\/uploads\/2026\/01\/6CIELO-300x300.jpg 300w, https:\/\/dimensionturistica.com\/es\/wp-content\/uploads\/2026\/01\/6CIELO-150x150.jpg 150w, https:\/\/dimensionturistica.com\/es\/wp-content\/uploads\/2026\/01\/6CIELO-75x75.jpg 75w, https:\/\/dimensionturistica.com\/es\/wp-content\/uploads\/2026\/01\/6CIELO-350x350.jpg 350w\" sizes=\"(max-width: 500px) 100vw, 500px\" \/><\/figure>\n<\/figure>\n\n\n\n<p>Directora de Desarrollo Institucional de Casa de la Amistad para Ni\u00f1os con C\u00e1ncer, se\u00f1al\u00f3: \u201cPara las ni\u00f1as y ni\u00f1os que acompa\u00f1amos, un juguete representa mucho m\u00e1s que un regalo: es una se\u00f1al de apoyo, de cercan\u00eda y de esperanza. Agradecemos profundamente a todas las personas que hicieron posible esta misi\u00f3n y que eligieron acompa\u00f1ar a nuestros ni\u00f1os en un momento tan significativo\u201d.<\/p>\n\n\n\n<figure class=\"wp-block-gallery has-nested-images columns-default is-cropped wp-block-gallery-4 is-layout-flex wp-block-gallery-is-layout-flex\">\n<figure class=\"wp-block-image size-large\"><img decoding=\"async\" width=\"500\" height=\"666\" data-id=\"1094769\" src=\"https:\/\/dimensionturistica.com\/es\/wp-content\/uploads\/2026\/01\/2CIELO.jpg\" alt=\"\" class=\"wp-image-1094769\" srcset=\"https:\/\/dimensionturistica.com\/es\/wp-content\/uploads\/2026\/01\/2CIELO.jpg 500w, https:\/\/dimensionturistica.com\/es\/wp-content\/uploads\/2026\/01\/2CIELO-225x300.jpg 225w\" sizes=\"(max-width: 500px) 100vw, 500px\" \/><\/figure>\n<\/figure>\n\n\n\n<p>La respuesta solidaria se reflej\u00f3 tambi\u00e9n en la participaci\u00f3n de diversos locatarios de la plaza, entre ellos Camar\u00f3n Buch\u00f3n, Tortas Niza, Noissete, Helados Villanova, The Limited Co y CUACK, as\u00ed como en las aportaciones del propio centro comercial, sum\u00e1ndose al prop\u00f3sito com\u00fan de que esta primera edici\u00f3n llegara a m\u00e1s ni\u00f1as y ni\u00f1os. \u201cEsta iniciativa transform\u00f3 nuestra plaza en un punto de encuentro lleno de significado. Cada juguete donado, cada carta y cada sonrisa reflejan que cuando una comunidad se une desde la empat\u00eda, el impacto va mucho m\u00e1s all\u00e1 de un d\u00eda o<\/p>\n\n\n\n<p>una celebraci\u00f3n\u201d, se\u00f1al\u00f3 Angelina Mart\u00ed, Administradora de la Plaza Cielo Abierto Coyoac\u00e1n.<\/p>\n\n\n\n<p>El D\u00eda de Reyes, la Misi\u00f3n se sell\u00f3 con una emotiva convivencia que incluy\u00f3 la tradicional partida de rosca, mensajes de buenos deseos y la entrega de juguetes, dejando en cada sonrisa el reflejo de una ma\u00f1ana distinta, cargada de ilusi\u00f3n y significado.<\/p>\n\n\n\n<figure class=\"wp-block-gallery has-nested-images columns-default is-cropped wp-block-gallery-5 is-layout-flex wp-block-gallery-is-layout-flex\">\n<figure class=\"wp-block-image size-large\"><img decoding=\"async\" width=\"500\" height=\"535\" data-id=\"1094770\" src=\"https:\/\/dimensionturistica.com\/es\/wp-content\/uploads\/2026\/01\/7CIELO.jpg\" alt=\"\" class=\"wp-image-1094770\" srcset=\"https:\/\/dimensionturistica.com\/es\/wp-content\/uploads\/2026\/01\/7CIELO.jpg 500w, https:\/\/dimensionturistica.com\/es\/wp-content\/uploads\/2026\/01\/7CIELO-280x300.jpg 280w\" sizes=\"(max-width: 500px) 100vw, 500px\" \/><\/figure>\n<\/figure>\n\n\n\n<p>Como parte del enfoque responsable de la iniciativa, Covergram se sum\u00f3 donando 500 globos reutilizables, utilizados durante la experiencia y evitando la generaci\u00f3n de residuos de un solo uso, reforzando el compromiso de integrar valores sociales y ambientales en cada acci\u00f3n.<\/p>\n\n\n\n<p>La Misi\u00f3n del 4\u00ba Rey Mago forma parte de una convicci\u00f3n impulsada por CCConsultores, agencia de Relaciones P\u00fablicas especializada en Comunicaci\u00f3n y Responsabilidad Social, que busca transformar tradiciones profundamente arraigadas en actos de acompa\u00f1amiento humano, capaces de unir corazones, movilizar comunidades y recordar que incluso los gestos m\u00e1s peque\u00f1os pueden<\/p>\n\n\n\n<figure class=\"wp-block-gallery has-nested-images columns-default is-cropped wp-block-gallery-6 is-layout-flex wp-block-gallery-is-layout-flex\">\n<figure class=\"wp-block-image size-large\"><img decoding=\"async\" width=\"500\" height=\"522\" data-id=\"1094771\" src=\"https:\/\/dimensionturistica.com\/es\/wp-content\/uploads\/2026\/01\/9CIELO.jpg\" alt=\"\" class=\"wp-image-1094771\" srcset=\"https:\/\/dimensionturistica.com\/es\/wp-content\/uploads\/2026\/01\/9CIELO.jpg 500w, https:\/\/dimensionturistica.com\/es\/wp-content\/uploads\/2026\/01\/9CIELO-287x300.jpg 287w\" sizes=\"(max-width: 500px) 100vw, 500px\" \/><\/figure>\n<\/figure>\n\n\n\n<p>iluminar momentos decisivos. Martha Montemayor, CEO de CCConsultores, coment\u00f3: \u201cLa Misi\u00f3n del 4\u00ba Rey Mago nos permiti\u00f3 reforzar un valor esencial: que en el acto de pedir tambi\u00e9n existe la responsabilidad de compartir. Ver a ni\u00f1as y ni\u00f1os convertirse en portadores de alegr\u00eda nos confirma que estamos sembrando empat\u00eda que trasciende generaciones, que se unen para llevar ilusi\u00f3n a ni\u00f1as y ni\u00f1os que enfrentan el c\u00e1ncer\u201d.<\/p>\n\n\n\n<p>Porque, al final, esta Misi\u00f3n demostr\u00f3 que todos podemos convertirnos en el 4\u00ba Rey Mago y llevar magia justo donde m\u00e1s se necesita.<\/p>\n","protected":false},"excerpt":{"rendered":"<p>La Misi\u00f3n del 4\u00ba Rey Mago se hizo realidad este D\u00eda de Reyes con la entrega de m\u00e1s de 200 juguetes a ni\u00f1as y ni\u00f1os de Casa de la Amistad para Ni\u00f1os con C\u00e1ncer, organizaci\u00f3n que brinda apoyo integral a menores con c\u00e1ncer en M\u00e9xico, confirmando que cuando una tradici\u00f3n se vive desde la empat\u00eda, [&hellip;]<\/p>\n","protected":false},"author":1,"featured_media":0,"comment_status":"open","ping_status":"closed","sticky":false,"template":"","format":"standard","meta":{"om_disable_all_campaigns":false,"jnews-multi-image_gallery":[],"jnews_single_post":[],"jnews_primary_category":[],"jnews_social_meta":[],"footnotes":""},"categories":[144872],"tags":[],"class_list":["post-1094759","post","type-post","status-publish","format-standard","hentry","category-fashion"],"_links":{"self":[{"href":"https:\/\/dimensionturistica.com\/es\/wp-json\/wp\/v2\/posts\/1094759","targetHints":{"allow":["GET"]}}],"collection":[{"href":"https:\/\/dimensionturistica.com\/es\/wp-json\/wp\/v2\/posts"}],"about":[{"href":"https:\/\/dimensionturistica.com\/es\/wp-json\/wp\/v2\/types\/post"}],"author":[{"embeddable":true,"href":"https:\/\/dimensionturistica.com\/es\/wp-json\/wp\/v2\/users\/1"}],"replies":[{"embeddable":true,"href":"https:\/\/dimensionturistica.com\/es\/wp-json\/wp\/v2\/comments?post=1094759"}],"version-history":[{"count":1,"href":"https:\/\/dimensionturistica.com\/es\/wp-json\/wp\/v2\/posts\/1094759\/revisions"}],"predecessor-version":[{"id":1094772,"href":"https:\/\/dimensionturistica.com\/es\/wp-json\/wp\/v2\/posts\/1094759\/revisions\/1094772"}],"wp:attachment":[{"href":"https:\/\/dimensionturistica.com\/es\/wp-json\/wp\/v2\/media?parent=1094759"}],"wp:term":[{"taxonomy":"category","embeddable":true,"href":"https:\/\/dimensionturistica.com\/es\/wp-json\/wp\/v2\/categories?post=1094759"},{"taxonomy":"post_tag","embeddable":true,"href":"https:\/\/dimensionturistica.com\/es\/wp-json\/wp\/v2\/tags?post=1094759"}],"curies":[{"name":"wp","href":"https:\/\/api.w.org\/{rel}","templated":true}]}}