{"id":1094660,"date":"2026-01-08T16:10:23","date_gmt":"2026-01-08T16:10:23","guid":{"rendered":"https:\/\/dimensionturistica.com\/es\/?p=1094660"},"modified":"2026-01-08T16:10:23","modified_gmt":"2026-01-08T16:10:23","slug":"de-la-nueva-ola-francesa-a-las-joyas-de-sundance-y-berlinale-sofa-digital-arranca-enero-con-lo-mejor-del-cine-mundial","status":"publish","type":"post","link":"https:\/\/dimensionturistica.com\/es\/de-la-nueva-ola-francesa-a-las-joyas-de-sundance-y-berlinale-sofa-digital-arranca-enero-con-lo-mejor-del-cine-mundial\/","title":{"rendered":"De la Nueva Ola Francesa a las joyas de Sundance y Berlinale: Sof\u00e1 Digital arranca enero con lo mejor del cine mundial"},"content":{"rendered":"\n<p><\/p>\n\n\n\n<figure class=\"wp-block-gallery has-nested-images columns-default is-cropped wp-block-gallery-1 is-layout-flex wp-block-gallery-is-layout-flex\">\n<figure class=\"wp-block-image size-large\"><img decoding=\"async\" width=\"500\" height=\"750\" data-id=\"1094661\" src=\"https:\/\/dimensionturistica.com\/es\/wp-content\/uploads\/2026\/01\/2sofa.jpg\" alt=\"\" class=\"wp-image-1094661\" srcset=\"https:\/\/dimensionturistica.com\/es\/wp-content\/uploads\/2026\/01\/2sofa.jpg 500w, https:\/\/dimensionturistica.com\/es\/wp-content\/uploads\/2026\/01\/2sofa-200x300.jpg 200w\" sizes=\"(max-width: 500px) 100vw, 500px\" \/><\/figure>\n<\/figure>\n\n\n\n<p>Con el Sof\u00e1 Digital arranca enero con lo mejor del cine mundial: de la Nueva Ola Francesa a las joyas de Sundance y Berlinale<\/p>\n\n\n\n<p>Lo mejor del cine mundial estar\u00e1 disponible este mes de enero gracias a SOF\u00c1 Digital, la agregadora de contenido m\u00e1s destacada de Latinoam\u00e9rica. Con el estreno de Nueva ola francesa del extraordinario director Richard Linklater, quien retrata en blanco y negro el delirante viaje de un joven Jean-Luc Godard durante la filmaci\u00f3n de su \u00f3pera prima \u201cSin aliento\u201d, donde vemos c\u00f3mo el director franc\u00e9s supera la incredulidad de la producci\u00f3n, la resistencia de su protagonista Jean Seberg y pocos recursos para lograr una de las obras m\u00e1s importantes del cine. Disponible a partir del 26 de enero.<\/p>\n\n\n\n<p>Tambi\u00e9n destaca la ganadora en el Festival de Sundance, Sorry, baby, una enternecedora pel\u00edcula que nos muestra una manera distinta de atravesar el trauma. La pel\u00edcula actuada, escrita y dirigida por Eva Victor retrata a Agnes, una profesora universitaria que lleva a\u00f1os lidiando con la secuelas de un evento que le cambi\u00f3 la vida y que afecta la forma en que se relaciona con los dem\u00e1s; sin embargo, la visita de su mejor amiga, quien est\u00e1 embarazada, le empujar\u00e1 a superarse. Con comedia e iron\u00eda la pel\u00edcula se convirti\u00f3 en una de las favoritas de los cin\u00e9filos, estar\u00e1 disponible el 12 de enero.<\/p>\n\n\n\n<p>Sorda, una conmovedora historia sobre \u00c1ngela, una mujer sorda que se embaraza de su pareja oyente y que parece estar integrada a la sociedad, aunque el nacimiento de su hija le arroja nuevas problem\u00e1ticas en un mundo que es sumamente cruel con las personas discapacitadas. Favorita entre la cr\u00edtica y ganadora en la Berlinale, est\u00e1 disponible a partir del 5 de enero.&nbsp;<\/p>\n\n\n\n<figure class=\"wp-block-gallery has-nested-images columns-default is-cropped wp-block-gallery-2 is-layout-flex wp-block-gallery-is-layout-flex\">\n<figure class=\"wp-block-image size-large\"><img decoding=\"async\" width=\"500\" height=\"375\" data-id=\"1094662\" src=\"https:\/\/dimensionturistica.com\/es\/wp-content\/uploads\/2026\/01\/1sofa.jpg\" alt=\"\" class=\"wp-image-1094662\" srcset=\"https:\/\/dimensionturistica.com\/es\/wp-content\/uploads\/2026\/01\/1sofa.jpg 500w, https:\/\/dimensionturistica.com\/es\/wp-content\/uploads\/2026\/01\/1sofa-300x225.jpg 300w\" sizes=\"(max-width: 500px) 100vw, 500px\" \/><\/figure>\n<\/figure>\n\n\n\n<p>En el desfile de pel\u00edculas que estar\u00e1n disponibles este mes en TVOD, se suma una de las cintas que m\u00e1s cautivo de la Quincena de Realizadores de Cannes, se trata de Enzo, en la que un joven de 16 a\u00f1os que deja atr\u00e1s su c\u00f3moda vida para ser alba\u00f1il al tiempo que se ve atra\u00eddo por un joven ucraniano que no naci\u00f3 con los mismos privilegios; estrena el 12 de enero. Tambi\u00e9n destaca Ex-esposos de Noah Pritzker, que muestra a un hombre maduro, Peter, quien vive una crisis cuando su esposa lo abandona y se entera que sus padres despu\u00e9s de 65 a\u00f1os juntos se divorciar\u00e1n; estrena el 19 de enero.<\/p>\n\n\n\n<p>Para complementar este men\u00fa lleno de pel\u00edculas de gran calidad, se estrena Muzzle o Ajuste de cuentas, que nos muestra la tierna relaci\u00f3n entre el oficial K-9 de Los \u00c1ngeles, Jake Rosser (Aaron Eckhart), y su compa\u00f1ero canino, Ace, sin embargo un d\u00eda el polic\u00eda presencia el asesinato de su perro, lo cu\u00e1l desatar\u00e1 una persecuci\u00f3n llena de adrenalina; estrena el 5 de enero y la secuela, Muzzle: City of Wolves, estar\u00e1 disponible el 19 de enero.<\/p>\n\n\n\n<p>Aqu\u00ed la lista completa de estrenos disponibles en plataformas para compra y renta gracias a Sof\u00e1 Digital que pueden encontrarse en Apple TV, Prime Video, Google, Total Play e Izzi.<\/p>\n\n\n\n<figure class=\"wp-block-gallery has-nested-images columns-default is-cropped wp-block-gallery-3 is-layout-flex wp-block-gallery-is-layout-flex\">\n<figure class=\"wp-block-image size-large\"><img decoding=\"async\" width=\"500\" height=\"281\" data-id=\"1094663\" src=\"https:\/\/dimensionturistica.com\/es\/wp-content\/uploads\/2026\/01\/6sofa.jpg\" alt=\"\" class=\"wp-image-1094663\" srcset=\"https:\/\/dimensionturistica.com\/es\/wp-content\/uploads\/2026\/01\/6sofa.jpg 500w, https:\/\/dimensionturistica.com\/es\/wp-content\/uploads\/2026\/01\/6sofa-300x169.jpg 300w\" sizes=\"(max-width: 500px) 100vw, 500px\" \/><\/figure>\n<\/figure>\n\n\n\n<p>5 enero<\/p>\n\n\n\n<p>Muzzle o ajuste de cuentas<\/p>\n\n\n\n<p>Desastre en familia<\/p>\n\n\n\n<p>Estimados Se\u00f1ores<\/p>\n\n\n\n<p>Sorda<\/p>\n\n\n\n<p>12 enero<\/p>\n\n\n\n<p>Por favor no alimenten a los ni\u00f1os<\/p>\n\n\n\n<p>Sorry, Baby<\/p>\n\n\n\n<p>Enzo<\/p>\n\n\n\n<p>19 Enero<\/p>\n\n\n\n<p>Muzzle: City of Wolves<\/p>\n\n\n\n<p>Another end<\/p>\n\n\n\n<p>Ex Esposos<\/p>\n\n\n\n<p>An ordinary case<\/p>\n\n\n\n<p>26 Enero<\/p>\n\n\n\n<p>Nueva Ola Francesa<\/p>\n\n\n\n<p>Words of war<\/p>\n\n\n\n<p>Model House<\/p>\n","protected":false},"excerpt":{"rendered":"<p>Con el Sof\u00e1 Digital arranca enero con lo mejor del cine mundial: de la Nueva Ola Francesa a las joyas de Sundance y Berlinale Lo mejor del cine mundial estar\u00e1 disponible este mes de enero gracias a SOF\u00c1 Digital, la agregadora de contenido m\u00e1s destacada de Latinoam\u00e9rica. Con el estreno de Nueva ola francesa del [&hellip;]<\/p>\n","protected":false},"author":1,"featured_media":0,"comment_status":"open","ping_status":"closed","sticky":false,"template":"","format":"standard","meta":{"om_disable_all_campaigns":false,"jnews-multi-image_gallery":[],"jnews_single_post":[],"jnews_primary_category":[],"jnews_social_meta":[],"footnotes":""},"categories":[144872],"tags":[],"class_list":["post-1094660","post","type-post","status-publish","format-standard","hentry","category-fashion"],"_links":{"self":[{"href":"https:\/\/dimensionturistica.com\/es\/wp-json\/wp\/v2\/posts\/1094660","targetHints":{"allow":["GET"]}}],"collection":[{"href":"https:\/\/dimensionturistica.com\/es\/wp-json\/wp\/v2\/posts"}],"about":[{"href":"https:\/\/dimensionturistica.com\/es\/wp-json\/wp\/v2\/types\/post"}],"author":[{"embeddable":true,"href":"https:\/\/dimensionturistica.com\/es\/wp-json\/wp\/v2\/users\/1"}],"replies":[{"embeddable":true,"href":"https:\/\/dimensionturistica.com\/es\/wp-json\/wp\/v2\/comments?post=1094660"}],"version-history":[{"count":1,"href":"https:\/\/dimensionturistica.com\/es\/wp-json\/wp\/v2\/posts\/1094660\/revisions"}],"predecessor-version":[{"id":1094664,"href":"https:\/\/dimensionturistica.com\/es\/wp-json\/wp\/v2\/posts\/1094660\/revisions\/1094664"}],"wp:attachment":[{"href":"https:\/\/dimensionturistica.com\/es\/wp-json\/wp\/v2\/media?parent=1094660"}],"wp:term":[{"taxonomy":"category","embeddable":true,"href":"https:\/\/dimensionturistica.com\/es\/wp-json\/wp\/v2\/categories?post=1094660"},{"taxonomy":"post_tag","embeddable":true,"href":"https:\/\/dimensionturistica.com\/es\/wp-json\/wp\/v2\/tags?post=1094660"}],"curies":[{"name":"wp","href":"https:\/\/api.w.org\/{rel}","templated":true}]}}