{"id":1094646,"date":"2026-01-08T15:53:20","date_gmt":"2026-01-08T15:53:20","guid":{"rendered":"https:\/\/dimensionturistica.com\/es\/?p=1094646"},"modified":"2026-01-08T15:53:20","modified_gmt":"2026-01-08T15:53:20","slug":"las-tendencias-de-viaje-para-el-2026-y-un-destino-para-vivirlas-colima","status":"publish","type":"post","link":"https:\/\/dimensionturistica.com\/es\/las-tendencias-de-viaje-para-el-2026-y-un-destino-para-vivirlas-colima\/","title":{"rendered":"Las Tendencias de viaje para el 2026 y un destino para vivirlas: Colima"},"content":{"rendered":"\n<figure class=\"wp-block-gallery has-nested-images columns-default is-cropped wp-block-gallery-1 is-layout-flex wp-block-gallery-is-layout-flex\">\n<figure class=\"wp-block-image size-large\"><img decoding=\"async\" width=\"500\" height=\"333\" data-id=\"1094647\" src=\"https:\/\/dimensionturistica.com\/es\/wp-content\/uploads\/2026\/01\/8COLIMA.jpg\" alt=\"\" class=\"wp-image-1094647\" srcset=\"https:\/\/dimensionturistica.com\/es\/wp-content\/uploads\/2026\/01\/8COLIMA.jpg 500w, https:\/\/dimensionturistica.com\/es\/wp-content\/uploads\/2026\/01\/8COLIMA-300x200.jpg 300w\" sizes=\"(max-width: 500px) 100vw, 500px\" \/><\/figure>\n<\/figure>\n\n\n\n<p>Viajar ya no significa \u00fanicamente cambiar de destino; para el viajero de 2026 implica elegir c\u00f3mo quiere vivir, qu\u00e9 ritmo desea y qu\u00e9 tipo de v\u00ednculo busca con el lugar que visita. En este nuevo escenario, Colima se posiciona de manera natural como un destino que responde a las principales tendencias que est\u00e1n marcando la industria tur\u00edstica.<\/p>\n\n\n\n<p>Una de las tendencias m\u00e1s claras es la preferencia por destinos menos saturados. Frente a playas masificadas y ciudades sobrepobladas, Colima se presenta como una alternativa que privilegia el espacio, la calma y el contacto aut\u00e9ntico con el entorno. Sus comunidades conservan tradiciones profundamente arraigadas, como Ixtlahuac\u00e1n con la fiesta de los Chayacates o Armer\u00eda con su hist\u00f3rica cultura salinera. A ello se suman paisajes que propician una relaci\u00f3n directa con la naturaleza: volcanes, lagunas y humedales de aguas termales que invitan a explorar sin prisas. Manzanillo, por su parte, equilibra la energ\u00eda de un puerto en constante movimiento con la posibilidad de disfrutar playas amplias, atardeceres serenos y experiencias locales donde el visitante no s\u00f3lo observa, sino participa.<\/p>\n\n\n\n<figure class=\"wp-block-gallery has-nested-images columns-default is-cropped wp-block-gallery-2 is-layout-flex wp-block-gallery-is-layout-flex\">\n<figure class=\"wp-block-image size-large\"><img decoding=\"async\" width=\"500\" height=\"277\" data-id=\"1094650\" src=\"https:\/\/dimensionturistica.com\/es\/wp-content\/uploads\/2026\/01\/1COLIMA.jpg\" alt=\"\" class=\"wp-image-1094650\" srcset=\"https:\/\/dimensionturistica.com\/es\/wp-content\/uploads\/2026\/01\/1COLIMA.jpg 500w, https:\/\/dimensionturistica.com\/es\/wp-content\/uploads\/2026\/01\/1COLIMA-300x166.jpg 300w\" sizes=\"(max-width: 500px) 100vw, 500px\" \/><\/figure>\n<\/figure>\n\n\n\n<p>Otra tendencia clara es el viaje consciente y de bienestar. El nuevo viajero prioriza el descanso real, el contacto con el entorno y que haya un aporte al equilibrio f\u00edsico y emocional. Colima responde a esta necesidad a trav\u00e9s de su geograf\u00eda volc\u00e1nica, zonas rurales, senderos y escenarios naturales. A ello se suman pr\u00e1cticas ancestrales como los temazcales y la tradici\u00f3n de medicina herbolaria que se preserva en comunidades como Suchitl\u00e1n.<\/p>\n\n\n\n<p>La autenticidad tambi\u00e9n se ha convertido en un valor central. En 2026, el viajero quiere conocer c\u00f3mo viven las personas del lugar, qu\u00e9 comen, qu\u00e9 celebran y c\u00f3mo se relacionan con su entorno. En este sentido, Colima mantiene una identidad cultural s\u00f3lida: desde su gastronom\u00eda cotidiana que incluye sopitos, pozole, seco, ponche y diversidad de mariscos hasta la vida en pueblos como Comala y su tradici\u00f3n panadera, adem\u00e1s de atractivos tur\u00edsticos como la Ruta del Caf\u00e9 o la Ruta del Agave, que atraviesan los campos colimenses y permiten conocer de primera mano el trabajo de productores y campesinos.<\/p>\n\n\n\n<figure class=\"wp-block-gallery has-nested-images columns-default is-cropped wp-block-gallery-3 is-layout-flex wp-block-gallery-is-layout-flex\">\n<figure class=\"wp-block-image size-large\"><img decoding=\"async\" width=\"500\" height=\"333\" data-id=\"1094652\" src=\"https:\/\/dimensionturistica.com\/es\/wp-content\/uploads\/2026\/01\/4COLIMA.jpg\" alt=\"\" class=\"wp-image-1094652\" srcset=\"https:\/\/dimensionturistica.com\/es\/wp-content\/uploads\/2026\/01\/4COLIMA.jpg 500w, https:\/\/dimensionturistica.com\/es\/wp-content\/uploads\/2026\/01\/4COLIMA-300x200.jpg 300w\" sizes=\"(max-width: 500px) 100vw, 500px\" \/><\/figure>\n<\/figure>\n\n\n\n<p>El turismo activo y de naturaleza es otra de las grandes apuestas del nuevo viajero. Senderismo, surf, ciclismo, avistamiento de aves o recorridos rurales forman parte de experiencias cada vez m\u00e1s demandadas. Colima re\u00fane estas posibilidades en distancias cortas, lo que brinda la oportunidad de vivir m\u00faltiples actividades sin traslados extensos ni itinerarios r\u00edgidos, una caracter\u00edstica altamente valorada por quienes buscan viajes flexibles. &nbsp;&nbsp;&nbsp;&nbsp;&nbsp;&nbsp;&nbsp;&nbsp;&nbsp;&nbsp;&nbsp;&nbsp;<\/p>\n\n\n\n<figure class=\"wp-block-gallery has-nested-images columns-default is-cropped wp-block-gallery-4 is-layout-flex wp-block-gallery-is-layout-flex\">\n<figure class=\"wp-block-image size-large\"><img decoding=\"async\" width=\"500\" height=\"400\" data-id=\"1094653\" src=\"https:\/\/dimensionturistica.com\/es\/wp-content\/uploads\/2026\/01\/7COLIMA.jpg\" alt=\"\" class=\"wp-image-1094653\" srcset=\"https:\/\/dimensionturistica.com\/es\/wp-content\/uploads\/2026\/01\/7COLIMA.jpg 500w, https:\/\/dimensionturistica.com\/es\/wp-content\/uploads\/2026\/01\/7COLIMA-300x240.jpg 300w\" sizes=\"(max-width: 500px) 100vw, 500px\" \/><\/figure>\n<\/figure>\n\n\n\n<p>Finalmente, el viajero de 2026 valora destinos que permitan desconectarse sin aislarse, lugares donde la tecnolog\u00eda pase a segundo plano y la experiencia sea el centro. Colima ofrece esa combinaci\u00f3n: conectividad suficiente, pero con la invitaci\u00f3n constante a mirar el paisaje, compartir la mesa, caminar sin prisa y disfrutar el entorno.<\/p>\n\n\n\n<p>La diversidad y la forma de vida colimense convierten al destino en una propuesta flexible, capaz de adaptarse a distintos perfiles de viajero. Esta versatilidad le permite responder a las expectativas de diversos segmentos y alinearse con lo que los turistas buscan en 2026: experiencias aut\u00e9nticas, equilibrio y una conexi\u00f3n real con el territorio.<\/p>\n\n\n\n<figure class=\"wp-block-gallery has-nested-images columns-default is-cropped wp-block-gallery-5 is-layout-flex wp-block-gallery-is-layout-flex\">\n<figure class=\"wp-block-image size-large\"><img decoding=\"async\" width=\"500\" height=\"341\" data-id=\"1094654\" src=\"https:\/\/dimensionturistica.com\/es\/wp-content\/uploads\/2026\/01\/9COLIMA.jpg\" alt=\"\" class=\"wp-image-1094654\" srcset=\"https:\/\/dimensionturistica.com\/es\/wp-content\/uploads\/2026\/01\/9COLIMA.jpg 500w, https:\/\/dimensionturistica.com\/es\/wp-content\/uploads\/2026\/01\/9COLIMA-300x205.jpg 300w\" sizes=\"(max-width: 500px) 100vw, 500px\" \/><\/figure>\n<\/figure>\n","protected":false},"excerpt":{"rendered":"<p>Viajar ya no significa \u00fanicamente cambiar de destino; para el viajero de 2026 implica elegir c\u00f3mo quiere vivir, qu\u00e9 ritmo desea y qu\u00e9 tipo de v\u00ednculo busca con el lugar que visita. En este nuevo escenario, Colima se posiciona de manera natural como un destino que responde a las principales tendencias que est\u00e1n marcando la [&hellip;]<\/p>\n","protected":false},"author":1,"featured_media":0,"comment_status":"open","ping_status":"closed","sticky":false,"template":"","format":"standard","meta":{"om_disable_all_campaigns":false,"jnews-multi-image_gallery":[],"jnews_single_post":[],"jnews_primary_category":[],"jnews_social_meta":[],"footnotes":""},"categories":[39],"tags":[],"class_list":["post-1094646","post","type-post","status-publish","format-standard","hentry","category-viajes"],"_links":{"self":[{"href":"https:\/\/dimensionturistica.com\/es\/wp-json\/wp\/v2\/posts\/1094646","targetHints":{"allow":["GET"]}}],"collection":[{"href":"https:\/\/dimensionturistica.com\/es\/wp-json\/wp\/v2\/posts"}],"about":[{"href":"https:\/\/dimensionturistica.com\/es\/wp-json\/wp\/v2\/types\/post"}],"author":[{"embeddable":true,"href":"https:\/\/dimensionturistica.com\/es\/wp-json\/wp\/v2\/users\/1"}],"replies":[{"embeddable":true,"href":"https:\/\/dimensionturistica.com\/es\/wp-json\/wp\/v2\/comments?post=1094646"}],"version-history":[{"count":1,"href":"https:\/\/dimensionturistica.com\/es\/wp-json\/wp\/v2\/posts\/1094646\/revisions"}],"predecessor-version":[{"id":1094655,"href":"https:\/\/dimensionturistica.com\/es\/wp-json\/wp\/v2\/posts\/1094646\/revisions\/1094655"}],"wp:attachment":[{"href":"https:\/\/dimensionturistica.com\/es\/wp-json\/wp\/v2\/media?parent=1094646"}],"wp:term":[{"taxonomy":"category","embeddable":true,"href":"https:\/\/dimensionturistica.com\/es\/wp-json\/wp\/v2\/categories?post=1094646"},{"taxonomy":"post_tag","embeddable":true,"href":"https:\/\/dimensionturistica.com\/es\/wp-json\/wp\/v2\/tags?post=1094646"}],"curies":[{"name":"wp","href":"https:\/\/api.w.org\/{rel}","templated":true}]}}