{"id":1094632,"date":"2026-01-08T15:22:50","date_gmt":"2026-01-08T15:22:50","guid":{"rendered":"https:\/\/dimensionturistica.com\/es\/?p=1094632"},"modified":"2026-01-08T15:22:50","modified_gmt":"2026-01-08T15:22:50","slug":"nuevo-ano-nuevos-habitos-embecta-visibiliza-el-aspecto-social-de-la-diabetes","status":"publish","type":"post","link":"https:\/\/dimensionturistica.com\/es\/nuevo-ano-nuevos-habitos-embecta-visibiliza-el-aspecto-social-de-la-diabetes\/","title":{"rendered":"Nuevo a\u00f1o, nuevos h\u00e1bitos: embecta visibiliza el aspecto social de la diabetes"},"content":{"rendered":"\n<figure class=\"wp-block-gallery has-nested-images columns-default is-cropped wp-block-gallery-1 is-layout-flex wp-block-gallery-is-layout-flex\">\n<figure class=\"wp-block-image size-large\"><img decoding=\"async\" width=\"500\" height=\"197\" data-id=\"1094634\" src=\"https:\/\/dimensionturistica.com\/es\/wp-content\/uploads\/2026\/01\/1EMBE.jpg\" alt=\"\" class=\"wp-image-1094634\" srcset=\"https:\/\/dimensionturistica.com\/es\/wp-content\/uploads\/2026\/01\/1EMBE.jpg 500w, https:\/\/dimensionturistica.com\/es\/wp-content\/uploads\/2026\/01\/1EMBE-300x118.jpg 300w\" sizes=\"(max-width: 500px) 100vw, 500px\" \/><\/figure>\n<\/figure>\n\n\n\n<p>&nbsp;Un an\u00e1lisis de la Encuesta Nacional de Salud y Nutrici\u00f3n (ENSANUT) 2023, estim\u00f3 que la prevalencia de diabetes tipo 2 (DT2) fue de 18.4% (12.4% diagnosticada, 6.0% no diagnosticada).<\/p>\n\n\n\n<p>&nbsp;M\u00e1s del 90% de las personas con diabetes padecen diabetes tipo 2. 2<\/p>\n\n\n\n<p>El inicio de un nuevo a\u00f1o siempre es una invitaci\u00f3n para implementar peque\u00f1os cambios que generen un impacto positivo a largo plazo. Reforzar el compromiso con el cuidado personal, involucrar al entorno y apoyarse en profesionales de la salud son acciones clave para que 2026 sea un a\u00f1o lleno de bienestar, sobre todo si se vive con diabetes.<\/p>\n\n\n\n<figure class=\"wp-block-gallery has-nested-images columns-default is-cropped wp-block-gallery-2 is-layout-flex wp-block-gallery-is-layout-flex\">\n<figure class=\"wp-block-image size-large\"><img decoding=\"async\" width=\"500\" height=\"333\" data-id=\"1094636\" src=\"https:\/\/dimensionturistica.com\/es\/wp-content\/uploads\/2026\/01\/2EMBE.jpg\" alt=\"\" class=\"wp-image-1094636\" srcset=\"https:\/\/dimensionturistica.com\/es\/wp-content\/uploads\/2026\/01\/2EMBE.jpg 500w, https:\/\/dimensionturistica.com\/es\/wp-content\/uploads\/2026\/01\/2EMBE-300x200.jpg 300w\" sizes=\"(max-width: 500px) 100vw, 500px\" \/><\/figure>\n<\/figure>\n\n\n\n<p>De acuerdo con Mariana Buss, PhD, gerente m\u00e9dica para embecta&#x2122; Latinoam\u00e9rica, es importante considerar los desaf\u00edos que representan las celebraciones que a\u00fan est\u00e1n por venir para las personas con diabetes: \u201cCualquier festividad es una gran oportunidad para reunir a la familia y amigos. Y en eventos sociales en general, el paciente debe sentirse c\u00f3modo de formar parte. Es muy importante tomar en cuenta el aspecto social de la<\/p>\n\n\n\n<p>diabetes ya que forma parte de la cotidianeidad del individuo, quienes incluso llegan a preferir no asistir o no participar, ya sea por no saber c\u00f3mo manejarse, miedo a alguna complicaci\u00f3n en p\u00fablico o por sentirse excluidos, entre otros motivos\u201d.<\/p>\n\n\n\n<p>Adem\u00e1s, durante estos eventos es frecuente que las rutinas de alimentaci\u00f3n, actividad f\u00edsica y toma de medicamentos se modifique, lo que puede generar desajustes en el manejo de su condici\u00f3n. \u201cEs un buen momento para que el paciente y su entorno reflexionen sobre el papel de la diabetes en su vida diaria y mantener los niveles gluc\u00e9micos en rangos saludables\u201d, agrega Buss.<\/p>\n\n\n\n<p>Este mes es una buena oportunidad de adoptar los \u201cProp\u00f3sitos FITTER 2026\u201d para una correcta t\u00e9cnica de inyecci\u00f3n de insulina y as\u00ed aprovechar de forma \u00f3ptima el tratamiento, probando que con peque\u00f1os cambios se obtienen grandes resultados. \u201cRecordemos que las Recomendaciones de Expertos FITTER Forward reunen las mejores pr\u00e1cticas internacionales para mejorar la t\u00e9cnica y la ense\u00f1anza en la aplicaci\u00f3n de insulina para optimizar los resultados cl\u00ednicos de millones de personas con diabetes en M\u00e9xico y el mundo\u201d, explica Buss.<\/p>\n\n\n\n<p>Es aqu\u00ed donde cobra importancia el papel de la educaci\u00f3n en diabetes, ya que<\/p>\n\n\n\n<p>adquiriendo y actualizando conocimientos y habilidades, la persona con diabetes podr\u00e1 tomar decisiones informadas en su d\u00eda a d\u00eda que beneficien su salud, hasta lograr un verdadero empoderamiento del paciente con una participaci\u00f3n activa en su condici\u00f3n.<\/p>\n\n\n\n<figure class=\"wp-block-gallery has-nested-images columns-default is-cropped wp-block-gallery-3 is-layout-flex wp-block-gallery-is-layout-flex\">\n<figure class=\"wp-block-image size-large\"><img decoding=\"async\" width=\"500\" height=\"280\" data-id=\"1094637\" src=\"https:\/\/dimensionturistica.com\/es\/wp-content\/uploads\/2026\/01\/3EMBE.jpg\" alt=\"\" class=\"wp-image-1094637\" srcset=\"https:\/\/dimensionturistica.com\/es\/wp-content\/uploads\/2026\/01\/3EMBE.jpg 500w, https:\/\/dimensionturistica.com\/es\/wp-content\/uploads\/2026\/01\/3EMBE-300x168.jpg 300w\" sizes=\"(max-width: 500px) 100vw, 500px\" \/><\/figure>\n<\/figure>\n\n\n\n<p>\u201cRecordemos que la diabetes no s\u00f3lo afecta al individuo, sino tambi\u00e9n a quienes lo rodean. Cuando el entorno comprende las necesidades del paciente y comparte estos conocimientos para acompa\u00f1arlos en su camino, adem\u00e1s de tener mejor capacidad de respuesta ante alguna eventualidad, no solo pueden convertirse en aliados de su bienestar, sino que tambi\u00e9n previenen ellos mismos complicaciones a su propia salud\u201d, menciona la experta.<\/p>\n\n\n\n<p>Es en este contexto que Mariana Buss comparte algunos consejos para comenzar el a\u00f1o nuevo con un enfoque positivo y saludable:- Nota importante: El contenido de este bolet\u00edn no sustituye el asesoramiento, el diagn\u00f3stico o el tratamiento m\u00e9dico profesional. No ignore los consejos de su m\u00e9dico ni retrase su b\u00fasqueda por algo que haya le\u00eddo aqu\u00ed. Nuestro contenido es para su conocimiento e informaci\u00f3n.<\/p>\n\n\n\n<p>En caso de duda, busque siempre atenci\u00f3n m\u00e9dica para obtener orientaci\u00f3n sobre el mejor tratamiento y manejo.<\/p>\n\n\n\n<p>\uf0b7 Retomar h\u00e1bitos saludables lo antes posible. Si durante el fin de a\u00f1o hubo<\/p>\n\n\n\n<p>indulgencias, es importante volver al plan de manejo de la diabetes, siempre bajo vigilancia m\u00e9dica y equipo multidisciplinario de profesionales de la salud, sobre todo si es necesario alg\u00fan ajuste.<\/p>\n\n\n\n<p>\uf0b7 Involucrar al entorno. La comunicaci\u00f3n abierta con la familia y los amigos puede ayudar a generar un ambiente de apoyo. Compartir metas de salud, deseos y necesidades, incluso preocupaciones, son pasos importantes.<\/p>\n\n\n\n<p>\uf0b7 Tratamiento farmacol\u00f3gico. Es fundamental retomar la disciplina en la toma de medicamentos y\/o aplicaciones de insulina, tanto en dosis como en horarios.<\/p>\n\n\n\n<figure class=\"wp-block-gallery has-nested-images columns-default is-cropped wp-block-gallery-4 is-layout-flex wp-block-gallery-is-layout-flex\">\n<figure class=\"wp-block-image size-large\"><img decoding=\"async\" width=\"500\" height=\"333\" data-id=\"1094638\" src=\"https:\/\/dimensionturistica.com\/es\/wp-content\/uploads\/2026\/01\/4EMBE.jpg\" alt=\"\" class=\"wp-image-1094638\" srcset=\"https:\/\/dimensionturistica.com\/es\/wp-content\/uploads\/2026\/01\/4EMBE.jpg 500w, https:\/\/dimensionturistica.com\/es\/wp-content\/uploads\/2026\/01\/4EMBE-300x200.jpg 300w\" sizes=\"(max-width: 500px) 100vw, 500px\" \/><figcaption class=\"wp-element-caption\">Group of friends doing excursion around desert with convertible 4&#215;4 car &#8211; Friendship, tour, youth, lifestyle and vacation concept &#8211; Focus on guys bodies<\/figcaption><\/figure>\n<\/figure>\n\n\n\n<p>\uf0b7 Monitoreos de glucosa frecuentes. Llevar un registro sobre la glucosa en ayuno y dos horas despu\u00e9s del primer bocado de los alimentos ayudar\u00e1 a conocer la situaci\u00f3n en que se encuentra el paciente y as\u00ed tomar decisiones informadas sobre c\u00f3mo proceder.<\/p>\n\n\n\n<p>Desde su actuaci\u00f3n en el \u00e1mbito de la atenci\u00f3n a la diabetes, embecta&#x2122;, compa\u00f1\u00eda global especializada en dispositivos para la administraci\u00f3n de insulina, refuerza la relevancia de un abordaje integral en el manejo de la diabetes, que vaya m\u00e1s all\u00e1 de la alimentaci\u00f3n y la medicaci\u00f3n, contemplando tambi\u00e9n sus dimensiones emocionales y sociales.<\/p>\n\n\n\n<p>\u201cCuando las personas con diabetes se sienten apoyadas por su entorno y su comunidad, su calidad de vida mejora notablemente\u201d, puntualiza la experta, fomentando que este 2026 sea de salud y bienestar.<\/p>\n\n\n\n<p>M\u00e1s informaci\u00f3n: atencion_diabetes@embecta.com \/ www.embecta.com\/mx\/es-mx\/<\/p>\n","protected":false},"excerpt":{"rendered":"<p>&nbsp;Un an\u00e1lisis de la Encuesta Nacional de Salud y Nutrici\u00f3n (ENSANUT) 2023, estim\u00f3 que la prevalencia de diabetes tipo 2 (DT2) fue de 18.4% (12.4% diagnosticada, 6.0% no diagnosticada). &nbsp;M\u00e1s del 90% de las personas con diabetes padecen diabetes tipo 2. 2 El inicio de un nuevo a\u00f1o siempre es una invitaci\u00f3n para implementar peque\u00f1os [&hellip;]<\/p>\n","protected":false},"author":1,"featured_media":0,"comment_status":"open","ping_status":"closed","sticky":false,"template":"","format":"standard","meta":{"om_disable_all_campaigns":false,"jnews-multi-image_gallery":[],"jnews_single_post":{"format":"standard"},"jnews_primary_category":[],"jnews_social_meta":[],"footnotes":""},"categories":[40],"tags":[],"class_list":["post-1094632","post","type-post","status-publish","format-standard","hentry","category-industria"],"_links":{"self":[{"href":"https:\/\/dimensionturistica.com\/es\/wp-json\/wp\/v2\/posts\/1094632","targetHints":{"allow":["GET"]}}],"collection":[{"href":"https:\/\/dimensionturistica.com\/es\/wp-json\/wp\/v2\/posts"}],"about":[{"href":"https:\/\/dimensionturistica.com\/es\/wp-json\/wp\/v2\/types\/post"}],"author":[{"embeddable":true,"href":"https:\/\/dimensionturistica.com\/es\/wp-json\/wp\/v2\/users\/1"}],"replies":[{"embeddable":true,"href":"https:\/\/dimensionturistica.com\/es\/wp-json\/wp\/v2\/comments?post=1094632"}],"version-history":[{"count":1,"href":"https:\/\/dimensionturistica.com\/es\/wp-json\/wp\/v2\/posts\/1094632\/revisions"}],"predecessor-version":[{"id":1094639,"href":"https:\/\/dimensionturistica.com\/es\/wp-json\/wp\/v2\/posts\/1094632\/revisions\/1094639"}],"wp:attachment":[{"href":"https:\/\/dimensionturistica.com\/es\/wp-json\/wp\/v2\/media?parent=1094632"}],"wp:term":[{"taxonomy":"category","embeddable":true,"href":"https:\/\/dimensionturistica.com\/es\/wp-json\/wp\/v2\/categories?post=1094632"},{"taxonomy":"post_tag","embeddable":true,"href":"https:\/\/dimensionturistica.com\/es\/wp-json\/wp\/v2\/tags?post=1094632"}],"curies":[{"name":"wp","href":"https:\/\/api.w.org\/{rel}","templated":true}]}}