{"id":1094618,"date":"2026-01-08T15:06:11","date_gmt":"2026-01-08T15:06:11","guid":{"rendered":"https:\/\/dimensionturistica.com\/es\/?p=1094618"},"modified":"2026-01-08T15:06:11","modified_gmt":"2026-01-08T15:06:11","slug":"el-ecommerce-day-tour-celebra-20-anos-como-punto-de-encuentro-del-digital-commerce-en-iberoamerica","status":"publish","type":"post","link":"https:\/\/dimensionturistica.com\/es\/el-ecommerce-day-tour-celebra-20-anos-como-punto-de-encuentro-del-digital-commerce-en-iberoamerica\/","title":{"rendered":"El eCommerce Day Tour celebra 20 a\u00f1os como punto de encuentro del Digital Commerce en Iberoam\u00e9rica"},"content":{"rendered":"\n<p><\/p>\n\n\n\n<figure class=\"wp-block-gallery has-nested-images columns-default is-cropped wp-block-gallery-1 is-layout-flex wp-block-gallery-is-layout-flex\">\n<figure class=\"wp-block-image size-large\"><img decoding=\"async\" width=\"500\" height=\"216\" data-id=\"1094619\" src=\"https:\/\/dimensionturistica.com\/es\/wp-content\/uploads\/2026\/01\/2TEC-1.jpg\" alt=\"\" class=\"wp-image-1094619\" srcset=\"https:\/\/dimensionturistica.com\/es\/wp-content\/uploads\/2026\/01\/2TEC-1.jpg 500w, https:\/\/dimensionturistica.com\/es\/wp-content\/uploads\/2026\/01\/2TEC-1-300x130.jpg 300w\" sizes=\"(max-width: 500px) 100vw, 500px\" \/><\/figure>\n<\/figure>\n\n\n\n<p>El eCommerce Day Tour anuncia el inicio de su edici\u00f3n 2026, un a\u00f1o que marca un hito para el ecosistema digital de la regi\u00f3n con la celebraci\u00f3n de los 20 a\u00f1os de su realizaci\u00f3n, reafirmando su posicionamiento como el principal punto de encuentro del Digital Commerce en Iberoam\u00e9rica.<\/p>\n\n\n\n<p>Desde su creaci\u00f3n, el eCommerce Day Tour ha acompa\u00f1ado la evoluci\u00f3n del comercio electr\u00f3nico y los negocios digitales en la regi\u00f3n, conectando a miles de profesionales, empresas y l\u00edderes que hoy toman las decisiones estrat\u00e9gicas que definen el rumbo del Retail y las marcas en un entorno cada vez m\u00e1s competitivo y digitalizado.<\/p>\n\n\n\n<p>La edici\u00f3n 2026 representa una instancia de celebraci\u00f3n institucional, pero tambi\u00e9n de proyecci\u00f3n hacia el futuro. En dos d\u00e9cadas de trabajo sostenido, el eCommerce Institute ha impulsado el desarrollo del ecosistema digital a trav\u00e9s de la generaci\u00f3n de conocimiento, la formaci\u00f3n de talento, la documentaci\u00f3n de casos reales y la articulaci\u00f3n entre empresas, c\u00e1maras, instituciones y gobiernos, contribuyendo activamente a la transformaci\u00f3n de los mercados de la regi\u00f3n.<\/p>\n\n\n\n<p>En este contexto, el eCommerce Day Tour 2026 se presenta como un espacio de di\u00e1logo estrat\u00e9gico orientado a los principales tomadores de decisiones del ecosistema digital. CEOs, CMOs, CDOs, directores de Retail, eCommerce e Innovaci\u00f3n encontrar\u00e1n en el Tour un \u00e1mbito para analizar los desaf\u00edos actuales del negocio, compartir experiencias y construir una visi\u00f3n com\u00fan sobre el futuro de la industria.<\/p>\n\n\n\n<figure class=\"wp-block-gallery has-nested-images columns-default is-cropped wp-block-gallery-2 is-layout-flex wp-block-gallery-is-layout-flex\">\n<figure class=\"wp-block-image size-large\"><img decoding=\"async\" width=\"500\" height=\"333\" data-id=\"1094620\" src=\"https:\/\/dimensionturistica.com\/es\/wp-content\/uploads\/2026\/01\/1TEC-1.jpg\" alt=\"\" class=\"wp-image-1094620\" srcset=\"https:\/\/dimensionturistica.com\/es\/wp-content\/uploads\/2026\/01\/1TEC-1.jpg 500w, https:\/\/dimensionturistica.com\/es\/wp-content\/uploads\/2026\/01\/1TEC-1-300x200.jpg 300w\" sizes=\"(max-width: 500px) 100vw, 500px\" \/><\/figure>\n<\/figure>\n\n\n\n<p>El foco de esta edici\u00f3n estar\u00e1 puesto en el encuentro entre Retail y Marcas, entendiendo que el crecimiento sostenible del Digital Commerce requiere modelos colaborativos, estrategias omnicanal integradas y decisiones basadas en datos, tecnolog\u00eda y conocimiento del consumidor. La agenda abordar\u00e1 temas clave como inteligencia artificial aplicada al negocio, comercio colaborativo, fintech, marketplaces, retail media, comercio unificado, social commerce, log\u00edstica inteligente, customer centricity, agentic commerce, inteligencia aumentada, talento y liderazgo digital, siempre desde una mirada estrat\u00e9gica y aplicada.<\/p>\n\n\n\n<p>\u201cCuando creamos el eCommerce Day, no lo pensamos como un evento, sino como una herramienta para ordenar y acompa\u00f1ar el crecimiento de una industria que reci\u00e9n comenzaba. Veinte a\u00f1os despu\u00e9s, el verdadero valor del Tour est\u00e1 en la continuidad: conversaciones que evolucionan, comunidades que se fortalecen y conocimiento que se convierte en decisiones concretas. Alcanzar las 200 ediciones en 2026 confirma que el desarrollo del comercio digital no se construye con hitos aislados, sino con trabajo sostenido, articulaci\u00f3n regional y una visi\u00f3n compartida de largo plazo. El eCommerce Day es, ante todo, el punto de encuentro donde se discuten las tendencias y se conectan los actores que hacen posible el avance colectivo del ecosistema digital en la regi\u00f3n.&#8221;, afirm\u00f3 Marcos Pueyrredon, Presidente eCommerce Institute y Co-founder VTEX.<\/p>\n\n\n\n<p>Este a\u00f1o, el Tour se concentra en 8 pa\u00edses clave de la industria digital, comenzando en abril con su primera jornada en Chile y continuando con eventos en Colombia, Per\u00fa, Argentina, Paraguay, M\u00e9xico, Uruguay y Panam\u00e1. Estos destinos han sido seleccionados estrat\u00e9gicamente por su impacto regional y su capacidad de generar conexiones transfronterizas de alto valor para el crecimiento de la industria digital.<\/p>\n\n\n\n<p>El Tour contar\u00e1 con el respaldo de sus cap\u00edtulos locales que funcionan como referentes del ecosistema digital en cada pa\u00eds: la C\u00e1mara de Comercio de Santiago (CCS), la C\u00e1mara Colombiana de Comercio Electr\u00f3nico (CCCE), la C\u00e1mara de Comercio de Lima (CCL), la C\u00e1mara Argentina de Comercio Electr\u00f3nico (CACE), la C\u00e1mara Paraguaya de Comercio Electr\u00f3nico (CAPACE), la Asociaci\u00f3n Mexicana de Venta Online (AMVO), la C\u00e1mara de la Econom\u00eda Digital del Uruguay (CEDU) y Connecta B2B, fortaleciendo una mirada regional con impacto local.<\/p>\n\n\n\n<p>A lo largo de su historia, el eCommerce Day Tour se ha consolidado como mucho m\u00e1s que un ciclo de eventos. Se trata de una iniciativa institucional impulsada por el eCommerce Institute que ha contribuido a profesionalizar la industria, fortalecer comunidades locales y regionales, y generar impacto real en la evoluci\u00f3n del comercio digital en Iberoam\u00e9rica. Alcanzar los 200 eventos en 2026 es reflejo de ese recorrido y del compromiso sostenido con el desarrollo del ecosistema.<\/p>\n\n\n\n<p>El calendario completo del eCommerce Day Tour 2026, con las fechas y pa\u00edses confirmados, ya se encuentra disponible en www.ecommerceday.org, donde tambi\u00e9n se ir\u00e1n anunciando las agendas espec\u00edficas y las distintas iniciativas que formar\u00e1n parte de esta edici\u00f3n hist\u00f3rica.<\/p>\n","protected":false},"excerpt":{"rendered":"<p>El eCommerce Day Tour anuncia el inicio de su edici\u00f3n 2026, un a\u00f1o que marca un hito para el ecosistema digital de la regi\u00f3n con la celebraci\u00f3n de los 20 a\u00f1os de su realizaci\u00f3n, reafirmando su posicionamiento como el principal punto de encuentro del Digital Commerce en Iberoam\u00e9rica. Desde su creaci\u00f3n, el eCommerce Day Tour [&hellip;]<\/p>\n","protected":false},"author":1,"featured_media":0,"comment_status":"open","ping_status":"closed","sticky":false,"template":"","format":"standard","meta":{"om_disable_all_campaigns":false,"jnews-multi-image_gallery":[],"jnews_single_post":{"format":"standard"},"jnews_primary_category":[],"jnews_social_meta":[],"footnotes":""},"categories":[40],"tags":[],"class_list":["post-1094618","post","type-post","status-publish","format-standard","hentry","category-industria"],"_links":{"self":[{"href":"https:\/\/dimensionturistica.com\/es\/wp-json\/wp\/v2\/posts\/1094618","targetHints":{"allow":["GET"]}}],"collection":[{"href":"https:\/\/dimensionturistica.com\/es\/wp-json\/wp\/v2\/posts"}],"about":[{"href":"https:\/\/dimensionturistica.com\/es\/wp-json\/wp\/v2\/types\/post"}],"author":[{"embeddable":true,"href":"https:\/\/dimensionturistica.com\/es\/wp-json\/wp\/v2\/users\/1"}],"replies":[{"embeddable":true,"href":"https:\/\/dimensionturistica.com\/es\/wp-json\/wp\/v2\/comments?post=1094618"}],"version-history":[{"count":1,"href":"https:\/\/dimensionturistica.com\/es\/wp-json\/wp\/v2\/posts\/1094618\/revisions"}],"predecessor-version":[{"id":1094621,"href":"https:\/\/dimensionturistica.com\/es\/wp-json\/wp\/v2\/posts\/1094618\/revisions\/1094621"}],"wp:attachment":[{"href":"https:\/\/dimensionturistica.com\/es\/wp-json\/wp\/v2\/media?parent=1094618"}],"wp:term":[{"taxonomy":"category","embeddable":true,"href":"https:\/\/dimensionturistica.com\/es\/wp-json\/wp\/v2\/categories?post=1094618"},{"taxonomy":"post_tag","embeddable":true,"href":"https:\/\/dimensionturistica.com\/es\/wp-json\/wp\/v2\/tags?post=1094618"}],"curies":[{"name":"wp","href":"https:\/\/api.w.org\/{rel}","templated":true}]}}