{"id":1094610,"date":"2026-01-08T14:54:51","date_gmt":"2026-01-08T14:54:51","guid":{"rendered":"https:\/\/dimensionturistica.com\/es\/?p=1094610"},"modified":"2026-01-08T14:54:51","modified_gmt":"2026-01-08T14:54:51","slug":"panasonic-presentara-soluciones-e-innovaciones-empresariales-impulsadas-por-ia-bajo-el-lema-el-futuro-que-creamos-en-el-ces-2026","status":"publish","type":"post","link":"https:\/\/dimensionturistica.com\/es\/panasonic-presentara-soluciones-e-innovaciones-empresariales-impulsadas-por-ia-bajo-el-lema-el-futuro-que-creamos-en-el-ces-2026\/","title":{"rendered":"Panasonic presentar\u00e1 soluciones e innovaciones empresariales impulsadas por IA bajo el lema &#8220;El futuro que creamos&#8221; en el CES 2026."},"content":{"rendered":"\n<figure class=\"wp-block-gallery has-nested-images columns-default is-cropped wp-block-gallery-1 is-layout-flex wp-block-gallery-is-layout-flex\">\n<figure class=\"wp-block-image size-large\"><img decoding=\"async\" width=\"500\" height=\"78\" data-id=\"1094611\" src=\"https:\/\/dimensionturistica.com\/es\/wp-content\/uploads\/2026\/01\/1PANA.jpg\" alt=\"\" class=\"wp-image-1094611\" srcset=\"https:\/\/dimensionturistica.com\/es\/wp-content\/uploads\/2026\/01\/1PANA.jpg 500w, https:\/\/dimensionturistica.com\/es\/wp-content\/uploads\/2026\/01\/1PANA-300x47.jpg 300w\" sizes=\"(max-width: 500px) 100vw, 500px\" \/><\/figure>\n<\/figure>\n\n\n\n<p>Panasonic, expondr\u00e1 en el CES 2026, que se celebrar\u00e1 del 6 al 9 de enero de 2026 en Las Vegas, Nevada, EE. UU., bajo el lema El futuro que creamos.<\/p>\n\n\n\n<p>Panasonic se compromete a lograr una sociedad ideal con prosperidad tanto material como mental, donde coexistan la riqueza material y espiritual. Como parte de este compromiso, la marca presentar\u00e1 sus \u00faltimas innovaciones basadas en IA y demostrar\u00e1 su compromiso con las soluciones B2B que contribuyen a la construcci\u00f3n de un futuro sostenible.<\/p>\n\n\n\n<figure class=\"wp-block-gallery has-nested-images columns-default is-cropped wp-block-gallery-2 is-layout-flex wp-block-gallery-is-layout-flex\">\n<figure class=\"wp-block-image size-large\"><img decoding=\"async\" width=\"500\" height=\"281\" data-id=\"1094614\" src=\"https:\/\/dimensionturistica.com\/es\/wp-content\/uploads\/2026\/01\/3PANA-2.jpg\" alt=\"\" class=\"wp-image-1094614\" srcset=\"https:\/\/dimensionturistica.com\/es\/wp-content\/uploads\/2026\/01\/3PANA-2.jpg 500w, https:\/\/dimensionturistica.com\/es\/wp-content\/uploads\/2026\/01\/3PANA-2-300x169.jpg 300w\" sizes=\"(max-width: 500px) 100vw, 500px\" \/><\/figure>\n<\/figure>\n\n\n\n<p>La exposici\u00f3n se centra en soluciones de infraestructura de IA que demuestran c\u00f3mo lograr alto rendimiento, fiabilidad y un menor consumo energ\u00e9tico en centros de datos con un alto consumo energ\u00e9tico. La presentaci\u00f3n presentar\u00e1 sistemas de almacenamiento de energ\u00eda de alta seguridad y ahorro de espacio que mejoran la eficiencia de la gesti\u00f3n energ\u00e9tica; condensadores y materiales multicapa para placas de circuito impreso que permiten un funcionamiento estable y una comunicaci\u00f3n de alta velocidad en condiciones de alta temperatura y corriente; tecnolog\u00edas de eficiencia energ\u00e9tica, como bombas y<\/p>\n\n\n\n<figure class=\"wp-block-gallery has-nested-images columns-default is-cropped wp-block-gallery-3 is-layout-flex wp-block-gallery-is-layout-flex\">\n<figure class=\"wp-block-image size-large\"><img decoding=\"async\" width=\"500\" height=\"281\" data-id=\"1094615\" src=\"https:\/\/dimensionturistica.com\/es\/wp-content\/uploads\/2026\/01\/2PANA.jpg\" alt=\"\" class=\"wp-image-1094615\" srcset=\"https:\/\/dimensionturistica.com\/es\/wp-content\/uploads\/2026\/01\/2PANA.jpg 500w, https:\/\/dimensionturistica.com\/es\/wp-content\/uploads\/2026\/01\/2PANA-300x169.jpg 300w\" sizes=\"(max-width: 500px) 100vw, 500px\" \/><\/figure>\n<\/figure>\n\n\n\n<p>compresores de refrigeraci\u00f3n l\u00edquida que protegen los servidores del estr\u00e9s t\u00e9rmico; y equipos de fabricaci\u00f3n de semiconductores de alta precisi\u00f3n para las etapas intermedias del proceso de semiconductores de IA energ\u00e9ticamente eficientes, que se est\u00e1n volviendo cada vez m\u00e1s integrados, r\u00e1pidos y de alta capacidad. Estas soluciones demuestran la amplia experiencia tecnol\u00f3gica del Grupo Panasonic en infraestructura de IA.<\/p>\n\n\n\n<p>Tambi\u00e9n presentar\u00e1 ejemplos de soluciones B2B en sectores no manufactureros, como log\u00edstica y servicios, que utilizan IA que respaldan cadenas de suministro resilientes y mejoran la seguridad y la comodidad de las personas en la vida diaria.<\/p>\n\n\n\n<figure class=\"wp-block-gallery has-nested-images columns-default is-cropped wp-block-gallery-4 is-layout-flex wp-block-gallery-is-layout-flex\">\n<figure class=\"wp-block-image size-large\"><img decoding=\"async\" width=\"500\" height=\"281\" data-id=\"1094616\" src=\"https:\/\/dimensionturistica.com\/es\/wp-content\/uploads\/2026\/01\/5PANA.jpg\" alt=\"\" class=\"wp-image-1094616\" srcset=\"https:\/\/dimensionturistica.com\/es\/wp-content\/uploads\/2026\/01\/5PANA.jpg 500w, https:\/\/dimensionturistica.com\/es\/wp-content\/uploads\/2026\/01\/5PANA-300x169.jpg 300w\" sizes=\"(max-width: 500px) 100vw, 500px\" \/><\/figure>\n<\/figure>\n\n\n\n<p>Para saber m\u00e1s sobre los productos y soluciones de Panasonic visita<\/p>\n\n\n\n<p>www.panasonic.com\/mx. S\u00edguenos tambi\u00e9n en nuestras redes sociales: Facebook PanasonicMx\/ X @vivepanasonic\/ Instagram panasonicmexico\/ YouTube Panasonic M\u00e9xico<\/p>\n\n\n\n<p><\/p>\n","protected":false},"excerpt":{"rendered":"<p>Panasonic, expondr\u00e1 en el CES 2026, que se celebrar\u00e1 del 6 al 9 de enero de 2026 en Las Vegas, Nevada, EE. UU., bajo el lema El futuro que creamos. Panasonic se compromete a lograr una sociedad ideal con prosperidad tanto material como mental, donde coexistan la riqueza material y espiritual. Como parte de este [&hellip;]<\/p>\n","protected":false},"author":1,"featured_media":0,"comment_status":"open","ping_status":"closed","sticky":false,"template":"","format":"standard","meta":{"om_disable_all_campaigns":false,"jnews-multi-image_gallery":[],"jnews_single_post":[],"jnews_primary_category":[],"jnews_social_meta":[],"footnotes":""},"categories":[40],"tags":[],"class_list":["post-1094610","post","type-post","status-publish","format-standard","hentry","category-industria"],"_links":{"self":[{"href":"https:\/\/dimensionturistica.com\/es\/wp-json\/wp\/v2\/posts\/1094610","targetHints":{"allow":["GET"]}}],"collection":[{"href":"https:\/\/dimensionturistica.com\/es\/wp-json\/wp\/v2\/posts"}],"about":[{"href":"https:\/\/dimensionturistica.com\/es\/wp-json\/wp\/v2\/types\/post"}],"author":[{"embeddable":true,"href":"https:\/\/dimensionturistica.com\/es\/wp-json\/wp\/v2\/users\/1"}],"replies":[{"embeddable":true,"href":"https:\/\/dimensionturistica.com\/es\/wp-json\/wp\/v2\/comments?post=1094610"}],"version-history":[{"count":1,"href":"https:\/\/dimensionturistica.com\/es\/wp-json\/wp\/v2\/posts\/1094610\/revisions"}],"predecessor-version":[{"id":1094617,"href":"https:\/\/dimensionturistica.com\/es\/wp-json\/wp\/v2\/posts\/1094610\/revisions\/1094617"}],"wp:attachment":[{"href":"https:\/\/dimensionturistica.com\/es\/wp-json\/wp\/v2\/media?parent=1094610"}],"wp:term":[{"taxonomy":"category","embeddable":true,"href":"https:\/\/dimensionturistica.com\/es\/wp-json\/wp\/v2\/categories?post=1094610"},{"taxonomy":"post_tag","embeddable":true,"href":"https:\/\/dimensionturistica.com\/es\/wp-json\/wp\/v2\/tags?post=1094610"}],"curies":[{"name":"wp","href":"https:\/\/api.w.org\/{rel}","templated":true}]}}