{"id":109443,"date":"2021-04-08T01:57:20","date_gmt":"2021-04-08T01:57:20","guid":{"rendered":"https:\/\/dimensionturistica.com\/es\/?p=109443"},"modified":"2021-04-08T01:57:20","modified_gmt":"2021-04-08T01:57:20","slug":"%c2%93estas-medidas-son-demoledoras-para-las-agencias-de-turismo%c2%94","status":"publish","type":"post","link":"https:\/\/dimensionturistica.com\/es\/%c2%93estas-medidas-son-demoledoras-para-las-agencias-de-turismo%c2%94\/","title":{"rendered":"\u0093Estas medidas son demoledoras para las agencias de turismo\u0094"},"content":{"rendered":"<p> <br \/>\n<\/p>\n<div id=\"cuerpo-nota\">\n<p>Las nuevas restricciones, comunicadas en el d\u00eda de hoy por el presidente Alberto Fern\u00e1ndez, cayeron como balde de agua fr\u00eda a los comerciantes, que reci\u00e9n ahora comenzaban a recuperarse tras un 2020 complicado. <strong>Las agencias de turismo, uno de los rubros m\u00e1s afectados por la pandemia, no son la excepci\u00f3n<\/strong>.<\/p>\n<p><em>\u0093Tratando de digerir estas noticias tan dif\u00edciles. Las medidas son demoledoras para las agencias de turismo\u0094<\/em>, asegur\u00f3 Silvia Harguindeguy, due\u00f1a de Las Bardas, un negocio acquainted que lleva m\u00e1s de 30 a\u00f1os en el mercado.<\/p>\n<aside class=\"relacionadas con-foto\">\n<h5>Noticias Relacionadas<\/h5>\n<\/aside>\n<p>En di\u00e1logo con <u>24\/7 Canal de Noticias<\/u>, cont\u00f3 que las agencias de viaje son una de las actividades m\u00e1s golpeadas, ya que, a diferencia del turismo, no pudieron repuntar durante las vacaciones de verano.<strong> \u0093Se hace dif\u00edcil pensar en el futuro Recurrimos a las pocas ayudas que pudimos tener, nos hemos endeudado con pr\u00e9stamos, nos hemos empobrecido\u0094<\/strong>, expres\u00f3.<\/p>\n<p>En este sentido, pidi\u00f3 al gobierno provincial que los convoque para dialogar y as\u00ed buscar una alternativa o ayuda para el sector: \u0093Nosotros somos una parte basic para el turismo y no hemos sido escuchados\u0094, concluy\u00f3.<\/p>\n<p><strong>Mir\u00e1 la nota completa:<\/strong><\/p>\n<p>\u00a0<\/p>\n<\/div>\n\n<p><em> &#8221; Fuentes www.mejorinformado.com &#8221; <\/em><\/p>\n","protected":false},"excerpt":{"rendered":"<p>Las nuevas restricciones, comunicadas en el d\u00eda de hoy por el presidente Alberto Fern\u00e1ndez, cayeron como balde de agua fr\u00eda a los comerciantes, que reci\u00e9n ahora comenzaban a recuperarse tras un 2020 complicado. Las agencias de turismo, uno de los rubros m\u00e1s afectados por la pandemia, no son la excepci\u00f3n. \u0093Tratando de digerir estas noticias [&hellip;]<\/p>\n","protected":false},"author":4,"featured_media":109444,"comment_status":"open","ping_status":"closed","sticky":false,"template":"","format":"standard","meta":{"om_disable_all_campaigns":false,"jnews-multi-image_gallery":[],"jnews_single_post":[],"jnews_primary_category":[],"jnews_social_meta":[],"footnotes":""},"categories":[40],"tags":[626,544],"class_list":["post-109443","post","type-post","status-publish","format-standard","has-post-thumbnail","hentry","category-industria","tag-pandemia","tag-turismo"],"_links":{"self":[{"href":"https:\/\/dimensionturistica.com\/es\/wp-json\/wp\/v2\/posts\/109443","targetHints":{"allow":["GET"]}}],"collection":[{"href":"https:\/\/dimensionturistica.com\/es\/wp-json\/wp\/v2\/posts"}],"about":[{"href":"https:\/\/dimensionturistica.com\/es\/wp-json\/wp\/v2\/types\/post"}],"author":[{"embeddable":true,"href":"https:\/\/dimensionturistica.com\/es\/wp-json\/wp\/v2\/users\/4"}],"replies":[{"embeddable":true,"href":"https:\/\/dimensionturistica.com\/es\/wp-json\/wp\/v2\/comments?post=109443"}],"version-history":[{"count":0,"href":"https:\/\/dimensionturistica.com\/es\/wp-json\/wp\/v2\/posts\/109443\/revisions"}],"wp:featuredmedia":[{"embeddable":true,"href":"https:\/\/dimensionturistica.com\/es\/wp-json\/wp\/v2\/media\/109444"}],"wp:attachment":[{"href":"https:\/\/dimensionturistica.com\/es\/wp-json\/wp\/v2\/media?parent=109443"}],"wp:term":[{"taxonomy":"category","embeddable":true,"href":"https:\/\/dimensionturistica.com\/es\/wp-json\/wp\/v2\/categories?post=109443"},{"taxonomy":"post_tag","embeddable":true,"href":"https:\/\/dimensionturistica.com\/es\/wp-json\/wp\/v2\/tags?post=109443"}],"curies":[{"name":"wp","href":"https:\/\/api.w.org\/{rel}","templated":true}]}}