{"id":1094350,"date":"2026-01-08T02:23:11","date_gmt":"2026-01-08T02:23:11","guid":{"rendered":"https:\/\/dimensionturistica.com\/es\/?p=1094350"},"modified":"2026-01-08T02:23:11","modified_gmt":"2026-01-08T02:23:11","slug":"mocasines-en-tonalidad-marron-la-eleccion-elegante-ideal-para-tus-dias-de-oficina-en-enero-de-2026","status":"publish","type":"post","link":"https:\/\/dimensionturistica.com\/es\/mocasines-en-tonalidad-marron-la-eleccion-elegante-ideal-para-tus-dias-de-oficina-en-enero-de-2026\/","title":{"rendered":"Mocasines en tonalidad marr\u00f3n: la elecci\u00f3n elegante ideal para tus d\u00edas de oficina en enero de 2026."},"content":{"rendered":"<h3>Mocasines color caf\u00e9: la opci\u00f3n elegante para lucir en la oficina<\/h3>\n<p>En el imperceptible cruce entre el estilo y la comodidad, los mocasines de color caf\u00e9 se establecen como una tendencia que est\u00e1 conquistando las oficinas en enero de 2026. Este tipo de calzado, cl\u00e1sico y vers\u00e1til, se reinventa para adaptarse a las exigencias contempor\u00e1neas sin sacrificar la elegancia.<\/p>\n<h4>Versatilidad en tu armario<\/h4>\n<p>La tonalidad marr\u00f3n no solo se integra f\u00e1cilmente con una amplia paleta de colores, sino que tambi\u00e9n permite crear m\u00faltiples looks que van desde lo formal hasta lo casual. \u00bfBuscas complementar un traje sastre? Los mocasines color caf\u00e9 aportan un toque sofisticado que no pasa desapercibido. Combinados con una blusa blanca y una chaqueta estructurada, es la opci\u00f3n perfecta para esos d\u00edas en los que quieres proyectar confianza y profesionalismo.<\/p>\n<h4>Comodidad sin compromisos<\/h4>\n<p>El confort es otro aspecto a destacar. Estos zapatos, generalmente elaborados con piel de alta calidad, ofrecen una experiencia placentera durante toda la jornada laboral. Con el creciente enfoque en el bienestar en el lugar de trabajo, la elecci\u00f3n de un calzado que brinde soporte es crucial. Los mocasines color caf\u00e9 se presentan como una soluci\u00f3n que no sacrifica el estilo por la comodidad, permitiendo un movimiento fluido en la rutina diaria.<\/p>\n<h4>Apuesta por los detalles<\/h4>\n<p>A la hora de elegir tus mocasines, considera los detalles que pueden marcar la diferencia: costuras contrastantes, decoraci\u00f3n minimalista o incluso texturas innovadoras. Estos elementos aportan un aire contempor\u00e1neo y \u00fanico, asegurando que cada par sea un reflejo de tu personalidad y estilo. As\u00ed, un simple calzado se transforma en una declaraci\u00f3n de intenciones.<\/p>\n<h4>Combinaciones clave<\/h4>\n<p>La elecci\u00f3n del pantal\u00f3n adecuado puede elevar a\u00fan m\u00e1s tu outfit. Opta por tejidos como el tweed o la lana para un look m\u00e1s corporativo, o bien, por pantalones de mezclilla oscuros para un toque m\u00e1s relajado, pero siempre manteniendo la elegancia. Las faldas midi tambi\u00e9n son una excelente opci\u00f3n, ya que equilibran la silueta y a\u00f1aden un aire femenino sin perder la seriedad del entorno laboral.<\/p>\n<h4>Accesorios que brillan<\/h4>\n<p>Completa tu conjunto con accesorios que resalten el color marr\u00f3n de tus mocasines. Un cintur\u00f3n a juego o una bolsa de cuero en tonos c\u00e1lidos puede enlazar perfectamente tu look, creando armon\u00eda. Juega con la paleta de colores de tu vestuario, priorizando los neutros y los tonos tierra que complementen tus elecciones de calzado.<\/p>\n<h3>El momento es ahora<\/h3>\n<p>La tendencia de los mocasines color caf\u00e9 no es solo una opci\u00f3n; es una invitaci\u00f3n a explorar nuevas maneras de expresarse a trav\u00e9s de la moda en el \u00e1mbito laboral. Con cada paso, estos zapatos ofrecen la promesa de una elegancia atemporal y contempor\u00e1nea que no solo reside en la apariencia, sino tambi\u00e9n en la experiencia.<\/p>\n<p>Este enero, mientras todos buscamos empezar el a\u00f1o con buen pie, el calzado adecuado puede influir en la confianza y actitud diaria. No subestimes el poder de un buen par de mocasines. La moda de oficina se reinventa, y tu armario lo merece.<\/p>\n<p><em> &#8221; Fuentes www.vogue.mx &#8221; <\/em><\/p>\n","protected":false},"excerpt":{"rendered":"<p>Mocasines color caf\u00e9: la opci\u00f3n elegante para lucir en la oficina En el imperceptible cruce entre el estilo y la comodidad, los mocasines de color caf\u00e9 se establecen como una tendencia que est\u00e1 conquistando las oficinas en enero de 2026. Este tipo de calzado, cl\u00e1sico y vers\u00e1til, se reinventa para adaptarse a las exigencias contempor\u00e1neas [&hellip;]<\/p>\n","protected":false},"author":14,"featured_media":1094351,"comment_status":"open","ping_status":"closed","sticky":false,"template":"","format":"standard","meta":{"om_disable_all_campaigns":false,"jnews-multi-image_gallery":[],"jnews_single_post":[],"jnews_primary_category":[],"jnews_social_meta":[],"footnotes":""},"categories":[144872],"tags":[40458,211225,53196,228470,7758,200527,659,4568,230504,2539,16753],"class_list":["post-1094350","post","type-post","status-publish","format-standard","has-post-thumbnail","hentry","category-fashion","tag-calzado","tag-color-cafe","tag-elegantes","tag-enero-2026","tag-estilo","tag-mocasines","tag-moda","tag-oficina","tag-primavera-verano-2026","tag-profesionales","tag-zapatos"],"_links":{"self":[{"href":"https:\/\/dimensionturistica.com\/es\/wp-json\/wp\/v2\/posts\/1094350","targetHints":{"allow":["GET"]}}],"collection":[{"href":"https:\/\/dimensionturistica.com\/es\/wp-json\/wp\/v2\/posts"}],"about":[{"href":"https:\/\/dimensionturistica.com\/es\/wp-json\/wp\/v2\/types\/post"}],"author":[{"embeddable":true,"href":"https:\/\/dimensionturistica.com\/es\/wp-json\/wp\/v2\/users\/14"}],"replies":[{"embeddable":true,"href":"https:\/\/dimensionturistica.com\/es\/wp-json\/wp\/v2\/comments?post=1094350"}],"version-history":[{"count":1,"href":"https:\/\/dimensionturistica.com\/es\/wp-json\/wp\/v2\/posts\/1094350\/revisions"}],"predecessor-version":[{"id":1094352,"href":"https:\/\/dimensionturistica.com\/es\/wp-json\/wp\/v2\/posts\/1094350\/revisions\/1094352"}],"wp:featuredmedia":[{"embeddable":true,"href":"https:\/\/dimensionturistica.com\/es\/wp-json\/wp\/v2\/media\/1094351"}],"wp:attachment":[{"href":"https:\/\/dimensionturistica.com\/es\/wp-json\/wp\/v2\/media?parent=1094350"}],"wp:term":[{"taxonomy":"category","embeddable":true,"href":"https:\/\/dimensionturistica.com\/es\/wp-json\/wp\/v2\/categories?post=1094350"},{"taxonomy":"post_tag","embeddable":true,"href":"https:\/\/dimensionturistica.com\/es\/wp-json\/wp\/v2\/tags?post=1094350"}],"curies":[{"name":"wp","href":"https:\/\/api.w.org\/{rel}","templated":true}]}}