{"id":1094311,"date":"2026-01-08T00:13:50","date_gmt":"2026-01-08T00:13:50","guid":{"rendered":"https:\/\/dimensionturistica.com\/es\/?p=1094311"},"modified":"2026-01-08T00:13:50","modified_gmt":"2026-01-08T00:13:50","slug":"dormir-de-forma-inadecuada-acelera-el-envejecimiento-cutaneo-en-un-30-como-prevenirlo","status":"publish","type":"post","link":"https:\/\/dimensionturistica.com\/es\/dormir-de-forma-inadecuada-acelera-el-envejecimiento-cutaneo-en-un-30-como-prevenirlo\/","title":{"rendered":"Dormir de forma inadecuada acelera el envejecimiento cut\u00e1neo en un 30%: \u00bfc\u00f3mo prevenirlo?"},"content":{"rendered":"<h3>La Relaci\u00f3n Entre el Sue\u00f1o y la Salud de la Piel: Un V\u00ednculo Crucial<\/h3>\n<p>En el mundo vibrante de la moda y la belleza, muchas veces se pasa por alto un aspecto fundamental: el sue\u00f1o. La piel, nuestro lienzo m\u00e1s visible, refleja no solo nuestro estilo y cuidado personal, sino tambi\u00e9n la calidad de nuestro descanso. Dormir de manera inadecuada puede tener efectos adversos en la salud de la piel, generando consecuencias que van mucho m\u00e1s all\u00e1 de la est\u00e9tica.<\/p>\n<h4>El Sue\u00f1o y su Impacto en la Regeneraci\u00f3n Celular<\/h4>\n<p>Durante las horas de sue\u00f1o, el cuerpo se dedica a un proceso vital de regeneraci\u00f3n. Las c\u00e9lulas de la piel se reparan y regeneran, un proceso que es esencial para mantener una apariencia saludable. Sin embargo, la falta de sue\u00f1o interfiere con esta renovaci\u00f3n celular, lo que puede resultar en un cutis opaco y apagado.<\/p>\n<p>Los expertos coinciden en que durante las fases m\u00e1s profundas del sue\u00f1o, se liberan hormonas como la melatonina y el cortisol. Un sue\u00f1o insuficiente puede alterar estos niveles hormonales, lo que no solo afecta nuestra salud general, sino que tambi\u00e9n propicia problemas cut\u00e1neos, como el envejecimiento prematuro, la aparici\u00f3n de arrugas y el aumento de la inflamaci\u00f3n en la piel.<\/p>\n<h4>Estr\u00e9s y el Ciclo del Sue\u00f1o<\/h4>\n<p>Al dormir poco, se activa un ciclo negativo que incrementa el estr\u00e9s. Este estado de tensi\u00f3n contribuye a la producci\u00f3n de cortisol, una hormona que puede desestabilizar la barrera cut\u00e1nea. Como resultado, la piel se vuelve m\u00e1s susceptible a la deshidrataci\u00f3n y a las irritaciones. La relaci\u00f3n es clara: dormir mal conduce a un aumento del estr\u00e9s, lo que a su vez afecta negativamente la salud de la piel.<\/p>\n<h4>Las M\u00faltiples Caras de la Falta de Sue\u00f1o<\/h4>\n<p>La falta de descanso no solo afecta la apariencia. Problemas como el acn\u00e9 y la ros\u00e1cea pueden empeorar, ya que un sue\u00f1o de mala calidad disminuye la capacidad del cuerpo para combatir la inflamaci\u00f3n. Las ojeras y la palidez son solo la punta del iceberg. Adem\u00e1s, investigaciones sugieren que un sue\u00f1o reparador es clave para la producci\u00f3n de col\u00e1geno, una prote\u00edna esencial para la firmeza y elasticidad de la piel.<\/p>\n<h4>Calidad del Sue\u00f1o: M\u00e1s All\u00e1 de la Cantidad<\/h4>\n<p>Un fen\u00f3meno importante es la calidad del sue\u00f1o, que a menudo se descuida. No se trata solamente de dormir m\u00e1s horas, sino de asegurarse de que el sue\u00f1o sea reparador. Las condiciones del ambiente, como la iluminaci\u00f3n y el ruido, juegan un papel crucial. Crear un entorno propicio para descansar puede ser un cambio significativo en la rutina de belleza.<\/p>\n<h4>Estrategias para un Sue\u00f1o Saludable<\/h4>\n<ol>\n<li><strong>Rutina de Sue\u00f1o Estable<\/strong>: Establecer horarios regulares para dormir y despertar puede ayudar a regular el reloj biol\u00f3gico.<\/li>\n<li><strong>Desconexi\u00f3n Digital<\/strong>: Reducir el uso de dispositivos electr\u00f3nicos antes de dormir puede mejorar la calidad del sue\u00f1o.<\/li>\n<li><strong>Hidrataci\u00f3n y Nutrici\u00f3n<\/strong>: Una buena hidrataci\u00f3n y una dieta equilibrada son fundamentales para preparar el cuerpo para un descanso reparador.<\/li>\n<\/ol>\n<h4>Conclusi\u00f3n: La Belleza Est\u00e1 en el Sue\u00f1o<\/h4>\n<p>El viaje hacia una piel radiante y saludable comienza con la importancia del sue\u00f1o. Redefinir la relaci\u00f3n con el descanso no solo beneficiar\u00e1 la piel, sino que tambi\u00e9n impactar\u00e1 en la salud integral. La moda no se trata solo de lo que llevamos afuera; tambi\u00e9n se refleja en c\u00f3mo cuidamos nuestro interior, especialmente durante las horas en que nos reponemos y nos revitalizamos. Priorizar el sue\u00f1o es el primer paso hacia una verdadera belleza.<\/p>\n<p><em> &#8221; Fuentes www.vogue.mx &#8221; <\/em><\/p>\n","protected":false},"excerpt":{"rendered":"<p>La Relaci\u00f3n Entre el Sue\u00f1o y la Salud de la Piel: Un V\u00ednculo Crucial En el mundo vibrante de la moda y la belleza, muchas veces se pasa por alto un aspecto fundamental: el sue\u00f1o. La piel, nuestro lienzo m\u00e1s visible, refleja no solo nuestro estilo y cuidado personal, sino tambi\u00e9n la calidad de nuestro [&hellip;]<\/p>\n","protected":false},"author":14,"featured_media":1094312,"comment_status":"open","ping_status":"closed","sticky":false,"template":"","format":"standard","meta":{"om_disable_all_campaigns":false,"jnews-multi-image_gallery":[],"jnews_single_post":[],"jnews_primary_category":[],"jnews_social_meta":[],"footnotes":""},"categories":[144872],"tags":[9899,86273,76414,262775,262776,26996,21503,1496,649,9799,199021,209],"class_list":["post-1094311","post","type-post","status-publish","format-standard","has-post-thumbnail","hentry","category-fashion","tag-bienestar","tag-cosmetica","tag-cuidado-de-la-piel","tag-dormir-mal","tag-envejecimiento-de-la-piel","tag-habitos-saludables","tag-piel","tag-prevencion","tag-salud","tag-sueno","tag-tips-de-belleza","tag-wellness"],"_links":{"self":[{"href":"https:\/\/dimensionturistica.com\/es\/wp-json\/wp\/v2\/posts\/1094311","targetHints":{"allow":["GET"]}}],"collection":[{"href":"https:\/\/dimensionturistica.com\/es\/wp-json\/wp\/v2\/posts"}],"about":[{"href":"https:\/\/dimensionturistica.com\/es\/wp-json\/wp\/v2\/types\/post"}],"author":[{"embeddable":true,"href":"https:\/\/dimensionturistica.com\/es\/wp-json\/wp\/v2\/users\/14"}],"replies":[{"embeddable":true,"href":"https:\/\/dimensionturistica.com\/es\/wp-json\/wp\/v2\/comments?post=1094311"}],"version-history":[{"count":1,"href":"https:\/\/dimensionturistica.com\/es\/wp-json\/wp\/v2\/posts\/1094311\/revisions"}],"predecessor-version":[{"id":1094313,"href":"https:\/\/dimensionturistica.com\/es\/wp-json\/wp\/v2\/posts\/1094311\/revisions\/1094313"}],"wp:featuredmedia":[{"embeddable":true,"href":"https:\/\/dimensionturistica.com\/es\/wp-json\/wp\/v2\/media\/1094312"}],"wp:attachment":[{"href":"https:\/\/dimensionturistica.com\/es\/wp-json\/wp\/v2\/media?parent=1094311"}],"wp:term":[{"taxonomy":"category","embeddable":true,"href":"https:\/\/dimensionturistica.com\/es\/wp-json\/wp\/v2\/categories?post=1094311"},{"taxonomy":"post_tag","embeddable":true,"href":"https:\/\/dimensionturistica.com\/es\/wp-json\/wp\/v2\/tags?post=1094311"}],"curies":[{"name":"wp","href":"https:\/\/api.w.org\/{rel}","templated":true}]}}