{"id":1094266,"date":"2026-01-07T22:20:43","date_gmt":"2026-01-07T22:20:43","guid":{"rendered":"https:\/\/dimensionturistica.com\/es\/?p=1094266"},"modified":"2026-01-07T22:20:43","modified_gmt":"2026-01-07T22:20:43","slug":"jalisco-sera-un-referente-internacional-en-las-ferias-turisticas-mas-importantes-del-mundo-en-2026","status":"publish","type":"post","link":"https:\/\/dimensionturistica.com\/es\/jalisco-sera-un-referente-internacional-en-las-ferias-turisticas-mas-importantes-del-mundo-en-2026\/","title":{"rendered":"Jalisco Ser\u00e1 un referente internacional en las ferias tur\u00edsticas m\u00e1s importantes del mundo en 2026"},"content":{"rendered":"\n<p><\/p>\n\n\n\n<figure class=\"wp-block-gallery has-nested-images columns-default is-cropped wp-block-gallery-1 is-layout-flex wp-block-gallery-is-layout-flex\">\n<figure class=\"wp-block-image size-large\"><img decoding=\"async\" width=\"500\" height=\"333\" data-id=\"1094267\" src=\"https:\/\/dimensionturistica.com\/es\/wp-content\/uploads\/2026\/01\/1VIAJES.jpg\" alt=\"\" class=\"wp-image-1094267\" srcset=\"https:\/\/dimensionturistica.com\/es\/wp-content\/uploads\/2026\/01\/1VIAJES.jpg 500w, https:\/\/dimensionturistica.com\/es\/wp-content\/uploads\/2026\/01\/1VIAJES-300x200.jpg 300w\" sizes=\"(max-width: 500px) 100vw, 500px\" \/><\/figure>\n<\/figure>\n\n\n\n<p>Como un hecho que marca un hito para la industria tur\u00edstica continental, y que consolida al estado como anfitri\u00f3n de uno de los foros m\u00e1s influyentes del mundo, tras 60 a\u00f1os, ITB Berl\u00edn (Internationale Tourismus-B\u00f6rse), realizar\u00e1 la primera edici\u00f3n continental de ITB Americas, y Jalisco ser\u00e1 sede por cinco a\u00f1os.<\/p>\n\n\n\n<figure class=\"wp-block-gallery has-nested-images columns-default is-cropped wp-block-gallery-2 is-layout-flex wp-block-gallery-is-layout-flex\">\n<figure class=\"wp-block-image size-large\"><img decoding=\"async\" width=\"500\" height=\"666\" data-id=\"1094268\" src=\"https:\/\/dimensionturistica.com\/es\/wp-content\/uploads\/2026\/01\/2VIAJES.jpg\" alt=\"\" class=\"wp-image-1094268\" srcset=\"https:\/\/dimensionturistica.com\/es\/wp-content\/uploads\/2026\/01\/2VIAJES.jpg 500w, https:\/\/dimensionturistica.com\/es\/wp-content\/uploads\/2026\/01\/2VIAJES-225x300.jpg 225w\" sizes=\"(max-width: 500px) 100vw, 500px\" \/><\/figure>\n<\/figure>\n\n\n\n<p>Se estima que, en 2026, la feria genere una derrama hotelera de 20 millones de pesos y una derrama tur\u00edstica de 240 millones de pesos, para fortalecer la proyecci\u00f3n internacional de la entidad como destino l\u00edder en turismo y reuniones.<\/p>\n\n\n\n<p>Para reafirmar la estrategia, el Estado promocion\u00f3 su oferta tur\u00edstica en las ferias m\u00e1s importantes del mundo durante 2025, un ejercicio que repetir\u00e1 este a\u00f1o con la visi\u00f3n de consolidar a Jalisco como referente internacional en materia tur\u00edstica.<\/p>\n\n\n\n<figure class=\"wp-block-gallery has-nested-images columns-default is-cropped wp-block-gallery-3 is-layout-flex wp-block-gallery-is-layout-flex\">\n<figure class=\"wp-block-image size-large\"><img decoding=\"async\" width=\"500\" height=\"333\" data-id=\"1094269\" src=\"https:\/\/dimensionturistica.com\/es\/wp-content\/uploads\/2026\/01\/4VIAJES.jpg\" alt=\"\" class=\"wp-image-1094269\" srcset=\"https:\/\/dimensionturistica.com\/es\/wp-content\/uploads\/2026\/01\/4VIAJES.jpg 500w, https:\/\/dimensionturistica.com\/es\/wp-content\/uploads\/2026\/01\/4VIAJES-300x200.jpg 300w\" sizes=\"(max-width: 500px) 100vw, 500px\" \/><\/figure>\n<\/figure>\n\n\n\n<p>La Secretar\u00eda de Turismo, encabezada por Michelle Fridman Hirsch, apuntal\u00f3 al estado, en 2025, como un destino de referencia mundial mediante su participaci\u00f3n en los principales foros del sector, como fue la participaci\u00f3n en FITUR Madrid, donde present\u00f3 su riqueza cultural y tur\u00edstica en uno de los stands m\u00e1s concurridos de la feria.<\/p>\n\n\n\n<p>Se lograron m\u00e1s de 190 citas de negocio con empresas de 14 pa\u00edses, adem\u00e1s de convenios internacionales y la presentaci\u00f3n de la pol\u00edtica p\u00fablica FILMA Jalisco.<\/p>\n\n\n\n<figure class=\"wp-block-gallery has-nested-images columns-default is-cropped wp-block-gallery-4 is-layout-flex wp-block-gallery-is-layout-flex\">\n<figure class=\"wp-block-image size-large\"><img decoding=\"async\" width=\"500\" height=\"605\" data-id=\"1094270\" src=\"https:\/\/dimensionturistica.com\/es\/wp-content\/uploads\/2026\/01\/5VIAJES.jpg\" alt=\"\" class=\"wp-image-1094270\" srcset=\"https:\/\/dimensionturistica.com\/es\/wp-content\/uploads\/2026\/01\/5VIAJES.jpg 500w, https:\/\/dimensionturistica.com\/es\/wp-content\/uploads\/2026\/01\/5VIAJES-248x300.jpg 248w\" sizes=\"(max-width: 500px) 100vw, 500px\" \/><\/figure>\n<\/figure>\n\n\n\n<p>Entre los principales logros destac\u00f3 la confirmaci\u00f3n de M\u00e9xico como pa\u00eds socio de FITUR 2026 y la proyecci\u00f3n de Guadalajara como sede del Mundial 2026.<\/p>\n\n\n\n<p>La delegaci\u00f3n jalisciense particip\u00f3 en la Vitrina Tur\u00edstica ANATO en Bogot\u00e1, el encuentro m\u00e1s importante del sector en Colombia y Sudam\u00e9rica.&nbsp;<\/p>\n\n\n\n<figure class=\"wp-block-gallery has-nested-images columns-default is-cropped wp-block-gallery-5 is-layout-flex wp-block-gallery-is-layout-flex\">\n<figure class=\"wp-block-image size-large\"><img decoding=\"async\" width=\"500\" height=\"333\" data-id=\"1094271\" src=\"https:\/\/dimensionturistica.com\/es\/wp-content\/uploads\/2026\/01\/6VIAJES.jpg\" alt=\"\" class=\"wp-image-1094271\" srcset=\"https:\/\/dimensionturistica.com\/es\/wp-content\/uploads\/2026\/01\/6VIAJES.jpg 500w, https:\/\/dimensionturistica.com\/es\/wp-content\/uploads\/2026\/01\/6VIAJES-300x200.jpg 300w\" sizes=\"(max-width: 500px) 100vw, 500px\" \/><\/figure>\n<\/figure>\n\n\n\n<p>Ante m\u00e1s de 55 mil profesionales, se presentaron los principales productos de Jalisco para incrementar la llegada de visitantes colombianos, y fortalecer la competitividad mediante alianzas con agencias mayoristas, adem\u00e1s de proyectarse hacia otros pa\u00edses de la regi\u00f3n como Argentina, Brasil, Per\u00fa y Ecuador.<\/p>\n\n\n\n<figure class=\"wp-block-gallery has-nested-images columns-default is-cropped wp-block-gallery-6 is-layout-flex wp-block-gallery-is-layout-flex\">\n<figure class=\"wp-block-image size-large\"><img decoding=\"async\" width=\"500\" height=\"666\" data-id=\"1094272\" src=\"https:\/\/dimensionturistica.com\/es\/wp-content\/uploads\/2026\/01\/7VIAJES.jpg\" alt=\"\" class=\"wp-image-1094272\" srcset=\"https:\/\/dimensionturistica.com\/es\/wp-content\/uploads\/2026\/01\/7VIAJES.jpg 500w, https:\/\/dimensionturistica.com\/es\/wp-content\/uploads\/2026\/01\/7VIAJES-225x300.jpg 225w\" sizes=\"(max-width: 500px) 100vw, 500px\" \/><\/figure>\n<\/figure>\n\n\n\n<p>Jalisco llev\u00f3 su oferta tur\u00edstica a la ITB Berl\u00edn, la feria de viajes m\u00e1s grande del mundo, con citas de negocio y actividades de networking que reunieron a m\u00e1s de 100 mil asistentes de 190 pa\u00edses, la delegaci\u00f3n posicion\u00f3 al estado como un destino imprescindible gracias a su infraestructura s\u00f3lida, amplia conectividad y diversidad de atractivos, en el foro se cont\u00f3 con la participaci\u00f3n de empresas l\u00edderes como Expedia, Booking.com y Google.<\/p>\n\n\n\n<figure class=\"wp-block-gallery has-nested-images columns-default is-cropped wp-block-gallery-7 is-layout-flex wp-block-gallery-is-layout-flex\">\n<figure class=\"wp-block-image size-large\"><img decoding=\"async\" width=\"500\" height=\"375\" data-id=\"1094273\" src=\"https:\/\/dimensionturistica.com\/es\/wp-content\/uploads\/2026\/01\/8VIAJES.jpg\" alt=\"\" class=\"wp-image-1094273\" srcset=\"https:\/\/dimensionturistica.com\/es\/wp-content\/uploads\/2026\/01\/8VIAJES.jpg 500w, https:\/\/dimensionturistica.com\/es\/wp-content\/uploads\/2026\/01\/8VIAJES-300x225.jpg 300w\" sizes=\"(max-width: 500px) 100vw, 500px\" \/><\/figure>\n<\/figure>\n\n\n\n<p>Jalisco despleg\u00f3 su potencial en el Tianguis Tur\u00edstico M\u00e9xico 2025, celebrado en Rosarito y San Diego, un hist\u00f3rico encuentro binacional que fortaleci\u00f3 la conexi\u00f3n tur\u00edstica entre M\u00e9xico y Estados Unidos, en el que la delegaci\u00f3n tuvo reuniones con compradores de cinco continentes y<\/p>\n\n\n\n<p>Asimismo, se particip\u00f3 en eventos paralelos como Ventana a M\u00e9xico y la Asamblea Asetur, donde el stand de Jalisco atrajo inversiones y proyect\u00f3 destinos como Puerto Vallarta, Costalegre, Guadalajara y los 12 Pueblos M\u00e1gicos.<\/p>\n\n\n\n<p>Jalisco fortaleci\u00f3 su presencia en Europa durante el World Travel Market London, con 121 citas de negocio con agencias mayoristas internacionales, el foro reuni\u00f3 a 5 mil expositores de 180 pa\u00edses y permiti\u00f3 reforzar v\u00ednculos con el mercado brit\u00e1nico, principal emisor europeo hacia el estado, adem\u00e1s de acordar acciones para ampliar rutas y campa\u00f1as digitales.<\/p>\n\n\n\n<figure class=\"wp-block-gallery has-nested-images columns-default is-cropped wp-block-gallery-8 is-layout-flex wp-block-gallery-is-layout-flex\">\n<figure class=\"wp-block-image size-large\"><img decoding=\"async\" width=\"500\" height=\"666\" data-id=\"1094274\" src=\"https:\/\/dimensionturistica.com\/es\/wp-content\/uploads\/2026\/01\/9VIAJES.jpg\" alt=\"\" class=\"wp-image-1094274\" srcset=\"https:\/\/dimensionturistica.com\/es\/wp-content\/uploads\/2026\/01\/9VIAJES.jpg 500w, https:\/\/dimensionturistica.com\/es\/wp-content\/uploads\/2026\/01\/9VIAJES-225x300.jpg 225w\" sizes=\"(max-width: 500px) 100vw, 500px\" \/><\/figure>\n<\/figure>\n\n\n\n<p>En conjunto, dichas participaciones a lo largo del a\u00f1o permitieron a Jalisco cerrar acuerdos internacionales, diversificar mercados emisores y proyectar su identidad cultural, para plantarse como un destino l\u00edder en M\u00e9xico y Latinoam\u00e9rica con creciente presencia global.<\/p>\n","protected":false},"excerpt":{"rendered":"<p>Como un hecho que marca un hito para la industria tur\u00edstica continental, y que consolida al estado como anfitri\u00f3n de uno de los foros m\u00e1s influyentes del mundo, tras 60 a\u00f1os, ITB Berl\u00edn (Internationale Tourismus-B\u00f6rse), realizar\u00e1 la primera edici\u00f3n continental de ITB Americas, y Jalisco ser\u00e1 sede por cinco a\u00f1os. Se estima que, en 2026, [&hellip;]<\/p>\n","protected":false},"author":1,"featured_media":0,"comment_status":"open","ping_status":"closed","sticky":false,"template":"","format":"standard","meta":{"om_disable_all_campaigns":false,"jnews-multi-image_gallery":[],"jnews_single_post":[],"jnews_primary_category":[],"jnews_social_meta":[],"footnotes":""},"categories":[39],"tags":[],"class_list":["post-1094266","post","type-post","status-publish","format-standard","hentry","category-viajes"],"_links":{"self":[{"href":"https:\/\/dimensionturistica.com\/es\/wp-json\/wp\/v2\/posts\/1094266","targetHints":{"allow":["GET"]}}],"collection":[{"href":"https:\/\/dimensionturistica.com\/es\/wp-json\/wp\/v2\/posts"}],"about":[{"href":"https:\/\/dimensionturistica.com\/es\/wp-json\/wp\/v2\/types\/post"}],"author":[{"embeddable":true,"href":"https:\/\/dimensionturistica.com\/es\/wp-json\/wp\/v2\/users\/1"}],"replies":[{"embeddable":true,"href":"https:\/\/dimensionturistica.com\/es\/wp-json\/wp\/v2\/comments?post=1094266"}],"version-history":[{"count":1,"href":"https:\/\/dimensionturistica.com\/es\/wp-json\/wp\/v2\/posts\/1094266\/revisions"}],"predecessor-version":[{"id":1094275,"href":"https:\/\/dimensionturistica.com\/es\/wp-json\/wp\/v2\/posts\/1094266\/revisions\/1094275"}],"wp:attachment":[{"href":"https:\/\/dimensionturistica.com\/es\/wp-json\/wp\/v2\/media?parent=1094266"}],"wp:term":[{"taxonomy":"category","embeddable":true,"href":"https:\/\/dimensionturistica.com\/es\/wp-json\/wp\/v2\/categories?post=1094266"},{"taxonomy":"post_tag","embeddable":true,"href":"https:\/\/dimensionturistica.com\/es\/wp-json\/wp\/v2\/tags?post=1094266"}],"curies":[{"name":"wp","href":"https:\/\/api.w.org\/{rel}","templated":true}]}}