{"id":1094220,"date":"2026-01-07T21:03:53","date_gmt":"2026-01-07T21:03:53","guid":{"rendered":"https:\/\/dimensionturistica.com\/es\/?p=1094220"},"modified":"2026-01-07T21:03:53","modified_gmt":"2026-01-07T21:03:53","slug":"arranca-la-edicion-21-del-abierto-parapente-monarca-en-valle-de-bravo","status":"publish","type":"post","link":"https:\/\/dimensionturistica.com\/es\/arranca-la-edicion-21-del-abierto-parapente-monarca-en-valle-de-bravo\/","title":{"rendered":"Arranca la edici\u00f3n 21 del Abierto Parapente Monarca en Valle de Bravo"},"content":{"rendered":"\n<figure class=\"wp-block-gallery has-nested-images columns-default is-cropped wp-block-gallery-1 is-layout-flex wp-block-gallery-is-layout-flex\">\n<figure class=\"wp-block-image size-large\"><img decoding=\"async\" width=\"500\" height=\"104\" data-id=\"1094221\" src=\"https:\/\/dimensionturistica.com\/es\/wp-content\/uploads\/2026\/01\/1valle-1.jpg\" alt=\"\" class=\"wp-image-1094221\" srcset=\"https:\/\/dimensionturistica.com\/es\/wp-content\/uploads\/2026\/01\/1valle-1.jpg 500w, https:\/\/dimensionturistica.com\/es\/wp-content\/uploads\/2026\/01\/1valle-1-300x62.jpg 300w\" sizes=\"(max-width: 500px) 100vw, 500px\" \/><\/figure>\n<\/figure>\n\n\n\n<p>Del 11 al 17 de enero, arrancar\u00e1 la edici\u00f3n n\u00famero 21 del Abierto de Parapente Monarca en el encantador pueblo m\u00e1gico de Valle de Bravo, un destino que se ha posicionado como uno de los lugares favoritos por los competidores para la pr\u00e1ctica del parapente. Y es que desde el a\u00f1o 2000 la organizaci\u00f3n del Abierto de Parapente Monarca ha corrido, gracias al desempe\u00f1o que Alas del Hombre, empresa mexicana que ofrece experiencias de vuelo, instrucci\u00f3n y turismo de aventura, ha brindado para su funcionamiento.<\/p>\n\n\n\n<figure class=\"wp-block-gallery has-nested-images columns-default is-cropped wp-block-gallery-2 is-layout-flex wp-block-gallery-is-layout-flex\">\n<figure class=\"wp-block-image size-large\"><img decoding=\"async\" width=\"500\" height=\"333\" data-id=\"1094225\" src=\"https:\/\/dimensionturistica.com\/es\/wp-content\/uploads\/2026\/01\/2VALLE-1.jpg\" alt=\"\" class=\"wp-image-1094225\" srcset=\"https:\/\/dimensionturistica.com\/es\/wp-content\/uploads\/2026\/01\/2VALLE-1.jpg 500w, https:\/\/dimensionturistica.com\/es\/wp-content\/uploads\/2026\/01\/2VALLE-1-300x200.jpg 300w\" sizes=\"(max-width: 500px) 100vw, 500px\" \/><\/figure>\n<\/figure>\n\n\n\n<p>\u00bfQu\u00e9 es el Monarca Paragliding Open?<\/p>\n\n\n\n<p>Es una prestigiosa competencia internacional tipo Cross Country (vuelo de distancia) que se celebra anualmente en Valle de Bravo, coincidiendo con la migraci\u00f3n de la mariposa monarca, atrayendo a pilotos de todo el mundo. Los pilotos podr\u00e1n competir en categor\u00edas diversas como: Clase Abierta, Clase Serial, Clase Deportiva, Clase Club, Mujeres, Equipos, Mexicana y Novata. El cupo m\u00e1ximo ser\u00e1 de 130 pilotos, por lo que las inscripciones estar\u00e1n limitadas.<\/p>\n\n\n\n<figure class=\"wp-block-gallery has-nested-images columns-default is-cropped wp-block-gallery-3 is-layout-flex wp-block-gallery-is-layout-flex\">\n<figure class=\"wp-block-image size-large\"><img decoding=\"async\" width=\"500\" height=\"208\" data-id=\"1094226\" src=\"https:\/\/dimensionturistica.com\/es\/wp-content\/uploads\/2026\/01\/3VALLE-2.jpg\" alt=\"\" class=\"wp-image-1094226\" srcset=\"https:\/\/dimensionturistica.com\/es\/wp-content\/uploads\/2026\/01\/3VALLE-2.jpg 500w, https:\/\/dimensionturistica.com\/es\/wp-content\/uploads\/2026\/01\/3VALLE-2-300x125.jpg 300w\" sizes=\"(max-width: 500px) 100vw, 500px\" \/><\/figure>\n<\/figure>\n\n\n\n<p>Durante la competencia, los parapentistas deber\u00e1n cubrir rutas diarias de entre 10 y 15 kil\u00f3metros, sobre zonas aleda\u00f1as a Temascaltepec, Valle de Bravo y el Nevado de Toluca, recorridos que ser\u00e1n cronometrados y otorgar\u00e1n puntuaci\u00f3n acumulable. Al final del certamen, los resultados definir\u00e1n a los ganadores por categor\u00eda, consolidando una edici\u00f3n m\u00e1s del Abierto Monarca como uno de los eventos de parapente m\u00e1s importantes del pa\u00eds.<\/p>\n\n\n\n<p>Para esta edici\u00f3n, y con la idea de que se tengan las medidas precautorias para atender cualquier detalle en materia de emergencias, rescate y seguridad, la Doctora Michelle N\u00fa\u00f1ez, Presidenta Municipal de Valle de Bravo, el Gobierno del Estado de M\u00e9xico a trav\u00e9s de la Secretar\u00eda de Turismo del Estado, Protecci\u00f3n Civil, SUEM, y Direcci\u00f3n General de Protecci\u00f3n Ciudadana del Estado de M\u00e9xico, estar\u00e1n unidos para trabajar de la mano de Alas del Hombre y poner en alto el nombre de M\u00e9xico a nivel internacional.<\/p>\n\n\n\n<figure class=\"wp-block-gallery has-nested-images columns-default is-cropped wp-block-gallery-4 is-layout-flex wp-block-gallery-is-layout-flex\">\n<figure class=\"wp-block-image size-large\"><img decoding=\"async\" width=\"500\" height=\"333\" data-id=\"1094227\" src=\"https:\/\/dimensionturistica.com\/es\/wp-content\/uploads\/2026\/01\/6VALLE-1.jpg\" alt=\"\" class=\"wp-image-1094227\" srcset=\"https:\/\/dimensionturistica.com\/es\/wp-content\/uploads\/2026\/01\/6VALLE-1.jpg 500w, https:\/\/dimensionturistica.com\/es\/wp-content\/uploads\/2026\/01\/6VALLE-1-300x200.jpg 300w\" sizes=\"(max-width: 500px) 100vw, 500px\" \/><\/figure>\n<\/figure>\n\n\n\n<p>Competidores y condiciones clim\u00e1ticas<\/p>\n\n\n\n<p>Con cupo lleno desde marzo del 2025, a este gran evento se reunir\u00e1n competidores de 17 pa\u00edses, como Jennifer O\u00b4Neill, Violeta Jim\u00e9nez, Carrie Vockrodt, Lisa Dickinson y Bianca Heinrich, quien es la m\u00e1s ganadora de esta competencia anual. Dentro de los representantes mexicanos estar\u00e1 Manuel Quintanilla, quien es el campe\u00f3n defensor, y orgullosamente \u201cvallesano\u201d.<\/p>\n\n\n\n<p>Aunque enero es considerado el mejor mes para el vuelo en parapente debido a la estabilidad de los vientos, el comit\u00e9 organizador proporcionar\u00e1 a los participantes informaci\u00f3n previa sobre las condiciones clim\u00e1ticas que prevalecer\u00e1n durante los seis d\u00edas de competencia.<\/p>\n\n\n\n<figure class=\"wp-block-gallery has-nested-images columns-default is-cropped wp-block-gallery-5 is-layout-flex wp-block-gallery-is-layout-flex\">\n<figure class=\"wp-block-image size-large\"><img decoding=\"async\" width=\"500\" height=\"333\" data-id=\"1094228\" src=\"https:\/\/dimensionturistica.com\/es\/wp-content\/uploads\/2026\/01\/7VALLE.jpg\" alt=\"\" class=\"wp-image-1094228\" srcset=\"https:\/\/dimensionturistica.com\/es\/wp-content\/uploads\/2026\/01\/7VALLE.jpg 500w, https:\/\/dimensionturistica.com\/es\/wp-content\/uploads\/2026\/01\/7VALLE-300x200.jpg 300w\" sizes=\"(max-width: 500px) 100vw, 500px\" \/><\/figure>\n<\/figure>\n\n\n\n<p>El evento contar\u00e1 con estrictas medidas de seguridad; no obstante, los pilotos deber\u00e1n cumplir con los siguientes requisitos: Seguro m\u00e9dico vigente, Licencia oficial para vuelo competitivo, Experiencia comprobable en condiciones t\u00e9rmicas como las de El Pe\u00f1\u00f3n, Certificaci\u00f3n oficial, Radio de 2 metros utilizable en bandas autorizadas, Paraca\u00eddas de emergencia.<\/p>\n\n\n\n<p>Si quieres ser parte de esta gran experiencia, date una vuelta por Valle de Bravo del 11 al 17 de enero y tambi\u00e9n aprovecha el destino para conocer su oferta gastron\u00f3mica, de aventura, naturaleza y de relajaci\u00f3n.<\/p>\n\n\n\n<p>Para m\u00e1s informaci\u00f3n visita<\/p>\n\n\n\n<figure class=\"wp-block-gallery has-nested-images columns-default is-cropped wp-block-gallery-6 is-layout-flex wp-block-gallery-is-layout-flex\">\n<figure class=\"wp-block-image size-large\"><img decoding=\"async\" width=\"500\" height=\"333\" data-id=\"1094230\" src=\"https:\/\/dimensionturistica.com\/es\/wp-content\/uploads\/2026\/01\/9VALLE.jpg\" alt=\"\" class=\"wp-image-1094230\" srcset=\"https:\/\/dimensionturistica.com\/es\/wp-content\/uploads\/2026\/01\/9VALLE.jpg 500w, https:\/\/dimensionturistica.com\/es\/wp-content\/uploads\/2026\/01\/9VALLE-300x200.jpg 300w\" sizes=\"(max-width: 500px) 100vw, 500px\" \/><\/figure>\n<\/figure>\n\n\n\n<p>www.alas.com.mx o www.monarcaopen.com<\/p>\n\n\n\n<p>Facebook: Alas del Hombre<\/p>\n\n\n\n<p>Facebook: Monarca Paragliding Open<\/p>\n\n\n\n<p>Instagram: alasdelhombre<\/p>\n\n\n\n<p>X: alasdelhombre<\/p>\n","protected":false},"excerpt":{"rendered":"<p>Del 11 al 17 de enero, arrancar\u00e1 la edici\u00f3n n\u00famero 21 del Abierto de Parapente Monarca en el encantador pueblo m\u00e1gico de Valle de Bravo, un destino que se ha posicionado como uno de los lugares favoritos por los competidores para la pr\u00e1ctica del parapente. Y es que desde el a\u00f1o 2000 la organizaci\u00f3n del [&hellip;]<\/p>\n","protected":false},"author":1,"featured_media":0,"comment_status":"open","ping_status":"closed","sticky":false,"template":"","format":"standard","meta":{"om_disable_all_campaigns":false,"jnews-multi-image_gallery":[],"jnews_single_post":[],"jnews_primary_category":[],"jnews_social_meta":[],"footnotes":""},"categories":[39],"tags":[],"class_list":["post-1094220","post","type-post","status-publish","format-standard","hentry","category-viajes"],"_links":{"self":[{"href":"https:\/\/dimensionturistica.com\/es\/wp-json\/wp\/v2\/posts\/1094220","targetHints":{"allow":["GET"]}}],"collection":[{"href":"https:\/\/dimensionturistica.com\/es\/wp-json\/wp\/v2\/posts"}],"about":[{"href":"https:\/\/dimensionturistica.com\/es\/wp-json\/wp\/v2\/types\/post"}],"author":[{"embeddable":true,"href":"https:\/\/dimensionturistica.com\/es\/wp-json\/wp\/v2\/users\/1"}],"replies":[{"embeddable":true,"href":"https:\/\/dimensionturistica.com\/es\/wp-json\/wp\/v2\/comments?post=1094220"}],"version-history":[{"count":1,"href":"https:\/\/dimensionturistica.com\/es\/wp-json\/wp\/v2\/posts\/1094220\/revisions"}],"predecessor-version":[{"id":1094233,"href":"https:\/\/dimensionturistica.com\/es\/wp-json\/wp\/v2\/posts\/1094220\/revisions\/1094233"}],"wp:attachment":[{"href":"https:\/\/dimensionturistica.com\/es\/wp-json\/wp\/v2\/media?parent=1094220"}],"wp:term":[{"taxonomy":"category","embeddable":true,"href":"https:\/\/dimensionturistica.com\/es\/wp-json\/wp\/v2\/categories?post=1094220"},{"taxonomy":"post_tag","embeddable":true,"href":"https:\/\/dimensionturistica.com\/es\/wp-json\/wp\/v2\/tags?post=1094220"}],"curies":[{"name":"wp","href":"https:\/\/api.w.org\/{rel}","templated":true}]}}