{"id":1094152,"date":"2026-01-07T18:52:32","date_gmt":"2026-01-07T18:52:32","guid":{"rendered":"https:\/\/dimensionturistica.com\/es\/?p=1094152"},"modified":"2026-01-07T18:52:32","modified_gmt":"2026-01-07T18:52:32","slug":"los-premios-macael-2025-reconocen-al-palacio-de-hierro-leon-con-el-premio-internacional-america-latina","status":"publish","type":"post","link":"https:\/\/dimensionturistica.com\/es\/los-premios-macael-2025-reconocen-al-palacio-de-hierro-leon-con-el-premio-internacional-america-latina\/","title":{"rendered":"Los Premios Macael 2025 reconocen al Palacio de Hierro Le\u00f3n con el Premio Internacional Am\u00e9rica Latina"},"content":{"rendered":"\n<p><\/p>\n\n\n\n<figure class=\"wp-block-gallery has-nested-images columns-default is-cropped wp-block-gallery-1 is-layout-flex wp-block-gallery-is-layout-flex\">\n<figure class=\"wp-block-image size-large\"><img decoding=\"async\" width=\"500\" height=\"333\" data-id=\"1094153\" src=\"https:\/\/dimensionturistica.com\/es\/wp-content\/uploads\/2026\/01\/1PALACIO.jpg\" alt=\"\" class=\"wp-image-1094153\" srcset=\"https:\/\/dimensionturistica.com\/es\/wp-content\/uploads\/2026\/01\/1PALACIO.jpg 500w, https:\/\/dimensionturistica.com\/es\/wp-content\/uploads\/2026\/01\/1PALACIO-300x200.jpg 300w\" sizes=\"(max-width: 500px) 100vw, 500px\" \/><\/figure>\n<\/figure>\n\n\n\n<p>Con m\u00e1s de 500 asistentes reunidos para celebrar su XXXVIII edici\u00f3n, los Premios Macael consolidan nuevamente su posici\u00f3n como el acto m\u00e1s importante del sector de la piedra natural en Espa\u00f1a y uno de los referentes internacionales del dise\u00f1o arquitect\u00f3nico.<\/p>\n\n\n\n<p>Desde su creaci\u00f3n en 1985, estos galardones reconocen a profesionales, instituciones y proyectos que han destacado por su excelencia en arquitectura, artesan\u00eda y dise\u00f1o, as\u00ed como a personalidades y entidades que han impulsado el sector a nivel global.<\/p>\n\n\n\n<figure class=\"wp-block-gallery has-nested-images columns-default is-cropped wp-block-gallery-2 is-layout-flex wp-block-gallery-is-layout-flex\">\n<figure class=\"wp-block-image size-large\"><img decoding=\"async\" width=\"500\" height=\"333\" data-id=\"1094154\" src=\"https:\/\/dimensionturistica.com\/es\/wp-content\/uploads\/2026\/01\/7PALACIO.jpg\" alt=\"\" class=\"wp-image-1094154\" srcset=\"https:\/\/dimensionturistica.com\/es\/wp-content\/uploads\/2026\/01\/7PALACIO.jpg 500w, https:\/\/dimensionturistica.com\/es\/wp-content\/uploads\/2026\/01\/7PALACIO-300x200.jpg 300w\" sizes=\"(max-width: 500px) 100vw, 500px\" \/><\/figure>\n<\/figure>\n\n\n\n<p>En esta edici\u00f3n, el Jurado otorga el Premio Internacional Am\u00e9rica Latina al proyecto Palacio de Hierro Le\u00f3n, ubicado en Le\u00f3n, Guanajuato, M\u00e9xico. La obra fue dise\u00f1ada por el despacho Sordo Madaleno bajo la direcci\u00f3n del arquitecto Andr\u00e9s Cajiga, con la ingenier\u00eda y distribuci\u00f3n de materiales a cargo de Katorce Espacios.<\/p>\n\n\n\n<p>El proyecto, una plaza comercial de dos niveles, se distingue por su lenguaje arquitect\u00f3nico contempor\u00e1neo y una envolvente que combina modernidad con una est\u00e9tica inspirada en materiales naturales. Su fachada\u2014protagonista del dise\u00f1o\u2014emplea Dekton Marmorio en gran formato, una superficie tecnol\u00f3gica de alta durabilidad que emula la elegancia del travertino con mantenimiento m\u00ednimo. Esta aplicaci\u00f3n se complementa con Dekton ID en interiores, utilizado para delinear formas geom\u00e9tricas que generan un di\u00e1logo visual coherente entre el exterior y el interior.<\/p>\n\n\n\n<p>El edificio abarca 12,484 m\u00b2 de superficie recubierta con placas de Dekton de 4 mm de espesor y dimensiones 260 x 142 cm, instaladas a junta perdida para lograr continuidad visual y un acabado de gran escala.<\/p>\n\n\n\n<figure class=\"wp-block-gallery has-nested-images columns-default is-cropped wp-block-gallery-3 is-layout-flex wp-block-gallery-is-layout-flex\">\n<figure class=\"wp-block-image size-large\"><img decoding=\"async\" width=\"500\" height=\"333\" data-id=\"1094155\" src=\"https:\/\/dimensionturistica.com\/es\/wp-content\/uploads\/2026\/01\/3PALACIO.jpg\" alt=\"\" class=\"wp-image-1094155\" srcset=\"https:\/\/dimensionturistica.com\/es\/wp-content\/uploads\/2026\/01\/3PALACIO.jpg 500w, https:\/\/dimensionturistica.com\/es\/wp-content\/uploads\/2026\/01\/3PALACIO-300x200.jpg 300w\" sizes=\"(max-width: 500px) 100vw, 500px\" \/><\/figure>\n<\/figure>\n\n\n\n<p>La intervenci\u00f3n ofrece un equilibrio entre textura, colores naturales y l\u00edneas limpias, proyectando sofisticaci\u00f3n sin perder el car\u00e1cter org\u00e1nico que distingue al conjunto.<\/p>\n\n\n\n<p>\u201cBusc\u00e1bamos lograr un contraste entre lo tradicional y lo contempor\u00e1neo, jugando con dos tonalidades que resaltaran las formas geom\u00e9tricas del domo y el atrium. El color Marmorio fue elegido por ser el tono ideal para sustituir al travertino, mientras que el Dekton ID aport\u00f3 un toque \u00fanico que defini\u00f3 la personalidad del interior del espacio\u201d, explica el arquitecto Andr\u00e9s Cajiga.<\/p>\n\n\n\n<figure class=\"wp-block-gallery has-nested-images columns-default is-cropped wp-block-gallery-4 is-layout-flex wp-block-gallery-is-layout-flex\">\n<figure class=\"wp-block-image size-large\"><img decoding=\"async\" width=\"500\" height=\"283\" data-id=\"1094156\" src=\"https:\/\/dimensionturistica.com\/es\/wp-content\/uploads\/2026\/01\/2PALACIO.jpg\" alt=\"\" class=\"wp-image-1094156\" srcset=\"https:\/\/dimensionturistica.com\/es\/wp-content\/uploads\/2026\/01\/2PALACIO.jpg 500w, https:\/\/dimensionturistica.com\/es\/wp-content\/uploads\/2026\/01\/2PALACIO-300x170.jpg 300w\" sizes=\"(max-width: 500px) 100vw, 500px\" \/><\/figure>\n<\/figure>\n\n\n\n<p>El equipo eligi\u00f3 superficies Dekton de Cosentino por su resistencia, bajo mantenimiento y su capacidad para ofrecer el aspecto natural del m\u00e1rmol sin comprometer la funcionalidad.<\/p>\n\n\n\n<p>El Palacio de Hierro Le\u00f3n se erige as\u00ed como un referente latinoamericano en la integraci\u00f3n de dise\u00f1o arquitect\u00f3nico y tecnolog\u00eda aplicada a superficies, demostrando c\u00f3mo la innovaci\u00f3n y la est\u00e9tica pueden converger para crear espacios comerciales memorables, eficientes y duraderos.<\/p>\n\n\n\n<p>Foto: Jaime Navarro<\/p>\n","protected":false},"excerpt":{"rendered":"<p>Con m\u00e1s de 500 asistentes reunidos para celebrar su XXXVIII edici\u00f3n, los Premios Macael consolidan nuevamente su posici\u00f3n como el acto m\u00e1s importante del sector de la piedra natural en Espa\u00f1a y uno de los referentes internacionales del dise\u00f1o arquitect\u00f3nico. Desde su creaci\u00f3n en 1985, estos galardones reconocen a profesionales, instituciones y proyectos que han [&hellip;]<\/p>\n","protected":false},"author":1,"featured_media":0,"comment_status":"open","ping_status":"closed","sticky":false,"template":"","format":"standard","meta":{"om_disable_all_campaigns":false,"jnews-multi-image_gallery":[],"jnews_single_post":{"format":"standard"},"jnews_primary_category":[],"jnews_social_meta":[],"footnotes":""},"categories":[144872],"tags":[],"class_list":["post-1094152","post","type-post","status-publish","format-standard","hentry","category-fashion"],"_links":{"self":[{"href":"https:\/\/dimensionturistica.com\/es\/wp-json\/wp\/v2\/posts\/1094152","targetHints":{"allow":["GET"]}}],"collection":[{"href":"https:\/\/dimensionturistica.com\/es\/wp-json\/wp\/v2\/posts"}],"about":[{"href":"https:\/\/dimensionturistica.com\/es\/wp-json\/wp\/v2\/types\/post"}],"author":[{"embeddable":true,"href":"https:\/\/dimensionturistica.com\/es\/wp-json\/wp\/v2\/users\/1"}],"replies":[{"embeddable":true,"href":"https:\/\/dimensionturistica.com\/es\/wp-json\/wp\/v2\/comments?post=1094152"}],"version-history":[{"count":1,"href":"https:\/\/dimensionturistica.com\/es\/wp-json\/wp\/v2\/posts\/1094152\/revisions"}],"predecessor-version":[{"id":1094157,"href":"https:\/\/dimensionturistica.com\/es\/wp-json\/wp\/v2\/posts\/1094152\/revisions\/1094157"}],"wp:attachment":[{"href":"https:\/\/dimensionturistica.com\/es\/wp-json\/wp\/v2\/media?parent=1094152"}],"wp:term":[{"taxonomy":"category","embeddable":true,"href":"https:\/\/dimensionturistica.com\/es\/wp-json\/wp\/v2\/categories?post=1094152"},{"taxonomy":"post_tag","embeddable":true,"href":"https:\/\/dimensionturistica.com\/es\/wp-json\/wp\/v2\/tags?post=1094152"}],"curies":[{"name":"wp","href":"https:\/\/api.w.org\/{rel}","templated":true}]}}