{"id":1094064,"date":"2026-01-07T16:28:23","date_gmt":"2026-01-07T16:28:23","guid":{"rendered":"https:\/\/dimensionturistica.com\/es\/?p=1094064"},"modified":"2026-01-07T16:28:23","modified_gmt":"2026-01-07T16:28:23","slug":"amplia-jalisco-conectividad-aerea-con-nueva-ruta-guadalajara-calgary","status":"publish","type":"post","link":"https:\/\/dimensionturistica.com\/es\/amplia-jalisco-conectividad-aerea-con-nueva-ruta-guadalajara-calgary\/","title":{"rendered":"Amplia Jalisco conectividad a\u00e9rea con nueva ruta Guadalajara\u2013Calgary"},"content":{"rendered":"\n<figure class=\"wp-block-gallery has-nested-images columns-default is-cropped wp-block-gallery-1 is-layout-flex wp-block-gallery-is-layout-flex\">\n<figure class=\"wp-block-image size-large\"><img decoding=\"async\" width=\"600\" height=\"419\" data-id=\"1094065\" src=\"https:\/\/dimensionturistica.com\/es\/wp-content\/uploads\/2026\/01\/1JALISCO.jpg\" alt=\"\" class=\"wp-image-1094065\" srcset=\"https:\/\/dimensionturistica.com\/es\/wp-content\/uploads\/2026\/01\/1JALISCO.jpg 600w, https:\/\/dimensionturistica.com\/es\/wp-content\/uploads\/2026\/01\/1JALISCO-300x210.jpg 300w\" sizes=\"(max-width: 600px) 100vw, 600px\" \/><\/figure>\n<\/figure>\n\n\n\n<p>Con el objetivo de ampliar la presencia de Jalisco en el mercado canadiense y fortalecer su conectividad internacional, el Gobierno del Estado, a trav\u00e9s de la Secretar\u00eda de Turismo encabezada por Michelle Fridman Hirsch, inaugur\u00f3 el vuelo directo Guadalajara\u2013Calgary (YYC), operado por la aerol\u00ednea WestJet.<\/p>\n\n\n\n<p>La nueva ruta conecta por primera vez de manera directa a Guadalajara con Calgary, ciudad donde WestJet cuenta con m\u00e1s de 30 a\u00f1os de operaci\u00f3n y una movilizaci\u00f3n anual de 27 millones de pasajeros, reforzando su liderazgo como una de las aerol\u00edneas m\u00e1s importantes de Canad\u00e1.<\/p>\n\n\n\n<p>En t\u00e9rminos de volumen, la nueva ruta representa un crecimiento de 5 por ciento en el flujo de personas viajeras, al pasar de 785 mil 286 visitantes en 2024 a 825 mil 49 visitantes en 2025, lo que confirma el incremento sostenido en la conectividad entre Jalisco y Canad\u00e1.<\/p>\n\n\n\n<figure class=\"wp-block-gallery has-nested-images columns-default is-cropped wp-block-gallery-2 is-layout-flex wp-block-gallery-is-layout-flex\">\n<figure class=\"wp-block-image size-large\"><img decoding=\"async\" width=\"500\" height=\"333\" data-id=\"1094066\" src=\"https:\/\/dimensionturistica.com\/es\/wp-content\/uploads\/2026\/01\/2JALISCO.jpg\" alt=\"\" class=\"wp-image-1094066\" srcset=\"https:\/\/dimensionturistica.com\/es\/wp-content\/uploads\/2026\/01\/2JALISCO.jpg 500w, https:\/\/dimensionturistica.com\/es\/wp-content\/uploads\/2026\/01\/2JALISCO-300x200.jpg 300w\" sizes=\"(max-width: 500px) 100vw, 500px\" \/><\/figure>\n<\/figure>\n\n\n\n<p>Adem\u00e1s, durante el presente a\u00f1o se reporta un aumento de 8 por ciento en la llegada de visitantes provenientes de ese pa\u00eds, mercado que actualmente concentra 15 por ciento del turismo internacional que arriba a la entidad, posicion\u00e1ndo como uno de los principales emisores hacia Jalisco.<\/p>\n\n\n\n<p>El vuelo inaugural arrib\u00f3 al Aeropuerto Internacional de Guadalajara con la presencia de autoridades estatales, representantes consulares, directivos de la aerol\u00ednea y medios de comunicaci\u00f3n, marcando el inicio de una nueva etapa en la conectividad a\u00e9rea entre Jalisco y el mercado canadiense.<\/p>\n\n\n\n<p>Michelle Fridman Hirsch subray\u00f3 que la relaci\u00f3n con el mercado canadiense se ha fortalecido en los \u00faltimos a\u00f1os gracias al incremento de visitantes que eligen los distintos destinos del estado.<\/p>\n\n\n\n<p>\u201cMe llena de orgullo que hoy estemos celebrando esto. Es la primera vez que Guadalajara est\u00e1 conectado con Calgary, pero ya estamos conectados, a trav\u00e9s de otras aerol\u00edneas, con Montreal, con Toronto, ya con dos aerol\u00edneas y con Vancouver\u201d, dijo la Secretaria.<\/p>\n\n\n\n<figure class=\"wp-block-gallery has-nested-images columns-default is-cropped wp-block-gallery-3 is-layout-flex wp-block-gallery-is-layout-flex\">\n<figure class=\"wp-block-image size-large\"><img decoding=\"async\" width=\"589\" height=\"290\" data-id=\"1094067\" src=\"https:\/\/dimensionturistica.com\/es\/wp-content\/uploads\/2026\/01\/4JALISCO.jpg\" alt=\"\" class=\"wp-image-1094067\" srcset=\"https:\/\/dimensionturistica.com\/es\/wp-content\/uploads\/2026\/01\/4JALISCO.jpg 589w, https:\/\/dimensionturistica.com\/es\/wp-content\/uploads\/2026\/01\/4JALISCO-300x148.jpg 300w\" sizes=\"(max-width: 589px) 100vw, 589px\" \/><\/figure>\n<\/figure>\n\n\n\n<p>La ruta operar\u00e1 de manera temporal hasta el 12 de abril de 2026, con dos frecuencias semanales los d\u00edas martes y domingo, a bordo de un Boeing 737 con capacidad para 174 pasajeras y pasajeros.<\/p>\n\n\n\n<p>La operaci\u00f3n se realiza desde el Aeropuerto Internacional de Guadalajara, administrado por el Grupo Aeroportuario del Pac\u00edfico (GAP).<\/p>\n\n\n\n<p>Actualmente, cinco aerol\u00edneas enlazan Jalisco con Canad\u00e1 desde Guadalajara y Puerto Vallarta.<\/p>\n\n\n\n<p>En Guadalajara operan Flair Airlines Ltd. hacia Vancouver y Toronto, as\u00ed como Air Canada hacia Toronto; mientras que en Puerto Vallarta operan Air Canada, Flair Airlines Ltd., Sunwing Airlines Inc., Air Transat y WestJet, con un total de 16 rutas activas.<\/p>\n\n\n\n<p>Entre diciembre de 2024 y septiembre de 2025 se inauguraron seis nuevas rutas hacia Canad\u00e1, lo que representa 26 mil 34 asientos adicionales de llegada, equivalentes a un incremento del 3 por ciento respecto a 2024.<\/p>\n\n\n\n<p>Con este crecimiento, la oferta total de asientos pasar\u00e1 de aproximadamente 750 mil a m\u00e1s de 775 mil, consolidando a Jalisco como un hub estrat\u00e9gico de conectividad a\u00e9rea con Canad\u00e1.<\/p>\n\n\n\n<p>En la recepci\u00f3n del vuelo inaugural Calgary \u2013 Guadalajara estuvieron presentes Carlos Preciado, Ejecutivo de Servicios representando al Aeropuerto Internacional de Guadalajara; S\u00e9bastien Moffett, C\u00f3nsul de Canad\u00e1 en Guadalajara; Shannon McCarthy, representante del Gobierno de la Provincia de Alberta en M\u00e9xico; y David de Alba, Gerente comercial de WestJet, quienes participaron en el acto protocolario que marc\u00f3 el inicio de esta nueva ruta a\u00e9rea entre Jalisco y Canad\u00e1.<\/p>\n","protected":false},"excerpt":{"rendered":"<p>Con el objetivo de ampliar la presencia de Jalisco en el mercado canadiense y fortalecer su conectividad internacional, el Gobierno del Estado, a trav\u00e9s de la Secretar\u00eda de Turismo encabezada por Michelle Fridman Hirsch, inaugur\u00f3 el vuelo directo Guadalajara\u2013Calgary (YYC), operado por la aerol\u00ednea WestJet. La nueva ruta conecta por primera vez de manera directa [&hellip;]<\/p>\n","protected":false},"author":1,"featured_media":0,"comment_status":"open","ping_status":"closed","sticky":false,"template":"","format":"standard","meta":{"om_disable_all_campaigns":false,"jnews-multi-image_gallery":[],"jnews_single_post":{"format":"standard"},"jnews_primary_category":[],"jnews_social_meta":[],"footnotes":""},"categories":[39],"tags":[],"class_list":["post-1094064","post","type-post","status-publish","format-standard","hentry","category-viajes"],"_links":{"self":[{"href":"https:\/\/dimensionturistica.com\/es\/wp-json\/wp\/v2\/posts\/1094064","targetHints":{"allow":["GET"]}}],"collection":[{"href":"https:\/\/dimensionturistica.com\/es\/wp-json\/wp\/v2\/posts"}],"about":[{"href":"https:\/\/dimensionturistica.com\/es\/wp-json\/wp\/v2\/types\/post"}],"author":[{"embeddable":true,"href":"https:\/\/dimensionturistica.com\/es\/wp-json\/wp\/v2\/users\/1"}],"replies":[{"embeddable":true,"href":"https:\/\/dimensionturistica.com\/es\/wp-json\/wp\/v2\/comments?post=1094064"}],"version-history":[{"count":1,"href":"https:\/\/dimensionturistica.com\/es\/wp-json\/wp\/v2\/posts\/1094064\/revisions"}],"predecessor-version":[{"id":1094069,"href":"https:\/\/dimensionturistica.com\/es\/wp-json\/wp\/v2\/posts\/1094064\/revisions\/1094069"}],"wp:attachment":[{"href":"https:\/\/dimensionturistica.com\/es\/wp-json\/wp\/v2\/media?parent=1094064"}],"wp:term":[{"taxonomy":"category","embeddable":true,"href":"https:\/\/dimensionturistica.com\/es\/wp-json\/wp\/v2\/categories?post=1094064"},{"taxonomy":"post_tag","embeddable":true,"href":"https:\/\/dimensionturistica.com\/es\/wp-json\/wp\/v2\/tags?post=1094064"}],"curies":[{"name":"wp","href":"https:\/\/api.w.org\/{rel}","templated":true}]}}