{"id":1093882,"date":"2026-01-07T08:46:33","date_gmt":"2026-01-07T08:46:33","guid":{"rendered":"https:\/\/dimensionturistica.com\/es\/?p=1093882"},"modified":"2026-01-07T08:46:33","modified_gmt":"2026-01-07T08:46:33","slug":"estrellas-se-unen-en-el-teatro-cherry-lane-de-a24-para-apoyar-el-fondo-de-acceso-al-aborto-en-nueva-york","status":"publish","type":"post","link":"https:\/\/dimensionturistica.com\/es\/estrellas-se-unen-en-el-teatro-cherry-lane-de-a24-para-apoyar-el-fondo-de-acceso-al-aborto-en-nueva-york\/","title":{"rendered":"Estrellas Se Unen en el Teatro Cherry Lane de A24 para Apoyar el Fondo de Acceso al Aborto en Nueva York"},"content":{"rendered":"<h3>Moda y Empoderamiento: Una Noche por el Derecho a Decidir<\/h3>\n<p>En el vibrante coraz\u00f3n de Nueva York, un evento exclusivo ha unido a la comunidad de la moda con una causa de vital importancia: el acceso al aborto. La gala, que reuni\u00f3 a influyentes figuras del dise\u00f1o y el arte, no solo celebr\u00f3 la creatividad, sino que tambi\u00e9n se convirti\u00f3 en un potente espacio de di\u00e1logo sobre los derechos reproductivos.<\/p>\n<p>La pasarela, en lugar de estar marcada por simples tendencias, se transform\u00f3 en un lienzo donde se exhibieron piezas que reflejaban la lucha y el empoderamiento de las mujeres. Dise\u00f1adores reconocidos presentaron una colecci\u00f3n \u00fanica que, m\u00e1s all\u00e1 de su est\u00e9tica, lanz\u00f3 un mensaje claro: la autonom\u00eda sobre el propio cuerpo es un derecho innegable. Las prendas se convirtieron en medios de expresi\u00f3n, comunicando valores de libertad y autodefinici\u00f3n.<\/p>\n<p>El evento, impulsado por el New York Abortion Access Fund, busca no solo recaudar fondos, sino tambi\u00e9n crear conciencia sobre las barreras que enfrentan muchas mujeres para acceder a servicios de salud reproductiva. A trav\u00e9s de una emocionante subasta y una serie de intervenciones art\u00edsticas, los asistentes se unieron en una muestra de solidaridad y compromiso, subrayando la importancia de la acci\u00f3n colectiva.<\/p>\n<p>El ambiente se carg\u00f3 de energ\u00eda mientras dise\u00f1adores, modelos e influyentes de las redes sociales se pasaban el micr\u00f3fono, compartiendo experiencias y reflexiones que resonaban con la audiencia. La moda, en este contexto, se redefine como una herramienta de activismo, donde cada prenda cuenta una historia y cada elecci\u00f3n de estilo es un acto de resistencia.<\/p>\n<p>Los asistentes, vestidos no solo con elegancia sino tambi\u00e9n con convicci\u00f3n, representaron un mosaico de diversidad que enriqueci\u00f3 la velada. Este evento se posiciona como un recordatorio poderoso de que la industria de la moda puede y debe involucrarse en temas sociales trascendentales, utilizando su plataforma para generar un impacto real.<\/p>\n<p>La colaboraci\u00f3n entre la moda y la defensa de derechos no es nueva, pero este evento ha marcado un hito en la forma en que se hace visible la lucha por el acceso a la salud reproductiva. Cada dise\u00f1ador, cada modelo, cada asistente se uni\u00f3 en una vibrante celebraci\u00f3n de la autonom\u00eda individual, iluminando la noche neoyorquina con su fervor y compromiso.<\/p>\n<p>Al final de la velada, no solo se recaudaron fondos, sino que se tejieron conexiones significativas entre la moda y el activismo. Esta sinergia entre la creatividad y la lucha social abre un nuevo cap\u00edtulo en el \u00e1mbito de la moda, invitando a todos a reflexionar sobre el poder de la expresi\u00f3n personal en la defensa de derechos fundamentales.<\/p>\n<p>Con cada gala, desfile o evento, la moda contin\u00faa demostrando que su impacto va m\u00e1s all\u00e1 de lo visual; es tambi\u00e9n un veh\u00edculo para la transformaci\u00f3n social. La noche en Nueva York es un testimonio de que la moda puede y debe ser un catalizador de cambio, inspirando a futuras generaciones a unirse y luchar por su derecho a decidir.<\/p>\n<p><em> &#8221; Fuentes www.vogue.com &#8221; <\/em><\/p>\n","protected":false},"excerpt":{"rendered":"<p>Moda y Empoderamiento: Una Noche por el Derecho a Decidir En el vibrante coraz\u00f3n de Nueva York, un evento exclusivo ha unido a la comunidad de la moda con una causa de vital importancia: el acceso al aborto. La gala, que reuni\u00f3 a influyentes figuras del dise\u00f1o y el arte, no solo celebr\u00f3 la creatividad, [&hellip;]<\/p>\n","protected":false},"author":14,"featured_media":1093883,"comment_status":"open","ping_status":"closed","sticky":false,"template":"","format":"standard","meta":{"om_disable_all_campaigns":false,"jnews-multi-image_gallery":[],"jnews_single_post":[],"jnews_primary_category":[],"jnews_social_meta":[],"footnotes":""},"categories":[144872],"tags":[259338,262658,262657,148748,70213,75295,6514,190378,52943,80878,434,203622],"class_list":["post-1093882","post","type-post","status-publish","format-standard","has-post-thumbnail","hentry","category-fashion","tag-a24","tag-abortion-access-fund","tag-cherry-lane-theatre","tag-community-involvement","tag-event","tag-fundraising","tag-new-york","tag-reproductive-rights","tag-stars","tag-support","tag-theater","tag-vogue-parties"],"_links":{"self":[{"href":"https:\/\/dimensionturistica.com\/es\/wp-json\/wp\/v2\/posts\/1093882","targetHints":{"allow":["GET"]}}],"collection":[{"href":"https:\/\/dimensionturistica.com\/es\/wp-json\/wp\/v2\/posts"}],"about":[{"href":"https:\/\/dimensionturistica.com\/es\/wp-json\/wp\/v2\/types\/post"}],"author":[{"embeddable":true,"href":"https:\/\/dimensionturistica.com\/es\/wp-json\/wp\/v2\/users\/14"}],"replies":[{"embeddable":true,"href":"https:\/\/dimensionturistica.com\/es\/wp-json\/wp\/v2\/comments?post=1093882"}],"version-history":[{"count":1,"href":"https:\/\/dimensionturistica.com\/es\/wp-json\/wp\/v2\/posts\/1093882\/revisions"}],"predecessor-version":[{"id":1093884,"href":"https:\/\/dimensionturistica.com\/es\/wp-json\/wp\/v2\/posts\/1093882\/revisions\/1093884"}],"wp:featuredmedia":[{"embeddable":true,"href":"https:\/\/dimensionturistica.com\/es\/wp-json\/wp\/v2\/media\/1093883"}],"wp:attachment":[{"href":"https:\/\/dimensionturistica.com\/es\/wp-json\/wp\/v2\/media?parent=1093882"}],"wp:term":[{"taxonomy":"category","embeddable":true,"href":"https:\/\/dimensionturistica.com\/es\/wp-json\/wp\/v2\/categories?post=1093882"},{"taxonomy":"post_tag","embeddable":true,"href":"https:\/\/dimensionturistica.com\/es\/wp-json\/wp\/v2\/tags?post=1093882"}],"curies":[{"name":"wp","href":"https:\/\/api.w.org\/{rel}","templated":true}]}}