{"id":1093451,"date":"2026-01-04T17:47:59","date_gmt":"2026-01-04T17:47:59","guid":{"rendered":"https:\/\/dimensionturistica.com\/es\/?p=1093451"},"modified":"2026-01-04T17:47:59","modified_gmt":"2026-01-04T17:47:59","slug":"los-mejores-aeropuertos-en-mexico-para-aterrizar","status":"publish","type":"post","link":"https:\/\/dimensionturistica.com\/es\/los-mejores-aeropuertos-en-mexico-para-aterrizar\/","title":{"rendered":"Los mejores aeropuertos en M\u00e9xico para aterrizar"},"content":{"rendered":"\n<figure class=\"wp-block-gallery has-nested-images columns-default is-cropped wp-block-gallery-1 is-layout-flex wp-block-gallery-is-layout-flex\">\n<figure class=\"wp-block-image size-large\"><img decoding=\"async\" width=\"474\" height=\"160\" data-id=\"1093452\" src=\"https:\/\/dimensionturistica.com\/es\/wp-content\/uploads\/2026\/01\/4AERO.jpg\" alt=\"\" class=\"wp-image-1093452\" srcset=\"https:\/\/dimensionturistica.com\/es\/wp-content\/uploads\/2026\/01\/4AERO.jpg 474w, https:\/\/dimensionturistica.com\/es\/wp-content\/uploads\/2026\/01\/4AERO-300x101.jpg 300w\" sizes=\"(max-width: 474px) 100vw, 474px\" \/><\/figure>\n<\/figure>\n\n\n\n<p>Cuando pensamos en viajar, solemos enfocarnos en el destino. Sin embargo, hoy la experiencia comienza desde el aterrizaje. En los primeros nueve meses del 2025, el transporte a\u00e9reo nacional e internacional en M\u00e9xico mantuvo su tendencia al alza al registrar 90.9 millones de pasajeros en vuelos regulares, de acuerdo con la Secretar\u00eda de Turismo. Esta cifra representa un incremento de 2.4% frente al mismo periodo de 2024 y un avance de 20.4% respecto a los niveles previos a la pandemia registrados en 2019.<\/p>\n\n\n\n<figure class=\"wp-block-gallery has-nested-images columns-default is-cropped wp-block-gallery-2 is-layout-flex wp-block-gallery-is-layout-flex\">\n<figure class=\"wp-block-image size-large\"><img decoding=\"async\" width=\"500\" height=\"333\" data-id=\"1093456\" src=\"https:\/\/dimensionturistica.com\/es\/wp-content\/uploads\/2026\/01\/3AERO.jpg\" alt=\"\" class=\"wp-image-1093456\" srcset=\"https:\/\/dimensionturistica.com\/es\/wp-content\/uploads\/2026\/01\/3AERO.jpg 500w, https:\/\/dimensionturistica.com\/es\/wp-content\/uploads\/2026\/01\/3AERO-300x200.jpg 300w\" sizes=\"(max-width: 500px) 100vw, 500px\" \/><\/figure>\n<\/figure>\n\n\n\n<p>Con esta creciente demanda, contar con terminales eficientes, conectadas y c\u00f3modas ya no es un lujo, es una necesidad. Las siguientes terminales a\u00e9reas se distinguen por su infraestructura y experiencia para los pasajeros:<\/p>\n\n\n\n<p>Aeropuerto Internacional de Los Cabos<\/p>\n\n\n\n<p>Este aeropuerto ha sabido combinar crecimiento sostenido con mejoras en conectividad, por ejemplo, a inicios de diciembre recibi\u00f3 el primer vuelo procedente de la ciudad de Panam\u00e1. Entre enero y noviembre de 2025, esta terminal a\u00e9rea registr\u00f3 la afluencia de 6.8 millones de pasajeros, de los cuales 4.2 millones correspondieron a viajeros internacionales.<\/p>\n\n\n\n<figure class=\"wp-block-gallery has-nested-images columns-default is-cropped wp-block-gallery-3 is-layout-flex wp-block-gallery-is-layout-flex\">\n<figure class=\"wp-block-image size-large\"><img decoding=\"async\" width=\"500\" height=\"353\" data-id=\"1093457\" src=\"https:\/\/dimensionturistica.com\/es\/wp-content\/uploads\/2026\/01\/1AERO.jpg\" alt=\"\" class=\"wp-image-1093457\" srcset=\"https:\/\/dimensionturistica.com\/es\/wp-content\/uploads\/2026\/01\/1AERO.jpg 500w, https:\/\/dimensionturistica.com\/es\/wp-content\/uploads\/2026\/01\/1AERO-300x212.jpg 300w, https:\/\/dimensionturistica.com\/es\/wp-content\/uploads\/2026\/01\/1AERO-120x86.jpg 120w\" sizes=\"(max-width: 500px) 100vw, 500px\" \/><\/figure>\n<\/figure>\n\n\n\n<p>Asimismo, el aeropuerto recibi\u00f3 la acreditaci\u00f3n Nivel 2 del programa de Experiencia al Pasajero del Consejo Internacional de Aeropuertos. Este distintivo confirma su compromiso con colocar al viajero al centro de sus operaciones, con procesos eficientes y servicios enfocados en la comodidad.<\/p>\n\n\n\n<p>Aeropuerto de Puerto Vallarta: la puerta de entrada al Pac\u00edfico<\/p>\n\n\n\n<figure class=\"wp-block-gallery has-nested-images columns-default is-cropped wp-block-gallery-4 is-layout-flex wp-block-gallery-is-layout-flex\">\n<figure class=\"wp-block-image size-large\"><img decoding=\"async\" width=\"500\" height=\"375\" data-id=\"1093458\" src=\"https:\/\/dimensionturistica.com\/es\/wp-content\/uploads\/2026\/01\/6AERO.jpg\" alt=\"\" class=\"wp-image-1093458\" srcset=\"https:\/\/dimensionturistica.com\/es\/wp-content\/uploads\/2026\/01\/6AERO.jpg 500w, https:\/\/dimensionturistica.com\/es\/wp-content\/uploads\/2026\/01\/6AERO-300x225.jpg 300w\" sizes=\"(max-width: 500px) 100vw, 500px\" \/><\/figure>\n<\/figure>\n\n\n\n<p>Ubicado en el coraz\u00f3n del corredor tur\u00edstico Puerto Vallarta\u2013Riviera Nayarit, este aeropuerto combina conectividad con cercan\u00eda. Est\u00e1 a 15 minutos del centro de Puerto Vallarta y a menos de una hora de Punta Mita y Sayulita. Al cierre de noviembre de 2025, el aeropuerto moviliz\u00f3 6.2 millones de pasajeros nacionales e internacionales y ofrece rutas directas a m\u00e1s de 54 destinos en M\u00e9xico, Estados Unidos y Canad\u00e1. Actualmente est\u00e1 en plena transformaci\u00f3n, con una inversi\u00f3n total de m\u00e1s de 9,200 millones de pesos en un Nuevo Edificio Terminal que duplicar\u00e1 su capacidad. Su ubicaci\u00f3n estrat\u00e9gica lo convierte en la puerta de entrada m\u00e1s moderna y eficiente a lo mejor del Pac\u00edfico mexicano.<\/p>\n\n\n\n<p>Aeropuerto de Guadalajara: premiado por los usuarios<\/p>\n\n\n\n<figure class=\"wp-block-gallery has-nested-images columns-default is-cropped wp-block-gallery-5 is-layout-flex wp-block-gallery-is-layout-flex\">\n<figure class=\"wp-block-image size-large\"><img decoding=\"async\" width=\"500\" height=\"281\" data-id=\"1093459\" src=\"https:\/\/dimensionturistica.com\/es\/wp-content\/uploads\/2026\/01\/2AERO.jpg\" alt=\"\" class=\"wp-image-1093459\" srcset=\"https:\/\/dimensionturistica.com\/es\/wp-content\/uploads\/2026\/01\/2AERO.jpg 500w, https:\/\/dimensionturistica.com\/es\/wp-content\/uploads\/2026\/01\/2AERO-300x169.jpg 300w\" sizes=\"(max-width: 500px) 100vw, 500px\" \/><\/figure>\n<\/figure>\n\n\n\n<p>En 2024, fue reconocido con el Premio a la Experiencia Aeroportuaria del Consejo Internacional de Aeropuertos (ACI) en la categor\u00eda de \u201cCalidad del Servicio Aeroportuario. Este reconocimiento se basa en encuestas realizadas directamente a los pasajeros, quienes eval\u00faan aspectos clave como limpieza, comodidad, procesos migratorios y eficiencia. Ese mismo a\u00f1o, la terminal moviliz\u00f3 aproximadamente 17.8 millones de pasajeros, alcanz\u00f3 su r\u00e9cord hist\u00f3rico y se consolid\u00f3 como un nodo log\u00edstico y tur\u00edstico clave en la regi\u00f3n occidente del pa\u00eds.<\/p>\n\n\n\n<p>Viajar ya no empieza cuando llegamos al hotel: comienza en la pista de aterrizaje. Aeropuertos como los de, Puerto Vallarta y Guadalajara muestran que s\u00ed es posible ofrecer puntualidad, cercan\u00eda y eficiencia. Y eso, para millones de pasajeros cada a\u00f1o, hace toda la diferencia.<\/p>\n","protected":false},"excerpt":{"rendered":"<p>Cuando pensamos en viajar, solemos enfocarnos en el destino. Sin embargo, hoy la experiencia comienza desde el aterrizaje. En los primeros nueve meses del 2025, el transporte a\u00e9reo nacional e internacional en M\u00e9xico mantuvo su tendencia al alza al registrar 90.9 millones de pasajeros en vuelos regulares, de acuerdo con la Secretar\u00eda de Turismo. Esta [&hellip;]<\/p>\n","protected":false},"author":1,"featured_media":0,"comment_status":"open","ping_status":"closed","sticky":false,"template":"","format":"standard","meta":{"om_disable_all_campaigns":false,"jnews-multi-image_gallery":[],"jnews_single_post":[],"jnews_primary_category":[],"jnews_social_meta":[],"footnotes":""},"categories":[39],"tags":[],"class_list":["post-1093451","post","type-post","status-publish","format-standard","hentry","category-viajes"],"_links":{"self":[{"href":"https:\/\/dimensionturistica.com\/es\/wp-json\/wp\/v2\/posts\/1093451","targetHints":{"allow":["GET"]}}],"collection":[{"href":"https:\/\/dimensionturistica.com\/es\/wp-json\/wp\/v2\/posts"}],"about":[{"href":"https:\/\/dimensionturistica.com\/es\/wp-json\/wp\/v2\/types\/post"}],"author":[{"embeddable":true,"href":"https:\/\/dimensionturistica.com\/es\/wp-json\/wp\/v2\/users\/1"}],"replies":[{"embeddable":true,"href":"https:\/\/dimensionturistica.com\/es\/wp-json\/wp\/v2\/comments?post=1093451"}],"version-history":[{"count":1,"href":"https:\/\/dimensionturistica.com\/es\/wp-json\/wp\/v2\/posts\/1093451\/revisions"}],"predecessor-version":[{"id":1093460,"href":"https:\/\/dimensionturistica.com\/es\/wp-json\/wp\/v2\/posts\/1093451\/revisions\/1093460"}],"wp:attachment":[{"href":"https:\/\/dimensionturistica.com\/es\/wp-json\/wp\/v2\/media?parent=1093451"}],"wp:term":[{"taxonomy":"category","embeddable":true,"href":"https:\/\/dimensionturistica.com\/es\/wp-json\/wp\/v2\/categories?post=1093451"},{"taxonomy":"post_tag","embeddable":true,"href":"https:\/\/dimensionturistica.com\/es\/wp-json\/wp\/v2\/tags?post=1093451"}],"curies":[{"name":"wp","href":"https:\/\/api.w.org\/{rel}","templated":true}]}}