{"id":1093426,"date":"2026-01-04T16:42:25","date_gmt":"2026-01-04T16:42:25","guid":{"rendered":"https:\/\/dimensionturistica.com\/es\/?p=1093426"},"modified":"2026-01-04T16:42:25","modified_gmt":"2026-01-04T16:42:25","slug":"dale-a-tu-cabello-ese-brillo-intenso-esta-temporada-con-neqi","status":"publish","type":"post","link":"https:\/\/dimensionturistica.com\/es\/dale-a-tu-cabello-ese-brillo-intenso-esta-temporada-con-neqi\/","title":{"rendered":"Dale a tu cabello ese brillo intenso esta temporada con Neqi"},"content":{"rendered":"\n<figure class=\"wp-block-gallery has-nested-images columns-default is-cropped wp-block-gallery-1 is-layout-flex wp-block-gallery-is-layout-flex\">\n<figure class=\"wp-block-image size-large\"><img decoding=\"async\" width=\"500\" height=\"477\" data-id=\"1093427\" src=\"https:\/\/dimensionturistica.com\/es\/wp-content\/uploads\/2026\/01\/1NEQUI.jpg\" alt=\"\" class=\"wp-image-1093427\" srcset=\"https:\/\/dimensionturistica.com\/es\/wp-content\/uploads\/2026\/01\/1NEQUI.jpg 500w, https:\/\/dimensionturistica.com\/es\/wp-content\/uploads\/2026\/01\/1NEQUI-300x286.jpg 300w\" sizes=\"(max-width: 500px) 100vw, 500px\" \/><\/figure>\n<\/figure>\n\n\n\n<p>Haz que tu cabello luzca full glow esta temporada con Neqi. Dale vida y energ\u00eda a tu pelo con un cuidado que se nota desde la ra\u00edz hasta las puntas. Porque tu cabello tambi\u00e9n merece momentos de shine y fuerza. \u00a1Prep\u00e1rate para sentirlo healthy y lleno de estilo.<\/p>\n\n\n\n<figure class=\"wp-block-gallery has-nested-images columns-default is-cropped wp-block-gallery-2 is-layout-flex wp-block-gallery-is-layout-flex\">\n<figure class=\"wp-block-image size-large\"><img decoding=\"async\" width=\"500\" height=\"390\" data-id=\"1093428\" src=\"https:\/\/dimensionturistica.com\/es\/wp-content\/uploads\/2026\/01\/4NEQUI.jpg\" alt=\"\" class=\"wp-image-1093428\" srcset=\"https:\/\/dimensionturistica.com\/es\/wp-content\/uploads\/2026\/01\/4NEQUI.jpg 500w, https:\/\/dimensionturistica.com\/es\/wp-content\/uploads\/2026\/01\/4NEQUI-300x234.jpg 300w\" sizes=\"(max-width: 500px) 100vw, 500px\" \/><\/figure>\n<\/figure>\n\n\n\n<p>Neqi tiene la rutina perfecta para lucir un pelo con un intenso brillo. Esta temporada, mientras el clima cambia y la \u00e9poca navide\u00f1a nos envuelve, Neqi abre una nueva era en el cuidado capilar, donde la ciencia se encuentra con la perfumer\u00eda de autor y el lujo contempor\u00e1neo.<\/p>\n\n\n\n<figure class=\"wp-block-gallery has-nested-images columns-default is-cropped wp-block-gallery-3 is-layout-flex wp-block-gallery-is-layout-flex\">\n<figure class=\"wp-block-image size-large\"><img decoding=\"async\" width=\"500\" height=\"408\" data-id=\"1093430\" src=\"https:\/\/dimensionturistica.com\/es\/wp-content\/uploads\/2026\/01\/7NEQUI.jpg\" alt=\"\" class=\"wp-image-1093430\" srcset=\"https:\/\/dimensionturistica.com\/es\/wp-content\/uploads\/2026\/01\/7NEQUI.jpg 500w, https:\/\/dimensionturistica.com\/es\/wp-content\/uploads\/2026\/01\/7NEQUI-300x245.jpg 300w\" sizes=\"(max-width: 500px) 100vw, 500px\" \/><\/figure>\n<\/figure>\n\n\n\n<p>Cada f\u00f3rmula es un equilibrio perfecto entre precisi\u00f3n de laboratorio y arte, con fragancias exclusivas de Alberto Morillas, el genio detr\u00e1s de CK One y Acqua di Gio.<\/p>\n\n\n\n<figure class=\"wp-block-gallery has-nested-images columns-default is-cropped wp-block-gallery-4 is-layout-flex wp-block-gallery-is-layout-flex\">\n<figure class=\"wp-block-image size-large\"><img decoding=\"async\" width=\"500\" height=\"489\" data-id=\"1093433\" src=\"https:\/\/dimensionturistica.com\/es\/wp-content\/uploads\/2026\/01\/5NEQUI.jpg\" alt=\"\" class=\"wp-image-1093433\" srcset=\"https:\/\/dimensionturistica.com\/es\/wp-content\/uploads\/2026\/01\/5NEQUI.jpg 500w, https:\/\/dimensionturistica.com\/es\/wp-content\/uploads\/2026\/01\/5NEQUI-300x293.jpg 300w\" sizes=\"(max-width: 500px) 100vw, 500px\" \/><\/figure>\n<\/figure>\n\n\n\n<p>Por primera vez, tu rutina capilar se transforma en un momento de placer y sofisticaci\u00f3n, gracias a tratamientos veganos, libres de sulfatos y con ingredientes de \u00faltima generaci\u00f3n, dise\u00f1ados para adaptarse a todo tipo de pelo y estilos de vida.<\/p>\n\n\n\n<figure class=\"wp-block-gallery has-nested-images columns-default is-cropped wp-block-gallery-5 is-layout-flex wp-block-gallery-is-layout-flex\">\n<figure class=\"wp-block-image size-large\"><img decoding=\"async\" width=\"500\" height=\"446\" data-id=\"1093434\" src=\"https:\/\/dimensionturistica.com\/es\/wp-content\/uploads\/2026\/01\/2NEQUI.jpg\" alt=\"\" class=\"wp-image-1093434\" srcset=\"https:\/\/dimensionturistica.com\/es\/wp-content\/uploads\/2026\/01\/2NEQUI.jpg 500w, https:\/\/dimensionturistica.com\/es\/wp-content\/uploads\/2026\/01\/2NEQUI-300x268.jpg 300w\" sizes=\"(max-width: 500px) 100vw, 500px\" \/><\/figure>\n<\/figure>\n\n\n\n<p>Lleg\u00f3 la temporada navide\u00f1a y el Glass Hair de Neqi lleg\u00f3 para proteger tu pelo del clima fr\u00edo y seco, mientras deja un efecto espejo digno de sal\u00f3n. Con una rutina que comienza en la ducha, cada hebra recibir\u00e1 el cuidado que necesita para brillar con intensidad.<\/p>\n\n\n\n<p>Paso 1: Repair Reveal Shampoo<\/p>\n\n\n\n<p>Tu rutina comienza con Repair Reveal Shampoo, un champ\u00fa que lleva tu cuidado profesional a casa. Enriquecido con fitoqueratina, nutre y fortalece el pelo mientras lo limpias suavemente, respetando la fibra capilar y el cuero cabelludo. Ideal para pelo estresado, te\u00f1ido o da\u00f1ado, su f\u00f3rmula libre de sulfatos asegura limpieza profunda sin resecar, dejando cada hebra preparada para los siguientes pasos de la rutina.<\/p>\n\n\n\n<figure class=\"wp-block-gallery has-nested-images columns-default is-cropped wp-block-gallery-6 is-layout-flex wp-block-gallery-is-layout-flex\">\n<figure class=\"wp-block-image size-large\"><img decoding=\"async\" width=\"500\" height=\"697\" data-id=\"1093436\" src=\"https:\/\/dimensionturistica.com\/es\/wp-content\/uploads\/2026\/01\/3NEQUI.jpg\" alt=\"\" class=\"wp-image-1093436\" srcset=\"https:\/\/dimensionturistica.com\/es\/wp-content\/uploads\/2026\/01\/3NEQUI.jpg 500w, https:\/\/dimensionturistica.com\/es\/wp-content\/uploads\/2026\/01\/3NEQUI-215x300.jpg 215w\" sizes=\"(max-width: 500px) 100vw, 500px\" \/><\/figure>\n<\/figure>\n\n\n\n<p>Imagen que contiene art\u00edculos, loci\u00f3n, tabla<\/p>\n\n\n\n<p>El contenido generado por IA puede ser incorrecto.<\/p>\n\n\n\n<p>Paso 2: Moisture Mystery Conditioner<\/p>\n\n\n\n<p>Pocos lo dicen, pero tu cuero cabelludo tambi\u00e9n necesita cuidado. Es piel viva: respira, se renueva y define la salud de cada hebra. Con Moisture Mystery Conditioner, hidratar tu pelo nunca fue tan f\u00e1cil. Este acondicionador ligero penetra profundamente sin apelmazar, dejando el pelo suave, manejable y sedoso. Su acci\u00f3n sella la cut\u00edcula, proporciona hidrataci\u00f3n duradera y es apto para todo tipo de pelo: normal, seco, fino o graso.<\/p>\n","protected":false},"excerpt":{"rendered":"<p>Haz que tu cabello luzca full glow esta temporada con Neqi. Dale vida y energ\u00eda a tu pelo con un cuidado que se nota desde la ra\u00edz hasta las puntas. Porque tu cabello tambi\u00e9n merece momentos de shine y fuerza. \u00a1Prep\u00e1rate para sentirlo healthy y lleno de estilo. Neqi tiene la rutina perfecta para lucir [&hellip;]<\/p>\n","protected":false},"author":1,"featured_media":0,"comment_status":"open","ping_status":"closed","sticky":false,"template":"","format":"standard","meta":{"om_disable_all_campaigns":false,"jnews-multi-image_gallery":[],"jnews_single_post":{"format":"standard"},"jnews_primary_category":[],"jnews_social_meta":[],"footnotes":""},"categories":[144872],"tags":[],"class_list":["post-1093426","post","type-post","status-publish","format-standard","hentry","category-fashion"],"_links":{"self":[{"href":"https:\/\/dimensionturistica.com\/es\/wp-json\/wp\/v2\/posts\/1093426","targetHints":{"allow":["GET"]}}],"collection":[{"href":"https:\/\/dimensionturistica.com\/es\/wp-json\/wp\/v2\/posts"}],"about":[{"href":"https:\/\/dimensionturistica.com\/es\/wp-json\/wp\/v2\/types\/post"}],"author":[{"embeddable":true,"href":"https:\/\/dimensionturistica.com\/es\/wp-json\/wp\/v2\/users\/1"}],"replies":[{"embeddable":true,"href":"https:\/\/dimensionturistica.com\/es\/wp-json\/wp\/v2\/comments?post=1093426"}],"version-history":[{"count":1,"href":"https:\/\/dimensionturistica.com\/es\/wp-json\/wp\/v2\/posts\/1093426\/revisions"}],"predecessor-version":[{"id":1093439,"href":"https:\/\/dimensionturistica.com\/es\/wp-json\/wp\/v2\/posts\/1093426\/revisions\/1093439"}],"wp:attachment":[{"href":"https:\/\/dimensionturistica.com\/es\/wp-json\/wp\/v2\/media?parent=1093426"}],"wp:term":[{"taxonomy":"category","embeddable":true,"href":"https:\/\/dimensionturistica.com\/es\/wp-json\/wp\/v2\/categories?post=1093426"},{"taxonomy":"post_tag","embeddable":true,"href":"https:\/\/dimensionturistica.com\/es\/wp-json\/wp\/v2\/tags?post=1093426"}],"curies":[{"name":"wp","href":"https:\/\/api.w.org\/{rel}","templated":true}]}}