{"id":1093281,"date":"2026-01-04T05:11:51","date_gmt":"2026-01-04T05:11:51","guid":{"rendered":"https:\/\/dimensionturistica.com\/es\/?p=1093281"},"modified":"2026-01-04T05:11:51","modified_gmt":"2026-01-04T05:11:51","slug":"hemos-alcanzado-a-transmitir-la-idea-de-que-el-puerto-de-palma-es-poco-acogedor","status":"publish","type":"post","link":"https:\/\/dimensionturistica.com\/es\/hemos-alcanzado-a-transmitir-la-idea-de-que-el-puerto-de-palma-es-poco-acogedor\/","title":{"rendered":"Hemos alcanzado a transmitir la idea de que el puerto de Palma es poco acogedor."},"content":{"rendered":"<h3>Descubriendo la Magia de Cala de Sant Vicen\u00e7: Un Refugio en Mallorca<\/h3>\n<p>Cala de Sant Vicen\u00e7, un rinc\u00f3n cautivador de Mallorca, contin\u00faa siendo uno de los secretos mejor guardados de la isla. Con su asombroso entorno natural y su car\u00e1cter pintoresco, este peque\u00f1o pueblo costero atrae tanto a viajeros frecuentes como a los que buscan una escapada \u00fanica. Entre monta\u00f1as imponentes y aguas turquesas, Cala de Sant Vicen\u00e7 ofrece un refugio perfecto para aquellos que anhelan combinar relax y aventura.<\/p>\n<p>La costa de Cala de Sant Vicen\u00e7 destaca por sus impresionantes acantilados y calas escondidas, que invitan a los visitantes a explorar. Con cinq calas principales, cada una con su propio encanto, los turistas son recibidos por una variedad de opciones para disfrutar del sol, el mar y actividades acu\u00e1ticas. Desde el kayak hasta el snorkel, las aguas cristalinas ofrecen un mundo submarino vibrante y lleno de vida.<\/p>\n<p>Para quienes prefieren la paz de la monta\u00f1a, el entorno natural es ideal para hacer senderismo. Las rutas que serpentean por las colinas circundantes no solo proporcionan vistas impresionantes del Mediterr\u00e1neo, sino que tambi\u00e9n llevan a los exploradores a descubrir la flora y fauna local. Estos senderos presentan una mezcla perfecta entre desaf\u00edo y tranquilidad, recompensando a los aventureros con paisajes que quitan el aliento.<\/p>\n<p>El pueblo mismo atrapa a los visitantes con su encanto mediterr\u00e1neo. Las casas tradicionales, adornadas con bugambilias, ofrecen un vistazo a la vida local, mientras que los peque\u00f1os restaurantes y bares sirven delicias culinarias que incluyentes platos t\u00edpicos de la isla. La gastronom\u00eda de Cala de Sant Vicen\u00e7, que combina ingredientes frescos y locales, es una experiencia que no se puede dejar de lado. Desde platos de pescado reci\u00e9n capturado hasta deliciosas tapas, cada bocado refleja la rica cultura gastron\u00f3mica de Mallorca.<\/p>\n<p>La comunidad aqu\u00ed es c\u00e1lida y acogedora, lo que a\u00f1ade un toque especial a la experiencia de quienes visitan. Participar en festividades locales o simplemente interactuar con los residentes puede enriquecer el viaje. Las tradiciones siguen vivas, y los visitantes a menudo tienen la oportunidad de experimentar en vivo las costumbres mallorquinas, llenas de m\u00fasica, danza y alegr\u00eda.<\/p>\n<p>Cala de Sant Vicen\u00e7 tambi\u00e9n se presenta como un excelente base para explorar el resto de Mallorca. Situada estrat\u00e9gicamente, permite realizar excursiones a otras \u00e1reas emblem\u00e1ticas de la isla. Desde las costas del norte hasta la riqueza hist\u00f3rica de Palma, hay un sinf\u00edn de posibilidades para enganchar a los que deseen conocer m\u00e1s sobre la isla.<\/p>\n<p>En definitiva, Cala de Sant Vicen\u00e7 es un destino que combina belleza natural, aventura, cultura y gastronom\u00eda. Ya sea que busques un retiro tranquilo o una escapada llena de emociones, este rinc\u00f3n de Mallorca promete ofrecer experiencias inolvidables. No hay duda de que, una vez que descubras este para\u00edso, querr\u00e1s regresar una y otra vez. Este a\u00f1o, dale la bienvenida a un nuevo destino en tu lista de viajes y d\u00e9jate seducir por la magia de Cala de Sant Vicen\u00e7.<\/p>\n<p><em> &#8221; Sources www.diariodemallorca.es &#8221; <\/em><\/p>\n","protected":false},"excerpt":{"rendered":"<p>Descubriendo la Magia de Cala de Sant Vicen\u00e7: Un Refugio en Mallorca Cala de Sant Vicen\u00e7, un rinc\u00f3n cautivador de Mallorca, contin\u00faa siendo uno de los secretos mejor guardados de la isla. Con su asombroso entorno natural y su car\u00e1cter pintoresco, este peque\u00f1o pueblo costero atrae tanto a viajeros frecuentes como a los que buscan [&hellip;]<\/p>\n","protected":false},"author":4,"featured_media":1093282,"comment_status":"open","ping_status":"closed","sticky":false,"template":"","format":"standard","meta":{"om_disable_all_campaigns":false,"jnews-multi-image_gallery":[],"jnews_single_post":[],"jnews_primary_category":[],"jnews_social_meta":[],"footnotes":""},"categories":[40],"tags":[1619,137874,2390,129901,20516,214125,6373,262477,10764,1772,991,9049,181896,25371,544,570,545],"class_list":["post-1093281","post","type-post","status-publish","format-standard","has-post-thumbnail","hentry","category-industria","tag-aviba","tag-cale","tag-comunicacion","tag-critica-social","tag-desarrollo-sostenible","tag-fiol","tag-hemos","tag-hostilidad","tag-llegado","tag-mallorca","tag-medio-ambiente","tag-pedro","tag-percepcion-publica","tag-puerto-de-palma","tag-turismo","tag-turistas","tag-viajes"],"_links":{"self":[{"href":"https:\/\/dimensionturistica.com\/es\/wp-json\/wp\/v2\/posts\/1093281","targetHints":{"allow":["GET"]}}],"collection":[{"href":"https:\/\/dimensionturistica.com\/es\/wp-json\/wp\/v2\/posts"}],"about":[{"href":"https:\/\/dimensionturistica.com\/es\/wp-json\/wp\/v2\/types\/post"}],"author":[{"embeddable":true,"href":"https:\/\/dimensionturistica.com\/es\/wp-json\/wp\/v2\/users\/4"}],"replies":[{"embeddable":true,"href":"https:\/\/dimensionturistica.com\/es\/wp-json\/wp\/v2\/comments?post=1093281"}],"version-history":[{"count":1,"href":"https:\/\/dimensionturistica.com\/es\/wp-json\/wp\/v2\/posts\/1093281\/revisions"}],"predecessor-version":[{"id":1093283,"href":"https:\/\/dimensionturistica.com\/es\/wp-json\/wp\/v2\/posts\/1093281\/revisions\/1093283"}],"wp:featuredmedia":[{"embeddable":true,"href":"https:\/\/dimensionturistica.com\/es\/wp-json\/wp\/v2\/media\/1093282"}],"wp:attachment":[{"href":"https:\/\/dimensionturistica.com\/es\/wp-json\/wp\/v2\/media?parent=1093281"}],"wp:term":[{"taxonomy":"category","embeddable":true,"href":"https:\/\/dimensionturistica.com\/es\/wp-json\/wp\/v2\/categories?post=1093281"},{"taxonomy":"post_tag","embeddable":true,"href":"https:\/\/dimensionturistica.com\/es\/wp-json\/wp\/v2\/tags?post=1093281"}],"curies":[{"name":"wp","href":"https:\/\/api.w.org\/{rel}","templated":true}]}}