{"id":1093093,"date":"2026-01-03T17:12:05","date_gmt":"2026-01-03T17:12:05","guid":{"rendered":"https:\/\/dimensionturistica.com\/es\/?p=1093093"},"modified":"2026-01-03T17:12:05","modified_gmt":"2026-01-03T17:12:05","slug":"4-modelos-de-calzado-plano-ideales-para-combinar-con-jeans-rectos-en-la-oficina-este-enero-2026","status":"publish","type":"post","link":"https:\/\/dimensionturistica.com\/es\/4-modelos-de-calzado-plano-ideales-para-combinar-con-jeans-rectos-en-la-oficina-este-enero-2026\/","title":{"rendered":"4 Modelos de calzado plano ideales para combinar con jeans rectos en la oficina este enero 2026"},"content":{"rendered":"<h3>La Combinaci\u00f3n Perfecta: Zapatos Planos y Jeans Rectos para el Entorno Laboral<\/h3>\n<p>En el mundo actual, la moda en la oficina ha dejado de ser sin\u00f3nimo de trajes r\u00edgidos y tacones altos. La versatilidad y el confort est\u00e1n en el centro del escenario, obligando a las tendencias a evolucionar hacia un estilo m\u00e1s pr\u00e1ctico y elegante. Este enero de 2026, una de las combinaciones que est\u00e1 ganando terreno es la fusi\u00f3n de zapatos planos con jeans rectos, un look que redefine la profesionalidad sin sacrificar la comodidad.<\/p>\n<h4>Zapatos Planos: Un Must-Have<\/h4>\n<p>Los zapatos planos han encontrado su lugar en el armario laboral gracias a su comodidad y al aire moderno que aportan. Desde mocasines sofisticados hasta ballerinas chic, la variedad de estilos y dise\u00f1os permite personalizar cada outfit. Al seleccionar un par de zapatos planos, considera aquellos con detalles distintivos, como hebillas o texturas, que a\u00f1aden un toque de originalidad.<\/p>\n<h4>Jeans Rectos: El Cl\u00e1sico Atemporal<\/h4>\n<p>Los jeans rectos son otra pieza fundamental en el armario laboral contempor\u00e1neo. Su corte cl\u00e1sico y favorecedor se adapta a la mayor\u00eda de las figuras, ofreciendo ese equilibrio perfecto entre elegancia y sencillez. Optar por un par de jeans en tonos oscuros puede ayudar a elevar el look, haci\u00e9ndolo m\u00e1s apropiado para el entorno de oficina.<\/p>\n<h4>Conjuntos Para Inspirarte<\/h4>\n<ol>\n<li>\n<p><strong>Look Minimalista<\/strong>: Combina unos jeans rectos en azul marino con unas ballerinas negras y una blusa blanca de seda. Este conjunto limpio y ordenado es ideal para un d\u00eda de reuniones.<\/p>\n<\/li>\n<li>\n<p><strong>Toque Chic<\/strong>: Unos jeans ajustados con un corte recto pueden ser complementados por unos mocasines de cuero con estampado animal. Una blusa de manga larga de color neutro completa el look, ideal para un viernes casual.<\/p>\n<\/li>\n<li>\n<p><strong>Color y Textura<\/strong>: Atr\u00e9vete a experimentar con texturas. Jeans de mezclilla con un ligero acabado desgastado, combinados con un par de zapatos planos en tonos met\u00e1licos y una blusa de lana, brindan un aire contempor\u00e1neo.<\/p>\n<\/li>\n<\/ol>\n<h4>Accesorios que Marcan la Diferencia<\/h4>\n<p>Para redondear el conjunto, los accesorios juegan un papel crucial. Un bolso estructurado puede a\u00f1adir un toque de sofisticaci\u00f3n, mientras que unas joyas delicadas permiten no sobrecargar el outfit. Optar por un reloj estilizado tambi\u00e9n puede hacer que el look se mantenga profesional.<\/p>\n<h4>El Mensaje Clave: Comodidad y Estilo<\/h4>\n<p>La combinaci\u00f3n de zapatos planos y jeans rectos ofrece una soluci\u00f3n pr\u00e1ctica y a la moda para quienes buscan destacar en su entorno laboral. Este enero, la tendencia no es solo una declaraci\u00f3n de estilo, sino un compromiso con el confort. La clave est\u00e1 en elegir sabiamente los colores, texturas y detalles que reflejen la individualidad.<\/p>\n<p>\u00bfListo para transformar tu armario de oficina? \u00a1Es hora de implementar estas ideas y llevar tu estilo al siguiente nivel!<\/p>\n<p><em> &#8221; Fuentes www.vogue.mx &#8221; <\/em><\/p>\n","protected":false},"excerpt":{"rendered":"<p>La Combinaci\u00f3n Perfecta: Zapatos Planos y Jeans Rectos para el Entorno Laboral En el mundo actual, la moda en la oficina ha dejado de ser sin\u00f3nimo de trajes r\u00edgidos y tacones altos. La versatilidad y el confort est\u00e1n en el centro del escenario, obligando a las tendencias a evolucionar hacia un estilo m\u00e1s pr\u00e1ctico y [&hellip;]<\/p>\n","protected":false},"author":14,"featured_media":1093096,"comment_status":"open","ping_status":"closed","sticky":false,"template":"","format":"standard","meta":{"om_disable_all_campaigns":false,"jnews-multi-image_gallery":[],"jnews_single_post":[],"jnews_primary_category":[],"jnews_social_meta":[],"footnotes":""},"categories":[144872],"tags":[40458,228470,7758,16596,201997,262430,659,4568,2182,16753,192847,15320],"class_list":["post-1093093","post","type-post","status-publish","format-standard","has-post-thumbnail","hentry","category-fashion","tag-calzado","tag-enero-2026","tag-estilo","tag-jeans","tag-jeans-rectos","tag-looks-de-trabajo","tag-moda","tag-oficina","tag-tendencias","tag-zapatos","tag-zapatos-planos","tag-zara"],"_links":{"self":[{"href":"https:\/\/dimensionturistica.com\/es\/wp-json\/wp\/v2\/posts\/1093093","targetHints":{"allow":["GET"]}}],"collection":[{"href":"https:\/\/dimensionturistica.com\/es\/wp-json\/wp\/v2\/posts"}],"about":[{"href":"https:\/\/dimensionturistica.com\/es\/wp-json\/wp\/v2\/types\/post"}],"author":[{"embeddable":true,"href":"https:\/\/dimensionturistica.com\/es\/wp-json\/wp\/v2\/users\/14"}],"replies":[{"embeddable":true,"href":"https:\/\/dimensionturistica.com\/es\/wp-json\/wp\/v2\/comments?post=1093093"}],"version-history":[{"count":1,"href":"https:\/\/dimensionturistica.com\/es\/wp-json\/wp\/v2\/posts\/1093093\/revisions"}],"predecessor-version":[{"id":1093097,"href":"https:\/\/dimensionturistica.com\/es\/wp-json\/wp\/v2\/posts\/1093093\/revisions\/1093097"}],"wp:featuredmedia":[{"embeddable":true,"href":"https:\/\/dimensionturistica.com\/es\/wp-json\/wp\/v2\/media\/1093096"}],"wp:attachment":[{"href":"https:\/\/dimensionturistica.com\/es\/wp-json\/wp\/v2\/media?parent=1093093"}],"wp:term":[{"taxonomy":"category","embeddable":true,"href":"https:\/\/dimensionturistica.com\/es\/wp-json\/wp\/v2\/categories?post=1093093"},{"taxonomy":"post_tag","embeddable":true,"href":"https:\/\/dimensionturistica.com\/es\/wp-json\/wp\/v2\/tags?post=1093093"}],"curies":[{"name":"wp","href":"https:\/\/api.w.org\/{rel}","templated":true}]}}