{"id":1093084,"date":"2026-01-03T16:49:12","date_gmt":"2026-01-03T16:49:12","guid":{"rendered":"https:\/\/dimensionturistica.com\/es\/?p=1093084"},"modified":"2026-01-03T16:49:12","modified_gmt":"2026-01-03T16:49:12","slug":"politologo-y-periodista-mexicano-gana-premio-en-el-i-certamen-literario-la-cruz-escribe-en-salamanca-espana","status":"publish","type":"post","link":"https:\/\/dimensionturistica.com\/es\/politologo-y-periodista-mexicano-gana-premio-en-el-i-certamen-literario-la-cruz-escribe-en-salamanca-espana\/","title":{"rendered":"Polit\u00f3logo y periodista mexicano gana premio en el I Certamen Literario \u201cLa Cruz escribe\u201d en Salamanca, Espa\u00f1a"},"content":{"rendered":"\n<figure class=\"wp-block-gallery has-nested-images columns-default is-cropped wp-block-gallery-1 is-layout-flex wp-block-gallery-is-layout-flex\">\n<figure class=\"wp-block-image size-large\"><img decoding=\"async\" width=\"500\" height=\"336\" data-id=\"1093085\" src=\"https:\/\/dimensionturistica.com\/es\/wp-content\/uploads\/2026\/01\/1SALA.jpg\" alt=\"\" class=\"wp-image-1093085\" srcset=\"https:\/\/dimensionturistica.com\/es\/wp-content\/uploads\/2026\/01\/1SALA.jpg 500w, https:\/\/dimensionturistica.com\/es\/wp-content\/uploads\/2026\/01\/1SALA-300x202.jpg 300w\" sizes=\"(max-width: 500px) 100vw, 500px\" \/><\/figure>\n<\/figure>\n\n\n\n<p>El polit\u00f3logo, periodista y escritor mexicano Ulises Carrillo Cabrera fue distinguido con el tercer premio en la categor\u00eda de Relato del primer certamen literario \u201cLa Cruz escribe\u201d, convocado por la Ilustre Cofrad\u00eda de la Santa Vera Cruz de Salamanca, instituci\u00f3n con m\u00e1s de 500 a\u00f1os de historia.<\/p>\n\n\n\n<p>El jurado, integrado por Tom\u00e1s Gonz\u00e1lez Bl\u00e1zquez, Jos\u00e9 Amador Mart\u00edn S\u00e1nchez y Juan Carlos L\u00f3pez Pinto, otorg\u00f3 el reconocimiento a la obra El cuarto clavo, de Carrillo Cabrera. En el acta, destac\u00f3 \u201cel modo de presentar c\u00f3mo la herencia de un legado va construyendo una cofrad\u00eda y se inserta en la vida del cofrade\u201d. El fallo fue adoptado tras valorar la alta calidad literaria de 72 textos participantes de diferentes pa\u00edses y la diversidad de miradas en torno al s\u00edmbolo de la Cruz como experiencia humana, hist\u00f3rica y espiritual.<\/p>\n\n\n\n<p>Originario de&nbsp;Chiapas, M\u00e9xico, y residente en&nbsp;Grasse, Francia, el autor propone en su obra una lectura contempor\u00e1nea del relato cristiano: la idea de un \u201ccuarto clavo\u201d que, m\u00e1s all\u00e1 del episodio b\u00edblico, simboliza a la comunidad y a los v\u00ednculos que sostienen la vida social.&nbsp;<\/p>\n\n\n\n<p>En entrevista, Carrillo subray\u00f3 que el certamen \u201cLa Cruz escribe\u201d tambi\u00e9n es un evento con sentido social. \u201cEl concurso busca dar sentido al trabajo de la Cofrad\u00eda en un momento en el que, a nivel mundial, hay una crisis del tejido social\u201d, se\u00f1al\u00f3.<\/p>\n\n\n\n<p>Para \u00e9l, este concurso adquiere especial relevancia en un contexto global marcado por la fragilidad del tejido social, al reivindicar el valor de la tradici\u00f3n, la pertenencia y la comunidad.<\/p>\n\n\n\n<p>El&nbsp;primer certamen literario \u201cLa Cruz escribe\u201d fue convocado el 18 de agosto de 2025 por la Ilustre Cofrad\u00eda de la Santa Vera Cruz de Salamanca y dio a conocer su fallo el 14 de diciembre, festividad de San Juan de la Cruz, patrono de los poetas en lengua castellana. Adem\u00e1s de la categor\u00eda de Relato, el certamen contempl\u00f3 premios en poes\u00eda y una categor\u00eda infantil.<\/p>\n\n\n\n<p>Con este reconocimiento, Ulises Carrillo Cabrera suma un nuevo hito a una trayectoria profesional marcada por el an\u00e1lisis social, el periodismo y la reflexi\u00f3n cultural, y consolida su incursi\u00f3n reciente en el relato corto, un g\u00e9nero que \u2014ha se\u00f1alado\u2014 aborda como una forma de exploraci\u00f3n creativa y humana.<\/p>\n\n\n\n<figure class=\"wp-block-gallery has-nested-images columns-default is-cropped wp-block-gallery-2 is-layout-flex wp-block-gallery-is-layout-flex\">\n<figure class=\"wp-block-image size-large\"><img decoding=\"async\" width=\"500\" height=\"666\" data-id=\"1093086\" src=\"https:\/\/dimensionturistica.com\/es\/wp-content\/uploads\/2026\/01\/3SALA.jpg\" alt=\"\" class=\"wp-image-1093086\" srcset=\"https:\/\/dimensionturistica.com\/es\/wp-content\/uploads\/2026\/01\/3SALA.jpg 500w, https:\/\/dimensionturistica.com\/es\/wp-content\/uploads\/2026\/01\/3SALA-225x300.jpg 225w\" sizes=\"(max-width: 500px) 100vw, 500px\" \/><\/figure>\n<\/figure>\n\n\n\n<p>En la obra premiada, Carrillo cierne una lectura que va m\u00e1s&nbsp;all\u00e1 de una escena b\u00edblica.<\/p>\n\n\n\n<p>Parte de una pregunta sencilla: si hist\u00f3ricamente se habla de tres clavos en la crucifixi\u00f3n de Jes\u00fas, \u00bfqu\u00e9&nbsp;pasar\u00eda si hubiese habido un cuarto que qued\u00f3 fuera? Para \u00e9l, ese clavo sobrante representa hoy a la comunidad, al conjunto de relaciones que sostiene a la sociedad. \u201cParticipar en una cofrad\u00eda es algo que hacemos todos los d\u00edas\u201d, explica, \u201cnuestros amigos y la vida bien vivida son una especie de cofrad\u00eda. Si la vida y la sociedad tuviera m\u00e1s cofrad\u00edas, o llevaran su esp\u00edritu, tendr\u00edamos un mundo mejor\u201d.<\/p>\n\n\n\n<p>La instituci\u00f3n que otorga el premio es la m\u00e1s antigua de las cofrad\u00edas penitenciales existentes en la ciudad de Salamanca, fundada el en 1506 con el nombre inicial de Cofrad\u00eda de la Santa Cruz. Sus antecedentes se remontan al siglo XVIII.<\/p>\n","protected":false},"excerpt":{"rendered":"<p>El polit\u00f3logo, periodista y escritor mexicano Ulises Carrillo Cabrera fue distinguido con el tercer premio en la categor\u00eda de Relato del primer certamen literario \u201cLa Cruz escribe\u201d, convocado por la Ilustre Cofrad\u00eda de la Santa Vera Cruz de Salamanca, instituci\u00f3n con m\u00e1s de 500 a\u00f1os de historia. El jurado, integrado por Tom\u00e1s Gonz\u00e1lez Bl\u00e1zquez, Jos\u00e9 [&hellip;]<\/p>\n","protected":false},"author":1,"featured_media":0,"comment_status":"open","ping_status":"closed","sticky":false,"template":"","format":"standard","meta":{"om_disable_all_campaigns":false,"jnews-multi-image_gallery":[],"jnews_single_post":[],"jnews_primary_category":[],"jnews_social_meta":[],"footnotes":""},"categories":[40],"tags":[],"class_list":["post-1093084","post","type-post","status-publish","format-standard","hentry","category-industria"],"_links":{"self":[{"href":"https:\/\/dimensionturistica.com\/es\/wp-json\/wp\/v2\/posts\/1093084","targetHints":{"allow":["GET"]}}],"collection":[{"href":"https:\/\/dimensionturistica.com\/es\/wp-json\/wp\/v2\/posts"}],"about":[{"href":"https:\/\/dimensionturistica.com\/es\/wp-json\/wp\/v2\/types\/post"}],"author":[{"embeddable":true,"href":"https:\/\/dimensionturistica.com\/es\/wp-json\/wp\/v2\/users\/1"}],"replies":[{"embeddable":true,"href":"https:\/\/dimensionturistica.com\/es\/wp-json\/wp\/v2\/comments?post=1093084"}],"version-history":[{"count":1,"href":"https:\/\/dimensionturistica.com\/es\/wp-json\/wp\/v2\/posts\/1093084\/revisions"}],"predecessor-version":[{"id":1093087,"href":"https:\/\/dimensionturistica.com\/es\/wp-json\/wp\/v2\/posts\/1093084\/revisions\/1093087"}],"wp:attachment":[{"href":"https:\/\/dimensionturistica.com\/es\/wp-json\/wp\/v2\/media?parent=1093084"}],"wp:term":[{"taxonomy":"category","embeddable":true,"href":"https:\/\/dimensionturistica.com\/es\/wp-json\/wp\/v2\/categories?post=1093084"},{"taxonomy":"post_tag","embeddable":true,"href":"https:\/\/dimensionturistica.com\/es\/wp-json\/wp\/v2\/tags?post=1093084"}],"curies":[{"name":"wp","href":"https:\/\/api.w.org\/{rel}","templated":true}]}}