{"id":1093081,"date":"2026-01-03T16:40:34","date_gmt":"2026-01-03T16:40:34","guid":{"rendered":"https:\/\/dimensionturistica.com\/es\/?p=1093081"},"modified":"2026-01-03T16:40:34","modified_gmt":"2026-01-03T16:40:34","slug":"vestidos-que-marcaran-pauta-en-2026-bohemios-minimalistas-victorianos-y-mas-para-la-temporada-primavera-verano","status":"publish","type":"post","link":"https:\/\/dimensionturistica.com\/es\/vestidos-que-marcaran-pauta-en-2026-bohemios-minimalistas-victorianos-y-mas-para-la-temporada-primavera-verano\/","title":{"rendered":"Vestidos que marcar\u00e1n pauta en 2026: bohemios, minimalistas, victorianos y m\u00e1s para la temporada Primavera-Verano"},"content":{"rendered":"<h3>Deslumbrantes Tendencias en Vestidos para la Temporada Primavera-Verano 2026<\/h3>\n<p>La llegada de la primavera-verano 2026 nos trae un soplo fresco de aire en el \u00e1mbito de la moda, redefiniendo el concepto de lo que significa lucir elegante y moderno en los meses m\u00e1s c\u00e1lidos del a\u00f1o. Los vestidos, siempre protagonistas del armario femenino, vuelven a destacar con una variedad de estilos, cortes y colores que prometen impactar en cada ocasi\u00f3n.<\/p>\n<h4>Colores Vibrantes y Neutrales Sofisticados<\/h4>\n<p>Los tonos de esta temporada presentan una mezcla audaz entre colores vibrantes y una paleta de neutrales sofisticados. Las tonalidades radiantes como el fucsia, el aqua y el amarillo lim\u00f3n han tomado el centro del escenario, perfectas para quienes desean hacer una declaraci\u00f3n de estilo impactante. Alternativamente, los vestidos en tonos pastel ofrecen una elegancia sutil, ideal para eventos m\u00e1s formales o salidas diurnas.<\/p>\n<h4>Cortes Innovadores<\/h4>\n<p>Los cortes de los vestidos para esta temporada son el resultado de una magistral fusi\u00f3n de creatividad y funcionalidad. Los dise\u00f1os asim\u00e9tricos encabezaron las pasarelas, proporcionando una silueta moderna y audaz. Los escotes pronunciados, junto con las aberturas estrat\u00e9gicas, a\u00f1aden un toque sensual, mientras los cortes midi y maxi seguir\u00e1n siendo una elecci\u00f3n popular, combinando comodidad con estilo.<\/p>\n<h4>Estampados que Cautivan<\/h4>\n<p>El mundo del estampado ha tomado un giro emocionante. Desde los cl\u00e1sicos florales reinterpretados en formatos oversized hasta los patrones geom\u00e9tricos que aportan un aire futurista, las opciones son ilimitadas. Los dise\u00f1os abstractos y las ilustraciones art\u00edsticas, que simulan obras de arte, se posicionan como una tendencia clave, permitiendo a cada mujer expresarse a trav\u00e9s de su vestimenta.<\/p>\n<h4>Tejidos Ligeros y Sostenibles<\/h4>\n<p>La sostenibilidad se ha convertido en un pilar fundamental en la confecci\u00f3n de moda. Para esta primavera-verano, los dise\u00f1adores priorizan materiales org\u00e1nicos y ligeros que garantizan comodidad sin sacrificar estilo. Las fibras naturales, como el algod\u00f3n y el lino, se transforman en vestidos fluidos, perfectos para combatir el calor mientras se mantiene una est\u00e9tica chic.<\/p>\n<h4>Accesorios que Elevan el Look<\/h4>\n<p>Un vestido se convierte en una declaraci\u00f3n de intenciones cuando se combina con los accesorios adecuados. Para esta temporada, las cinturas marcadas con cinturones de gran tama\u00f1o, as\u00ed como los pendientes llamativos, son tendencias que prometen realzar cualquier atuendo. Las sandalias de tiras y los zapatos de plataforma no solo aportan confort, sino que tambi\u00e9n se integran a la perfecci\u00f3n con las piezas en tendencia.<\/p>\n<h4>Conclusi\u00f3n<\/h4>\n<p>La moda de primavera-verano 2026 presenta una gama de opciones vibrantes y emocionantes para todos los gustos y estilos. Con vestidos que abarcan desde lo audaz a lo sutil, la capacidad de las mujeres para transformar cada atuendo en un reflejo de su personalidad nunca ha sido tan prometedora. Es hora de explorar, experimentar y encontrar ese vestido perfecto que resaltar\u00e1 la esencia de cada quien, marcando un cap\u00edtulo inolvidable en la historia de la moda.<\/p>\n<p><em> &#8221; Fuentes www.vogue.mx &#8221; <\/em><\/p>\n","protected":false},"excerpt":{"rendered":"<p>Deslumbrantes Tendencias en Vestidos para la Temporada Primavera-Verano 2026 La llegada de la primavera-verano 2026 nos trae un soplo fresco de aire en el \u00e1mbito de la moda, redefiniendo el concepto de lo que significa lucir elegante y moderno en los meses m\u00e1s c\u00e1lidos del a\u00f1o. Los vestidos, siempre protagonistas del armario femenino, vuelven a [&hellip;]<\/p>\n","protected":false},"author":14,"featured_media":1093082,"comment_status":"open","ping_status":"closed","sticky":false,"template":"","format":"standard","meta":{"om_disable_all_campaigns":false,"jnews-multi-image_gallery":[],"jnews_single_post":[],"jnews_primary_category":[],"jnews_social_meta":[],"footnotes":""},"categories":[144872],"tags":[55723,47742,215217,659,66168,230504,2182,47135,262428],"class_list":["post-1093081","post","type-post","status-publish","format-standard","has-post-thumbnail","hentry","category-fashion","tag-55723","tag-boho","tag-minimalistas","tag-moda","tag-primavera-verano","tag-primavera-verano-2026","tag-tendencias","tag-vestidos","tag-victorianos"],"_links":{"self":[{"href":"https:\/\/dimensionturistica.com\/es\/wp-json\/wp\/v2\/posts\/1093081","targetHints":{"allow":["GET"]}}],"collection":[{"href":"https:\/\/dimensionturistica.com\/es\/wp-json\/wp\/v2\/posts"}],"about":[{"href":"https:\/\/dimensionturistica.com\/es\/wp-json\/wp\/v2\/types\/post"}],"author":[{"embeddable":true,"href":"https:\/\/dimensionturistica.com\/es\/wp-json\/wp\/v2\/users\/14"}],"replies":[{"embeddable":true,"href":"https:\/\/dimensionturistica.com\/es\/wp-json\/wp\/v2\/comments?post=1093081"}],"version-history":[{"count":1,"href":"https:\/\/dimensionturistica.com\/es\/wp-json\/wp\/v2\/posts\/1093081\/revisions"}],"predecessor-version":[{"id":1093083,"href":"https:\/\/dimensionturistica.com\/es\/wp-json\/wp\/v2\/posts\/1093081\/revisions\/1093083"}],"wp:featuredmedia":[{"embeddable":true,"href":"https:\/\/dimensionturistica.com\/es\/wp-json\/wp\/v2\/media\/1093082"}],"wp:attachment":[{"href":"https:\/\/dimensionturistica.com\/es\/wp-json\/wp\/v2\/media?parent=1093081"}],"wp:term":[{"taxonomy":"category","embeddable":true,"href":"https:\/\/dimensionturistica.com\/es\/wp-json\/wp\/v2\/categories?post=1093081"},{"taxonomy":"post_tag","embeddable":true,"href":"https:\/\/dimensionturistica.com\/es\/wp-json\/wp\/v2\/tags?post=1093081"}],"curies":[{"name":"wp","href":"https:\/\/api.w.org\/{rel}","templated":true}]}}