{"id":109307,"date":"2021-04-07T21:42:40","date_gmt":"2021-04-07T21:42:40","guid":{"rendered":"https:\/\/dimensionturistica.com\/es\/?p=109307"},"modified":"2021-04-07T21:42:40","modified_gmt":"2021-04-07T21:42:40","slug":"nuevo-debate-en-rosario-acerca-de-la-aplicacion-de-viajes-uber","status":"publish","type":"post","link":"https:\/\/dimensionturistica.com\/es\/nuevo-debate-en-rosario-acerca-de-la-aplicacion-de-viajes-uber\/","title":{"rendered":"Nuevo debate en Rosario acerca de la aplicaci\u00f3n de viajes Uber"},"content":{"rendered":"<p> <br \/>\n<\/p>\n<div>\n<p>La concejala de Juntos por el Cambio,<strong> Germana Figueroa Casas, asegur\u00f3 que <em>\u201cUber puede aportar soluciones para la movilidad de los rosarinos\u201d<\/em>.<\/strong><\/p>\n<p><strong>De este modo propuso que el municipio otorgue un marco regulatorio a la aplicaci\u00f3n.<\/strong><\/p>\n<p>Adem\u00e1s la edila, plante\u00f3 que la empresa pague una tasa que se destine al Fondo Compensador del Transporte.<\/p>\n<p>En el contexto de <a rel=\"nofollow noopener\" target=\"_blank\" href=\"https:\/\/www.impulsonegocios.com\/uber-concejo-municipal-rosario\/\"><strong>la discusi\u00f3n por el arribo de Uber<\/strong> <\/a>a la ciudad, Figueroa Casas, present\u00f3 un proyecto en el Concejo Municipal, que se refiere a <strong>la necesidad de brindar un <a rel=\"nofollow noopener\" target=\"_blank\" href=\"https:\/\/www.impulsonegocios.com\/para-juntos-por-el-cambio-llego-el-momento-de-regular-uber\/\">marco legal a las plataformas<\/a> electr\u00f3nicas<\/strong> utilizadas para celebrar viajes entre particulares.<\/p>\n<p><em><strong>\u201cEs el momento de discutir si queremos Uber o cualquier otra aplicaci\u00f3n.<\/strong> El sistema de transporte de Rosario est\u00e1 en emergencia y los usuarios demandan soluciones inmediatas\u201d<\/em>, expres\u00f3 la referente de JxC.<\/p>\n<p>La legisladora municipal agreg\u00f3: <em>\u201cSabemos los problemas que tienen los vecinos para conseguir un taxi o tomar un colectivo de noche; ni hablar en fechas como Navidad y A\u00f1o Nuevo. Incluso hay barrios adonde el transporte p\u00fablico no llega\u201d.<\/em><\/p>\n<h3>REGULAR LAS PLATAFORMAS ELECTR\u00d3NICAS<\/h3>\n<p>M\u00e1s adelante pormenoriz\u00f3 en el proyecto que present\u00f3 ante el cuerpo deliberativo native.<\/p>\n<p><em><strong>\u201cLa iniciativa busca regular el uso de plataformas electr\u00f3nicas administradas por un Intermediario,<\/strong> mediante el uso de dispositivos m\u00f3viles con sistema de posicionamiento global que conecten conductores con usuarios a cambio de un precio\u201d<\/em>.<\/p>\n<blockquote>\n<p>\u201cEsto le puede dar una soluci\u00f3n complementaria a la movilidad de Rosario\u201d.<\/p>\n<\/blockquote>\n<p>En ese sentido, profundiz\u00f3: <em>\u201cEl desarrollo de aplicaciones m\u00f3viles a trav\u00e9s de plataformas sobre transporte privado<strong> tiene muchos beneficios\u201d.<\/strong><\/em><\/p>\n<p>Seg\u00fan se\u00f1al\u00f3 <em><strong>\u201caporta soluciones para los ciudadanos, contribuye a la movilidad urbana, fomenta la innovaci\u00f3n,ofrece opciones eficientes de consumo<\/strong> que generan bienestar social y un impacto relevante en la din\u00e1mica social\u201d.<\/em><\/p>\n<h3>APPS CON IMPUESTOS<\/h3>\n<p>En tanto, subray\u00f3 que la propuesta establece que las apps- o personas f\u00edsicas que presten el servicio de movilidad- deben pagar una tasa que ser\u00e1 destinada al Fondo Compensador del transporte, entre otros requisitos para funcionar.<\/p>\n<\/div>\n<p><script>\n\t  !function(f,b,e,v,n,t,s)\n\t  {if(f.fbq)return;n=f.fbq=function(){n.callMethod?\n\t  n.callMethod.apply(n,arguments):n.queue.push(arguments)};\n\t  if(!f._fbq)f._fbq=n;n.push=n;n.loaded=!0;n.version='2.0';\n\t  n.queue=[];t=b.createElement(e);t.async=!0;\n\t  t.src=v;s=b.getElementsByTagName(e)[0];\n\t  s.parentNode.insertBefore(t,s)}(window, document,'script',\n\t  'https:\/\/connect.facebook.net\/en_US\/fbevents.js');\n\t  fbq('init', '416424735769548');\n\t  fbq('track', 'PageView');\n\t<\/script><script>(function(d, s, id) {\n  var js, fjs = d.getElementsByTagName(s)[0];\n  if (d.getElementById(id)) return;\n  js = d.createElement(s); js.id = id;\n  js.src = \"https:\/\/connect.facebook.net\/es_LA\/sdk.js#xfbml=1&version=v2.5\";\n  fjs.parentNode.insertBefore(js, fjs);\n}(document, 'script', 'facebook-jssdk'));<\/script><br \/>\n<br \/><\/p>\n<p><em> &#8221; Fuentes www.impulsonegocios.com &#8221; <\/em><\/p>\n","protected":false},"excerpt":{"rendered":"<p>La concejala de Juntos por el Cambio, Germana Figueroa Casas, asegur\u00f3 que \u201cUber puede aportar soluciones para la movilidad de los rosarinos\u201d. De este modo propuso que el municipio otorgue un marco regulatorio a la aplicaci\u00f3n. Adem\u00e1s la edila, plante\u00f3 que la empresa pague una tasa que se destine al Fondo Compensador del Transporte. En [&hellip;]<\/p>\n","protected":false},"author":4,"featured_media":109308,"comment_status":"open","ping_status":"closed","sticky":false,"template":"","format":"standard","meta":{"om_disable_all_campaigns":false,"jnews-multi-image_gallery":[],"jnews_single_post":[],"jnews_primary_category":[],"jnews_social_meta":[],"footnotes":""},"categories":[39],"tags":[],"class_list":["post-109307","post","type-post","status-publish","format-standard","has-post-thumbnail","hentry","category-viajes"],"_links":{"self":[{"href":"https:\/\/dimensionturistica.com\/es\/wp-json\/wp\/v2\/posts\/109307","targetHints":{"allow":["GET"]}}],"collection":[{"href":"https:\/\/dimensionturistica.com\/es\/wp-json\/wp\/v2\/posts"}],"about":[{"href":"https:\/\/dimensionturistica.com\/es\/wp-json\/wp\/v2\/types\/post"}],"author":[{"embeddable":true,"href":"https:\/\/dimensionturistica.com\/es\/wp-json\/wp\/v2\/users\/4"}],"replies":[{"embeddable":true,"href":"https:\/\/dimensionturistica.com\/es\/wp-json\/wp\/v2\/comments?post=109307"}],"version-history":[{"count":0,"href":"https:\/\/dimensionturistica.com\/es\/wp-json\/wp\/v2\/posts\/109307\/revisions"}],"wp:featuredmedia":[{"embeddable":true,"href":"https:\/\/dimensionturistica.com\/es\/wp-json\/wp\/v2\/media\/109308"}],"wp:attachment":[{"href":"https:\/\/dimensionturistica.com\/es\/wp-json\/wp\/v2\/media?parent=109307"}],"wp:term":[{"taxonomy":"category","embeddable":true,"href":"https:\/\/dimensionturistica.com\/es\/wp-json\/wp\/v2\/categories?post=109307"},{"taxonomy":"post_tag","embeddable":true,"href":"https:\/\/dimensionturistica.com\/es\/wp-json\/wp\/v2\/tags?post=109307"}],"curies":[{"name":"wp","href":"https:\/\/api.w.org\/{rel}","templated":true}]}}