{"id":1093054,"date":"2026-01-03T16:14:50","date_gmt":"2026-01-03T16:14:50","guid":{"rendered":"https:\/\/dimensionturistica.com\/es\/?p=1093054"},"modified":"2026-01-03T16:14:50","modified_gmt":"2026-01-03T16:14:50","slug":"premio-suizo-a-proyecto-innovador-para-sillas-de-ruedas-que-involucra-a-alumna-ibero","status":"publish","type":"post","link":"https:\/\/dimensionturistica.com\/es\/premio-suizo-a-proyecto-innovador-para-sillas-de-ruedas-que-involucra-a-alumna-ibero\/","title":{"rendered":"Premio Suizo a Proyecto Innovador para Sillas de Ruedas que Involucra a Alumna IBERO"},"content":{"rendered":"\n<figure class=\"wp-block-gallery has-nested-images columns-default is-cropped wp-block-gallery-1 is-layout-flex wp-block-gallery-is-layout-flex\">\n<figure class=\"wp-block-image size-large\"><img decoding=\"async\" width=\"500\" height=\"214\" data-id=\"1093055\" src=\"https:\/\/dimensionturistica.com\/es\/wp-content\/uploads\/2026\/01\/1IBERO.jpg\" alt=\"\" class=\"wp-image-1093055\" srcset=\"https:\/\/dimensionturistica.com\/es\/wp-content\/uploads\/2026\/01\/1IBERO.jpg 500w, https:\/\/dimensionturistica.com\/es\/wp-content\/uploads\/2026\/01\/1IBERO-300x128.jpg 300w\" sizes=\"(max-width: 500px) 100vw, 500px\" \/><\/figure>\n<\/figure>\n\n\n\n<p>El galard\u00f3n fue entregado por la Embajada de Suiza en M\u00e9xico y Holcim M\u00e9xico, Roche LATAM, Nestl\u00e9 MX y SICPA en los Premios Creadores del Futuro LATAM.<\/p>\n\n\n\n<p>\u201cSi me dieran a elegir una vez m\u00e1s, elegir\u00eda sin pensar a la IBERO\u201d. Son las palabras de Norma Araceli Coral Hern\u00e1ndez, Doctorante en Ciencias de la Ingenier\u00eda de nuestra casa de estudios, quien, junto a un grupo de trabajo, ha sido reconocida con el Premio Suizo a la Innovaci\u00f3n por crear el dispositivo X\u00edimbal.<\/p>\n\n\n\n<p>Es un sistema de propulsi\u00f3n mec\u00e1nica; es decir, una palanca, dise\u00f1ada para ofrecer movilidad accesible, segura y ergon\u00f3mica a personas con limitaciones de desplazamiento o tetraplejia, una par\u00e1lisis que afecta las cuatro extremidades y el tronco causada por lesi\u00f3n o enfermedad en la m\u00e9dula espinal.<\/p>\n\n\n\n<figure class=\"wp-block-gallery has-nested-images columns-default is-cropped wp-block-gallery-2 is-layout-flex wp-block-gallery-is-layout-flex\">\n<figure class=\"wp-block-image size-large\"><img decoding=\"async\" width=\"500\" height=\"285\" data-id=\"1093060\" src=\"https:\/\/dimensionturistica.com\/es\/wp-content\/uploads\/2026\/01\/3IBERO.jpg\" alt=\"\" class=\"wp-image-1093060\" srcset=\"https:\/\/dimensionturistica.com\/es\/wp-content\/uploads\/2026\/01\/3IBERO.jpg 500w, https:\/\/dimensionturistica.com\/es\/wp-content\/uploads\/2026\/01\/3IBERO-300x171.jpg 300w\" sizes=\"(max-width: 500px) 100vw, 500px\" \/><\/figure>\n<\/figure>\n\n\n\n<p>El galard\u00f3n fue entregado por la Embajada de Suiza en M\u00e9xico y Holcim M\u00e9xico, Roche LATAM, Nestl\u00e9 MX y SICPA en el marco de los Premios Creadores del Futuro LATAM durante el STS Forum e InnovaFest 2025, que re\u00fane a l\u00edderes globales en ciencia, tecnolog\u00eda e innovaci\u00f3n.<\/p>\n\n\n\n<p>El Premio Suizo a la Innovaci\u00f3n, por un monto de 200 mil pesos, fue otorgado con la presencia del embajador de Suiza en M\u00e9xico, Pietro Piffaretti; del secretario de Econom\u00eda, Marcelo Ebrard, y de la secretaria de Ciencia, Humanidades, Tecnolog\u00eda e Innovaci\u00f3n, Rosaura Ruiz.<\/p>\n\n\n\n<p>\u00bfC\u00f3mo funciona el dispositivo X\u00edimbal?<\/p>\n\n\n\n<p>Puede ajustarse al desempe\u00f1o f\u00edsico del usuario y permite un mayor aprovechamiento de la fuerza utilizando la fuerza en una sola direcci\u00f3n controlada y dirigida. Adem\u00e1s, facilita la subida en rampas sin comprometer los rangos de hombro, codo y mu\u00f1eca.<\/p>\n\n\n\n<p>Posee un alto potencial industrial y comercial en \u00e1reas tales como:<\/p>\n\n\n\n<p>Industria de dispositivos m\u00e9dicos y rehabilitaci\u00f3n<\/p>\n\n\n\n<p>Centros de investigaci\u00f3n en biom\u00e9dica y ergonom\u00eda<\/p>\n\n\n\n<p>Cl\u00ednicas de rehabilitaci\u00f3n y hospitales<\/p>\n\n\n\n<figure class=\"wp-block-gallery has-nested-images columns-default is-cropped wp-block-gallery-3 is-layout-flex wp-block-gallery-is-layout-flex\">\n<figure class=\"wp-block-image size-large\"><img decoding=\"async\" width=\"345\" height=\"400\" data-id=\"1093063\" src=\"https:\/\/dimensionturistica.com\/es\/wp-content\/uploads\/2026\/01\/4IBERO.jpg\" alt=\"\" class=\"wp-image-1093063\" srcset=\"https:\/\/dimensionturistica.com\/es\/wp-content\/uploads\/2026\/01\/4IBERO.jpg 345w, https:\/\/dimensionturistica.com\/es\/wp-content\/uploads\/2026\/01\/4IBERO-259x300.jpg 259w\" sizes=\"(max-width: 345px) 100vw, 345px\" \/><\/figure>\n<\/figure>\n\n\n\n<p>Se evalu\u00f3 con usuarios reales en ambientes controlados, midiendo par\u00e1metros biom\u00e9dicos en donde los resultados fueron contundentes: menor n\u00famero de movimientos repetitivos, reducci\u00f3n de ritmo cardiaco, de frecuencia respiratoria, de mayor distancia recorrida y menor gasto energ\u00e9tico.<\/p>\n\n\n\n<p>En entrevista con Prensa IBERO, cont\u00f3 que, en el posgrado, desarroll\u00f3 un dispositivo para quienes tienen lesiones cervicales severas y traumatismos en niveles altos. Sus m\u00fasculos para la respiraci\u00f3n resultan afectados y su fuerza queda reducida y o es muy escasa en parte de sus extremidades.<\/p>\n\n\n\n<p>En alg\u00fan momento, Norma us\u00f3 silla de ruedas al no poder moverse con sus propios pies. Esa experiencia, la motiv\u00f3 a seguir con el proyecto. Se uni\u00f3 a un equipo con los mexicanos Ra\u00fal Guill\u00e9n Vel\u00e1squez y Cuitl\u00e1huac Osornio Correa; y a los colombianos, Ana Mar\u00eda V\u00e1zquez Gallegos y Andr\u00e9s Torres Vel\u00e1squez.<\/p>\n\n\n\n<p>Juntos, dise\u00f1aron experimentos, modelos matem\u00e1ticos y tridimensionales, as\u00ed como la manufactura del prototipo, con un costo menor a los 280 d\u00f3lares, entre 10 y 16 veces m\u00e1s accesible que otras alternativas, logrando que se ajuste a la fuerza y a la optimizaci\u00f3n de la propulsi\u00f3n de una silla de ruedas.<\/p>\n\n\n\n<p>Este a\u00f1o, con el apoyo de la IBERO y las universidades IEA y CES, X\u00edimbal obtuvo dos patentes en M\u00e9xico y Colombia. Para obtener el premio, la Embajada y el sector privado de Suiza en M\u00e9xico tomaron en cuenta criterios t\u00e9cnicos y de calidad del producto, escalabilidad e impacto social.<\/p>\n\n\n\n<p>\u00bfCu\u00e1ntas personas necesitan de silla de ruedas en el mundo?<\/p>\n\n\n\n<figure class=\"wp-block-gallery has-nested-images columns-default is-cropped wp-block-gallery-4 is-layout-flex wp-block-gallery-is-layout-flex\">\n<figure class=\"wp-block-image size-large\"><img decoding=\"async\" width=\"500\" height=\"515\" data-id=\"1093064\" src=\"https:\/\/dimensionturistica.com\/es\/wp-content\/uploads\/2026\/01\/6IBERO.jpg\" alt=\"\" class=\"wp-image-1093064\" srcset=\"https:\/\/dimensionturistica.com\/es\/wp-content\/uploads\/2026\/01\/6IBERO.jpg 500w, https:\/\/dimensionturistica.com\/es\/wp-content\/uploads\/2026\/01\/6IBERO-291x300.jpg 291w\" sizes=\"(max-width: 500px) 100vw, 500px\" \/><\/figure>\n<\/figure>\n\n\n\n<p>La OMS calcula que 80 millones de personas necesitan de una silla de ruedas, ya sea por hechos violentos, ca\u00eddas, accidentes viales o enfermedades degenerativas. La falta de una prescripci\u00f3n m\u00e9dica puede provocar lesiones secundarias que agraven su condici\u00f3n inicial hasta en un 80%.<\/p>\n\n\n\n<p>Para comprender a fondo esta problem\u00e1tica, Norma realiz\u00f3 con su equipo la caracterizaci\u00f3n de ocho grupos de usuarios que presentaron mayor debilidad en el tren superior, ausencia de agarre y dificultades respiratorias, debido al da\u00f1o en los m\u00fasculos accesorios para la respiraci\u00f3n.<\/p>\n\n\n\n<p>Un aspecto que convenci\u00f3 al jurado fue el objetivo de democratizarlo a personas con tetraplejia o que enfrentan barreras muy severas de movilidad y de independencia. En el mundo, solo el 15% tiene acceso a una silla de ruedas y la mayor\u00eda de ellas no se ajusta a sus capacidades f\u00edsicas.<\/p>\n\n\n\n<p>X\u00edimbal \u2013palabra maya que significa andar, pasear o caminar\u2014, busca brindar una mejor calidad de vida a personas que usan silla de ruedas y atender esta necesidad b\u00e1sica a un grupo hist\u00f3ricamente excluido. El siguiente paso es que llegue a manos de quienes m\u00e1s lo necesitan.<\/p>\n","protected":false},"excerpt":{"rendered":"<p>El galard\u00f3n fue entregado por la Embajada de Suiza en M\u00e9xico y Holcim M\u00e9xico, Roche LATAM, Nestl\u00e9 MX y SICPA en los Premios Creadores del Futuro LATAM. \u201cSi me dieran a elegir una vez m\u00e1s, elegir\u00eda sin pensar a la IBERO\u201d. Son las palabras de Norma Araceli Coral Hern\u00e1ndez, Doctorante en Ciencias de la Ingenier\u00eda [&hellip;]<\/p>\n","protected":false},"author":1,"featured_media":0,"comment_status":"open","ping_status":"closed","sticky":false,"template":"","format":"standard","meta":{"om_disable_all_campaigns":false,"jnews-multi-image_gallery":[],"jnews_single_post":[],"jnews_primary_category":[],"jnews_social_meta":[],"footnotes":""},"categories":[40],"tags":[],"class_list":["post-1093054","post","type-post","status-publish","format-standard","hentry","category-industria"],"_links":{"self":[{"href":"https:\/\/dimensionturistica.com\/es\/wp-json\/wp\/v2\/posts\/1093054","targetHints":{"allow":["GET"]}}],"collection":[{"href":"https:\/\/dimensionturistica.com\/es\/wp-json\/wp\/v2\/posts"}],"about":[{"href":"https:\/\/dimensionturistica.com\/es\/wp-json\/wp\/v2\/types\/post"}],"author":[{"embeddable":true,"href":"https:\/\/dimensionturistica.com\/es\/wp-json\/wp\/v2\/users\/1"}],"replies":[{"embeddable":true,"href":"https:\/\/dimensionturistica.com\/es\/wp-json\/wp\/v2\/comments?post=1093054"}],"version-history":[{"count":1,"href":"https:\/\/dimensionturistica.com\/es\/wp-json\/wp\/v2\/posts\/1093054\/revisions"}],"predecessor-version":[{"id":1093065,"href":"https:\/\/dimensionturistica.com\/es\/wp-json\/wp\/v2\/posts\/1093054\/revisions\/1093065"}],"wp:attachment":[{"href":"https:\/\/dimensionturistica.com\/es\/wp-json\/wp\/v2\/media?parent=1093054"}],"wp:term":[{"taxonomy":"category","embeddable":true,"href":"https:\/\/dimensionturistica.com\/es\/wp-json\/wp\/v2\/categories?post=1093054"},{"taxonomy":"post_tag","embeddable":true,"href":"https:\/\/dimensionturistica.com\/es\/wp-json\/wp\/v2\/tags?post=1093054"}],"curies":[{"name":"wp","href":"https:\/\/api.w.org\/{rel}","templated":true}]}}