{"id":1093038,"date":"2026-01-03T15:39:44","date_gmt":"2026-01-03T15:39:44","guid":{"rendered":"https:\/\/dimensionturistica.com\/es\/?p=1093038"},"modified":"2026-01-03T15:39:44","modified_gmt":"2026-01-03T15:39:44","slug":"conoce-los-miradores-imperdibles-de-valle-de-bravo-que-haran-brillar-tus-fotos-y-tus-aventuras","status":"publish","type":"post","link":"https:\/\/dimensionturistica.com\/es\/conoce-los-miradores-imperdibles-de-valle-de-bravo-que-haran-brillar-tus-fotos-y-tus-aventuras\/","title":{"rendered":"Conoce los miradores imperdibles de Valle de Bravo que har\u00e1n brillar tus fotos y tus aventuras"},"content":{"rendered":"\n<figure class=\"wp-block-gallery has-nested-images columns-default is-cropped wp-block-gallery-1 is-layout-flex wp-block-gallery-is-layout-flex\">\n<figure class=\"wp-block-image size-large\"><img decoding=\"async\" width=\"500\" height=\"104\" data-id=\"1093039\" src=\"https:\/\/dimensionturistica.com\/es\/wp-content\/uploads\/2026\/01\/1VALLE.jpg\" alt=\"\" class=\"wp-image-1093039\" srcset=\"https:\/\/dimensionturistica.com\/es\/wp-content\/uploads\/2026\/01\/1VALLE.jpg 500w, https:\/\/dimensionturistica.com\/es\/wp-content\/uploads\/2026\/01\/1VALLE-300x62.jpg 300w\" sizes=\"(max-width: 500px) 100vw, 500px\" \/><\/figure>\n<\/figure>\n\n\n\n<p>Valle de Bravo vuelve a sorprender con sus escenarios naturales que conquistan a viajeros y amantes de la aventura. Este Pueblo M\u00e1gico, reconocido por su oferta de actividades extremas, experiencias naturales y su atm\u00f3sfera llena de tranquilidad, es el destino ideal para una escapada de fin de semana.<\/p>\n\n\n\n<figure class=\"wp-block-gallery has-nested-images columns-default is-cropped wp-block-gallery-2 is-layout-flex wp-block-gallery-is-layout-flex\">\n<figure class=\"wp-block-image size-large\"><img decoding=\"async\" width=\"500\" height=\"333\" data-id=\"1093040\" src=\"https:\/\/dimensionturistica.com\/es\/wp-content\/uploads\/2026\/01\/2VALLE.jpg\" alt=\"\" class=\"wp-image-1093040\" srcset=\"https:\/\/dimensionturistica.com\/es\/wp-content\/uploads\/2026\/01\/2VALLE.jpg 500w, https:\/\/dimensionturistica.com\/es\/wp-content\/uploads\/2026\/01\/2VALLE-300x200.jpg 300w\" sizes=\"(max-width: 500px) 100vw, 500px\" \/><\/figure>\n<\/figure>\n\n\n\n<p>Aqu\u00ed podr\u00e1s disfrutar desde parapente, ciclismo de monta\u00f1a y deportes acu\u00e1ticos en su lago, hasta recorridos por cascadas, santuarios de la mariposa monarca y rincones llenos de tradici\u00f3n. Pero hay una experiencia que combina bienestar, adrenalina ligera y conexi\u00f3n total con la naturaleza: el senderismo hacia sus espectaculares miradores.<\/p>\n\n\n\n<p>Valle de Bravo ofrece caminatas que llevan a panor\u00e1micas inolvidables, donde el paisaje, la arquitectura local y el lago se unen en vistas que conquistan inmediatamente a los visitantes. Estos son tres miradores que no te puedes perder:<\/p>\n\n\n\n<figure class=\"wp-block-gallery has-nested-images columns-default is-cropped wp-block-gallery-3 is-layout-flex wp-block-gallery-is-layout-flex\">\n<figure class=\"wp-block-image size-large\"><img decoding=\"async\" width=\"500\" height=\"375\" data-id=\"1093041\" src=\"https:\/\/dimensionturistica.com\/es\/wp-content\/uploads\/2026\/01\/3VALLE-1.jpg\" alt=\"\" class=\"wp-image-1093041\" srcset=\"https:\/\/dimensionturistica.com\/es\/wp-content\/uploads\/2026\/01\/3VALLE-1.jpg 500w, https:\/\/dimensionturistica.com\/es\/wp-content\/uploads\/2026\/01\/3VALLE-1-300x225.jpg 300w\" sizes=\"(max-width: 500px) 100vw, 500px\" \/><\/figure>\n<\/figure>\n\n\n\n<p>Empezamos con La Pe\u00f1a, un hermoso mirador cuyo origen se remonta a la \u00e9poca prehisp\u00e1nica, pues se piensa que los antiguos habitantes acud\u00edan a este sitio para efectuar rituales terap\u00e9uticos en los temazcales que se han encontrado en el pe\u00f1asco. De ah\u00ed tambi\u00e9n proviene el nombre antiguo de la poblaci\u00f3n: San Francisco del Valle de Temascaltepec. El recorrido es apto para todas las edades, sin embargo, debes tener en cuenta que las pendientes son prolongadas y rocosas, lo que demanda cierta condici\u00f3n y habilidad f\u00edsica.<\/p>\n\n\n\n<p>Otra opci\u00f3n interesante es El Mirador Cruz de Misi\u00f3n, un punto panor\u00e1mico popular que ofrece vistas espectaculares del pueblo y el lago, y que es accesible a pie a trav\u00e9s de un camino que ofrece un ambiente natural y tranquilo, siendo un lugar ideal para disfrutar de la naturaleza y tomar fotos impresionantes, cerca de la zona de la misi\u00f3n. Esta cruz de Misi\u00f3n se construy\u00f3, el 29 de mayo de 1869, en memoria de los padres misioneros. El 25 de junio de 1947 un rayo la derrib\u00f3 y fue reconstruida el 25 de febrero de 1948. Debido a un incidente, la cruz nuevamente fue restaurada.<\/p>\n\n\n\n<p>Una alternativa m\u00e1s es el Mirador La Torre, tambi\u00e9n conocida como \u201cTorre del guardabosque\u201d en esta \u00e1rea natural protegida se practica el vuelo en ala delta y parapente, aunque tambi\u00e9n puedes hacer actividades en tierra, ya que cuenta con una zona deportiva y alrededor de 20 kil\u00f3metros de senderos para caminar, correr o andar en bicicleta de monta\u00f1a.<\/p>\n\n\n\n<figure class=\"wp-block-gallery has-nested-images columns-default is-cropped wp-block-gallery-4 is-layout-flex wp-block-gallery-is-layout-flex\">\n<figure class=\"wp-block-image size-large\"><img decoding=\"async\" width=\"500\" height=\"333\" data-id=\"1093042\" src=\"https:\/\/dimensionturistica.com\/es\/wp-content\/uploads\/2026\/01\/4VALLE.jpg\" alt=\"\" class=\"wp-image-1093042\" srcset=\"https:\/\/dimensionturistica.com\/es\/wp-content\/uploads\/2026\/01\/4VALLE.jpg 500w, https:\/\/dimensionturistica.com\/es\/wp-content\/uploads\/2026\/01\/4VALLE-300x200.jpg 300w\" sizes=\"(max-width: 500px) 100vw, 500px\" \/><\/figure>\n<\/figure>\n\n\n\n<p>Entre los servicios adicionales que encontrar\u00e1s en esta reserva est\u00e1n la renta de caba\u00f1as, \u00e1rea de campamento y sanitarios, haciendo de un sitio seguro y apto para todas las edades.<\/p>\n\n\n\n<p>Recuerda que, para este tipo de experiencias, es importante llevar ropa adecuada, calzado c\u00f3modo, binoculares, protecci\u00f3n solar, celular o c\u00e1mara para capturar cada paisaje, agua y snacks.<\/p>\n\n\n\n<figure class=\"wp-block-gallery has-nested-images columns-default is-cropped wp-block-gallery-5 is-layout-flex wp-block-gallery-is-layout-flex\">\n<figure class=\"wp-block-image size-large\"><img decoding=\"async\" width=\"500\" height=\"548\" data-id=\"1093043\" src=\"https:\/\/dimensionturistica.com\/es\/wp-content\/uploads\/2026\/01\/6VALLE.jpg\" alt=\"\" class=\"wp-image-1093043\" srcset=\"https:\/\/dimensionturistica.com\/es\/wp-content\/uploads\/2026\/01\/6VALLE.jpg 500w, https:\/\/dimensionturistica.com\/es\/wp-content\/uploads\/2026\/01\/6VALLE-274x300.jpg 274w\" sizes=\"(max-width: 500px) 100vw, 500px\" \/><\/figure>\n<\/figure>\n\n\n\n<p>Valle de Bravo sigue posicion\u00e1ndose como el destino ideal para realizar actividades de aventura y naturaleza, aqu\u00ed se viven experiencias incre\u00edbles con el contacto hacia la naturaleza, la conexi\u00f3n con su tierra y sobre todo sacar la adrenalina para vivir momentos que quedar\u00e1n para siempre en tu mente.<\/p>\n","protected":false},"excerpt":{"rendered":"<p>Valle de Bravo vuelve a sorprender con sus escenarios naturales que conquistan a viajeros y amantes de la aventura. Este Pueblo M\u00e1gico, reconocido por su oferta de actividades extremas, experiencias naturales y su atm\u00f3sfera llena de tranquilidad, es el destino ideal para una escapada de fin de semana. Aqu\u00ed podr\u00e1s disfrutar desde parapente, ciclismo de [&hellip;]<\/p>\n","protected":false},"author":1,"featured_media":0,"comment_status":"open","ping_status":"closed","sticky":false,"template":"","format":"standard","meta":{"om_disable_all_campaigns":false,"jnews-multi-image_gallery":[],"jnews_single_post":{"format":"standard"},"jnews_primary_category":[],"jnews_social_meta":[],"footnotes":""},"categories":[39],"tags":[],"class_list":["post-1093038","post","type-post","status-publish","format-standard","hentry","category-viajes"],"_links":{"self":[{"href":"https:\/\/dimensionturistica.com\/es\/wp-json\/wp\/v2\/posts\/1093038","targetHints":{"allow":["GET"]}}],"collection":[{"href":"https:\/\/dimensionturistica.com\/es\/wp-json\/wp\/v2\/posts"}],"about":[{"href":"https:\/\/dimensionturistica.com\/es\/wp-json\/wp\/v2\/types\/post"}],"author":[{"embeddable":true,"href":"https:\/\/dimensionturistica.com\/es\/wp-json\/wp\/v2\/users\/1"}],"replies":[{"embeddable":true,"href":"https:\/\/dimensionturistica.com\/es\/wp-json\/wp\/v2\/comments?post=1093038"}],"version-history":[{"count":1,"href":"https:\/\/dimensionturistica.com\/es\/wp-json\/wp\/v2\/posts\/1093038\/revisions"}],"predecessor-version":[{"id":1093044,"href":"https:\/\/dimensionturistica.com\/es\/wp-json\/wp\/v2\/posts\/1093038\/revisions\/1093044"}],"wp:attachment":[{"href":"https:\/\/dimensionturistica.com\/es\/wp-json\/wp\/v2\/media?parent=1093038"}],"wp:term":[{"taxonomy":"category","embeddable":true,"href":"https:\/\/dimensionturistica.com\/es\/wp-json\/wp\/v2\/categories?post=1093038"},{"taxonomy":"post_tag","embeddable":true,"href":"https:\/\/dimensionturistica.com\/es\/wp-json\/wp\/v2\/tags?post=1093038"}],"curies":[{"name":"wp","href":"https:\/\/api.w.org\/{rel}","templated":true}]}}