{"id":1093025,"date":"2026-01-03T15:17:37","date_gmt":"2026-01-03T15:17:37","guid":{"rendered":"https:\/\/dimensionturistica.com\/es\/?p=1093025"},"modified":"2026-01-03T15:17:37","modified_gmt":"2026-01-03T15:17:37","slug":"american-airlines-lanza-una-nueva-ruta-estacional-de-queretaro-a-chicago","status":"publish","type":"post","link":"https:\/\/dimensionturistica.com\/es\/american-airlines-lanza-una-nueva-ruta-estacional-de-queretaro-a-chicago\/","title":{"rendered":"American Airlines lanza una nueva ruta estacional de Quer\u00e9taro a Chicago"},"content":{"rendered":"\n<figure class=\"wp-block-gallery has-nested-images columns-default is-cropped wp-block-gallery-1 is-layout-flex wp-block-gallery-is-layout-flex\">\n<figure class=\"wp-block-image size-large\"><img decoding=\"async\" width=\"500\" height=\"166\" data-id=\"1093026\" src=\"https:\/\/dimensionturistica.com\/es\/wp-content\/uploads\/2026\/01\/3AMERICAN.jpg\" alt=\"\" class=\"wp-image-1093026\" srcset=\"https:\/\/dimensionturistica.com\/es\/wp-content\/uploads\/2026\/01\/3AMERICAN.jpg 500w, https:\/\/dimensionturistica.com\/es\/wp-content\/uploads\/2026\/01\/3AMERICAN-300x100.jpg 300w\" sizes=\"(max-width: 500px) 100vw, 500px\" \/><\/figure>\n<\/figure>\n\n\n\n<p>American Airlines ha lanzado una nueva ruta estacional desde el Aeropuerto Internacional O&#8217;Hare de Chicago (ORD) al Aeropuerto Internacional de Quer\u00e9taro (QRO), que operar\u00e1 durante la temporada alta de vacaciones, desde el 19 de diciembre de 2025 hasta el 13 de enero de 2026.<\/p>\n\n\n\n<p>La ruta estacional operar\u00e1 con un Boeing 737 con capacidad para 172 pasajeros.<\/p>\n\n\n\n<p>\u201cAhora que nos acercamos a la temporada navide\u00f1a, estamos muy contentos de ampliar nuestra presencia en Quer\u00e9taro con el lanzamiento de un nuevo servicio a Chicago. Esta incorporaci\u00f3n ofrece a nuestros clientes opciones a\u00fan m\u00e1s c\u00f3modas para viajar a Estados Unidos durante este periodo con mucha actividad\u201d, afirm\u00f3 Jos\u00e9 Mar\u00eda Giraldo, director general de Operaciones para M\u00e9xico, el Caribe, Canad\u00e1 y Centroam\u00e9rica. \u201cDesde Chicago, los viajeros pueden conectar f\u00e1cilmente con m\u00e1s de 160 destinos en todo el mundo, gracias a los m\u00e1s de 465 vuelos diarios en temporada alta\u201d<\/p>\n\n\n\n<figure class=\"wp-block-gallery has-nested-images columns-default is-cropped wp-block-gallery-2 is-layout-flex wp-block-gallery-is-layout-flex\">\n<figure class=\"wp-block-image size-large\"><img decoding=\"async\" width=\"510\" height=\"278\" data-id=\"1093027\" src=\"https:\/\/dimensionturistica.com\/es\/wp-content\/uploads\/2026\/01\/1AMERICAN.jpg\" alt=\"\" class=\"wp-image-1093027\" srcset=\"https:\/\/dimensionturistica.com\/es\/wp-content\/uploads\/2026\/01\/1AMERICAN.jpg 510w, https:\/\/dimensionturistica.com\/es\/wp-content\/uploads\/2026\/01\/1AMERICAN-300x164.jpg 300w\" sizes=\"(max-width: 510px) 100vw, 510px\" \/><\/figure>\n<\/figure>\n\n\n\n<p><strong>Horarios ORD<\/strong><strong>&nbsp;&#8211; QRO<\/strong><\/p>\n\n\n\n<figure class=\"wp-block-table\"><table class=\"has-fixed-layout\"><tbody><tr><td><strong>Ruta<\/strong><strong><\/strong><\/td><td><strong>Notas del servicio<\/strong><strong><\/strong><\/td><td><strong>Salida<\/strong><\/td><td><strong>Llegada<\/strong><\/td><td><strong>Aeronave<\/strong><\/td><\/tr><tr><td>ORD QRO<\/td><td rowspan=\"2\">El servicio estacional opera del 18 de diciembre de 2025 al 13 de enero de 2026.<\/td><td>5:25 p.m.<\/td><td>9:41 p.m.<\/td><td rowspan=\"2\">Boeing 737<\/td><\/tr><tr><td>QRO ORD<\/td><td>6:45 a.m.<\/td><td>10:40 a.m.<\/td><\/tr><\/tbody><\/table><\/figure>\n\n\n\n<p>Centro de operaciones de American en Chicago<\/p>\n\n\n\n<p>El centro de operaciones de American en el Aeropuerto Internacional O&#8217;Hare de Chicago es la cuarta puerta de entrada m\u00e1s grande de la aerol\u00ednea, y ofrece a los clientes acceso a m\u00e1s de 465 vuelos diarios en horas punta a m\u00e1s de 160 destinos, entre los que se incluyen Londres (LHR), Toronto (YYZ) y Montreal (YUL). American ha a\u00f1adido m\u00e1s de 20 nuevos destinos desde ORD este a\u00f1o y ha mejorado la experiencia de viaje al incluir ofertas de cabina premium en todos los vuelos hacia y desde Chicago.<\/p>\n\n\n\n<p><\/p>\n","protected":false},"excerpt":{"rendered":"<p>American Airlines ha lanzado una nueva ruta estacional desde el Aeropuerto Internacional O&#8217;Hare de Chicago (ORD) al Aeropuerto Internacional de Quer\u00e9taro (QRO), que operar\u00e1 durante la temporada alta de vacaciones, desde el 19 de diciembre de 2025 hasta el 13 de enero de 2026. La ruta estacional operar\u00e1 con un Boeing 737 con capacidad para [&hellip;]<\/p>\n","protected":false},"author":1,"featured_media":0,"comment_status":"open","ping_status":"closed","sticky":false,"template":"","format":"standard","meta":{"om_disable_all_campaigns":false,"jnews-multi-image_gallery":[],"jnews_single_post":{"format":"standard"},"jnews_primary_category":[],"jnews_social_meta":[],"footnotes":""},"categories":[39],"tags":[],"class_list":["post-1093025","post","type-post","status-publish","format-standard","hentry","category-viajes"],"_links":{"self":[{"href":"https:\/\/dimensionturistica.com\/es\/wp-json\/wp\/v2\/posts\/1093025","targetHints":{"allow":["GET"]}}],"collection":[{"href":"https:\/\/dimensionturistica.com\/es\/wp-json\/wp\/v2\/posts"}],"about":[{"href":"https:\/\/dimensionturistica.com\/es\/wp-json\/wp\/v2\/types\/post"}],"author":[{"embeddable":true,"href":"https:\/\/dimensionturistica.com\/es\/wp-json\/wp\/v2\/users\/1"}],"replies":[{"embeddable":true,"href":"https:\/\/dimensionturistica.com\/es\/wp-json\/wp\/v2\/comments?post=1093025"}],"version-history":[{"count":1,"href":"https:\/\/dimensionturistica.com\/es\/wp-json\/wp\/v2\/posts\/1093025\/revisions"}],"predecessor-version":[{"id":1093028,"href":"https:\/\/dimensionturistica.com\/es\/wp-json\/wp\/v2\/posts\/1093025\/revisions\/1093028"}],"wp:attachment":[{"href":"https:\/\/dimensionturistica.com\/es\/wp-json\/wp\/v2\/media?parent=1093025"}],"wp:term":[{"taxonomy":"category","embeddable":true,"href":"https:\/\/dimensionturistica.com\/es\/wp-json\/wp\/v2\/categories?post=1093025"},{"taxonomy":"post_tag","embeddable":true,"href":"https:\/\/dimensionturistica.com\/es\/wp-json\/wp\/v2\/tags?post=1093025"}],"curies":[{"name":"wp","href":"https:\/\/api.w.org\/{rel}","templated":true}]}}