{"id":1092850,"date":"2026-01-03T02:45:34","date_gmt":"2026-01-03T02:45:34","guid":{"rendered":"https:\/\/dimensionturistica.com\/es\/?p=1092850"},"modified":"2026-01-03T02:45:35","modified_gmt":"2026-01-03T02:45:35","slug":"20-estilos-de-corte-bob-cuadrado-para-lucir-fabulous-en-el-2026","status":"publish","type":"post","link":"https:\/\/dimensionturistica.com\/es\/20-estilos-de-corte-bob-cuadrado-para-lucir-fabulous-en-el-2026\/","title":{"rendered":"20 Estilos de Corte Bob Cuadrado para Lucir Fabulous en el 2026"},"content":{"rendered":"<h3>El Bob Corto: Un Corte Cl\u00e1sico que Vuelve a Brillar en 2026<\/h3>\n<p>El corte de cabello bob ha sido un favorito en el mundo de la moda durante d\u00e9cadas, y en este inicio de 2026, vuelve a tomar el centro del escenario con una versatilidad que sorprende. Este estilo, que combina modernidad con un toque cl\u00e1sico, se presenta en diversas versiones que se adaptan a cada personalidad y rostro, permitiendo que cada quien encuentre su interpretaci\u00f3n \u00fanica de este ic\u00f3nico look.<\/p>\n<h4>Estilos que Marcan Tendencia<\/h4>\n<p>Una de las caracter\u00edsticas m\u00e1s emocionantes del bob corto es su adaptabilidad. Desde un bob asim\u00e9trico hasta uno m\u00e1s estructurado y geom\u00e9trico, las opciones son infinitas. Este a\u00f1o, los estilistas han dado un paso m\u00e1s all\u00e1, incorporando capas sutiles que no solo a\u00f1aden movimiento, sino que tambi\u00e9n aportan volumen. Esta t\u00e9cnica es ideal para quienes buscan un aspecto m\u00e1s desenfadado sin sacrificar la elegancia.<\/p>\n<h4>Colores que Inspiran<\/h4>\n<p>La paleta de colores para los bobs de 2026 es igualmente refrescante. Desde los tonos pastel hasta los m\u00e1s atrevidos como el platino o el rosa fuerte, la coloraci\u00f3n puede elevar radicalmente un bob cl\u00e1sico. Este a\u00f1o, tambi\u00e9n se observa un regreso a las t\u00e9cnicas de balayage y babylights que aportan luminosidad y dimensi\u00f3n al cabello, creando un efecto solar perfecto para cualquier ocasi\u00f3n.<\/p>\n<h4>Accesorios: El Toque Final<\/h4>\n<p>Los accesorios para el cabello son el complemento ideal para realzar un bob corto. Diademas, clips y cintas ofrecen infinitas posibilidades para personalizar el estilo. En este momento, los accesorios met\u00e1licos y los tejidos sutiles est\u00e1n en tendencia, permitiendo que el look se vuelva vers\u00e1til, ya sea para una reuni\u00f3n de trabajo o una salida nocturna.<\/p>\n<h4>C\u00f3mo Cuidar el Corte<\/h4>\n<p>Mantener la frescura de un bob corto requiere atenci\u00f3n. Un buen corte puede durar meses si se cuida adecuadamente. Los productos de styling son fundamentales para conseguir el acabado deseado. Espumas texturizadoras y sprays de brillo no solo ayudan a mantener el estilo durante el d\u00eda, sino que tambi\u00e9n protegen el cabello de da\u00f1o ambiental.<\/p>\n<h4>El Impacto de un Cambio<\/h4>\n<p>Adoptar un bob corto es m\u00e1s que un simple cambio de look. Para muchas, es un acto de empoderamiento que refleja confianza y audacia. Este estilo simboliza una afirmaci\u00f3n de libertad y autenticidad, ideal para quienes buscan expresar su personalidad de una manera fresca y moderna.<\/p>\n<h3>Conclusi\u00f3n<\/h3>\n<p>Este 2026, el bob corto se presenta como una tendencia que combina elegancia, frescura y adaptabilidad. Ya sea con un toque de color vibrante o acompa\u00f1ado de los accesorios m\u00e1s modernos, este corte sigue siendo un referente en el mundo de la moda. La clave est\u00e1 en explorar todas las posibilidades que ofrece y, sobre todo, disfrutar del proceso de transformaci\u00f3n personal que conlleva. \u00a1Atr\u00e9vete a reinventarte!<\/p>\n<p><em> &#8221; Fuentes www.vogue.mx &#8221; <\/em><\/p>\n","protected":false},"excerpt":{"rendered":"<p>El Bob Corto: Un Corte Cl\u00e1sico que Vuelve a Brillar en 2026 El corte de cabello bob ha sido un favorito en el mundo de la moda durante d\u00e9cadas, y en este inicio de 2026, vuelve a tomar el centro del escenario con una versatilidad que sorprende. Este estilo, que combina modernidad con un toque [&hellip;]<\/p>\n","protected":false},"author":14,"featured_media":1092851,"comment_status":"open","ping_status":"closed","sticky":false,"template":"","format":"standard","meta":{"om_disable_all_campaigns":false,"jnews-multi-image_gallery":[],"jnews_single_post":[],"jnews_primary_category":[],"jnews_social_meta":[],"footnotes":""},"categories":[144872],"tags":[3381,208025,262386,212865,201310,200508,7758,262387,659,202184,187835],"class_list":["post-1092850","post","type-post","status-publish","format-standard","has-post-thumbnail","hentry","category-fashion","tag-belleza","tag-bob","tag-bob-cuadrado","tag-cabello-corto","tag-corte-de-cabello","tag-cortes-de-cabello","tag-estilo","tag-ideas-de-corte","tag-moda","tag-peinados","tag-tendencias-2026"],"_links":{"self":[{"href":"https:\/\/dimensionturistica.com\/es\/wp-json\/wp\/v2\/posts\/1092850","targetHints":{"allow":["GET"]}}],"collection":[{"href":"https:\/\/dimensionturistica.com\/es\/wp-json\/wp\/v2\/posts"}],"about":[{"href":"https:\/\/dimensionturistica.com\/es\/wp-json\/wp\/v2\/types\/post"}],"author":[{"embeddable":true,"href":"https:\/\/dimensionturistica.com\/es\/wp-json\/wp\/v2\/users\/14"}],"replies":[{"embeddable":true,"href":"https:\/\/dimensionturistica.com\/es\/wp-json\/wp\/v2\/comments?post=1092850"}],"version-history":[{"count":1,"href":"https:\/\/dimensionturistica.com\/es\/wp-json\/wp\/v2\/posts\/1092850\/revisions"}],"predecessor-version":[{"id":1092852,"href":"https:\/\/dimensionturistica.com\/es\/wp-json\/wp\/v2\/posts\/1092850\/revisions\/1092852"}],"wp:featuredmedia":[{"embeddable":true,"href":"https:\/\/dimensionturistica.com\/es\/wp-json\/wp\/v2\/media\/1092851"}],"wp:attachment":[{"href":"https:\/\/dimensionturistica.com\/es\/wp-json\/wp\/v2\/media?parent=1092850"}],"wp:term":[{"taxonomy":"category","embeddable":true,"href":"https:\/\/dimensionturistica.com\/es\/wp-json\/wp\/v2\/categories?post=1092850"},{"taxonomy":"post_tag","embeddable":true,"href":"https:\/\/dimensionturistica.com\/es\/wp-json\/wp\/v2\/tags?post=1092850"}],"curies":[{"name":"wp","href":"https:\/\/api.w.org\/{rel}","templated":true}]}}