{"id":1092839,"date":"2026-01-03T02:13:34","date_gmt":"2026-01-03T02:13:34","guid":{"rendered":"https:\/\/dimensionturistica.com\/es\/?p=1092839"},"modified":"2026-01-03T02:13:34","modified_gmt":"2026-01-03T02:13:34","slug":"7-outfits-espectaculares-para-celebrar-la-noche-de-fin-de-ano-y-dar-la-bienvenida-al-2026","status":"publish","type":"post","link":"https:\/\/dimensionturistica.com\/es\/7-outfits-espectaculares-para-celebrar-la-noche-de-fin-de-ano-y-dar-la-bienvenida-al-2026\/","title":{"rendered":"7 Outfits Espectaculares para Celebrar la Noche de Fin de A\u00f1o y Dar la Bienvenida al 2026"},"content":{"rendered":"<h3>Brilla con Estilo: Los Vestidos de Fiesta Largos que Definir\u00e1n el Fin de A\u00f1o 2025<\/h3>\n<p>Con la llegada de las celebraciones de fin de a\u00f1o, la b\u00fasqueda del vestido perfecto se intensifica. Los eventos festivos requieren un look que combine elegancia y sofisticaci\u00f3n, y una opci\u00f3n que nunca falla son los vestidos largos. En esta temporada, los dise\u00f1adores est\u00e1n presentando propuestas que prometen deslumbrar en cada ocasi\u00f3n.<\/p>\n<h4>Colores que Marcan Tendencia<\/h4>\n<p>Los tonos met\u00e1licos, como el oro y la plata, se posicionan como los favoritos. Estos matices reflejan la luz y aportan un aire festivo, ideal para brindar brillo en noches inolvidables. Adem\u00e1s, los colores vibrantes como el rojo y el azul el\u00e9ctrico tambi\u00e9n est\u00e1n en auge, perfectos para aquellas que desean hacer una declaraci\u00f3n audaz.<\/p>\n<h4>Texturas y Detalles<\/h4>\n<p>La mezcla de texturas es fundamental en esta temporada. Los tejidos brillantes, como el sat\u00e9n y la gasa, aportan un toque de lujo. Los detalles como bordados y lentejuelas a\u00f1aden profundidad y car\u00e1cter a cada dise\u00f1o. Los vestidos con cortes asim\u00e9tricos y detalles drapeados ofrecen una opci\u00f3n moderna, que se adapta a distintas siluetas y estilos.<\/p>\n<h4>Estilos Imperdibles<\/h4>\n<p>Entre las propuestas m\u00e1s destacadas, encontramos:<\/p>\n<ol>\n<li>\n<p><strong>Silhouette Larga y Fluida<\/strong>: Perfectos para un look bohemio, permiten que el movimiento realce cada paso.<\/p>\n<\/li>\n<li>\n<p><strong>Vestidos Ajustados<\/strong>: Para quienes buscan un perfil m\u00e1s definido, los modelos ce\u00f1idos a la figura resaltan la silueta y aportan un toque de sensualidad.<\/p>\n<\/li>\n<li>\n<p><strong>Con Capas y Volantes<\/strong>: Estas caracter\u00edsticas est\u00e1n ganando protagonismo, a\u00f1adiendo dinamismo y originalidad a los dise\u00f1os.<\/p>\n<\/li>\n<\/ol>\n<h4>Accesorios que Elevan el Look<\/h4>\n<p>Acompa\u00f1ar el vestido con los accesorios adecuados es clave. Las joyas brillantes, como pendientes largos y pulseras llamativas, complementan a la perfecci\u00f3n el estilo festivo. Asimismo, un clutch elegante y unos zapatos de tac\u00f3n altos a\u00f1aden ese toque de sofisticaci\u00f3n que todas buscan.<\/p>\n<h4>Inspiraci\u00f3n de Celebridades<\/h4>\n<p>Las figuras del espect\u00e1culo est\u00e1n marcando el camino con sus elecciones en alfombras rojas. Observamos a iconos de la moda lucir vestidos de ensue\u00f1o, convirti\u00e9ndose en una fuente inagotable de inspiraci\u00f3n. Las redes sociales se llenan de im\u00e1genes destacadas que muestran c\u00f3mo cada estilo puede adaptarse a diferentes personalidades y gustos.<\/p>\n<h3>Conclusi\u00f3n<\/h3>\n<p>El fin de a\u00f1o 2025 trae consigo una ola de creatividad en el mundo de la moda. Con vestidos largos que resaltan la elegancia y el brillo, cada evento se convierte en una oportunidad para deslumbrar. La combinaci\u00f3n de colores vibrantes, texturas fascinantes, y estilos variados promete transformar cada celebraci\u00f3n en un momento \u00fanico e inolvidable. La elecci\u00f3n del vestido no solo refleja el estilo personal, sino que tambi\u00e9n es una declaraci\u00f3n de intenciones para un nuevo a\u00f1o lleno de posibilidades.<\/p>\n<p><em> &#8221; Fuentes www.vogue.mx &#8221; <\/em><\/p>\n","protected":false},"excerpt":{"rendered":"<p>Brilla con Estilo: Los Vestidos de Fiesta Largos que Definir\u00e1n el Fin de A\u00f1o 2025 Con la llegada de las celebraciones de fin de a\u00f1o, la b\u00fasqueda del vestido perfecto se intensifica. Los eventos festivos requieren un look que combine elegancia y sofisticaci\u00f3n, y una opci\u00f3n que nunca falla son los vestidos largos. En esta [&hellip;]<\/p>\n","protected":false},"author":14,"featured_media":1092840,"comment_status":"open","ping_status":"closed","sticky":false,"template":"","format":"standard","meta":{"om_disable_all_campaigns":false,"jnews-multi-image_gallery":[],"jnews_single_post":[],"jnews_primary_category":[],"jnews_social_meta":[],"footnotes":""},"categories":[144872],"tags":[38459,2448,7758,262382,3352,659,200095,203269,25060,2182,47135],"class_list":["post-1092839","post","type-post","status-publish","format-standard","has-post-thumbnail","hentry","category-fashion","tag-31-de-diciembre","tag-celebracion","tag-estilo","tag-feliz-ano-2026","tag-fiesta","tag-moda","tag-noche-de-ano-nuevo","tag-otono-invierno-2025","tag-outfit","tag-tendencias","tag-vestidos"],"_links":{"self":[{"href":"https:\/\/dimensionturistica.com\/es\/wp-json\/wp\/v2\/posts\/1092839","targetHints":{"allow":["GET"]}}],"collection":[{"href":"https:\/\/dimensionturistica.com\/es\/wp-json\/wp\/v2\/posts"}],"about":[{"href":"https:\/\/dimensionturistica.com\/es\/wp-json\/wp\/v2\/types\/post"}],"author":[{"embeddable":true,"href":"https:\/\/dimensionturistica.com\/es\/wp-json\/wp\/v2\/users\/14"}],"replies":[{"embeddable":true,"href":"https:\/\/dimensionturistica.com\/es\/wp-json\/wp\/v2\/comments?post=1092839"}],"version-history":[{"count":1,"href":"https:\/\/dimensionturistica.com\/es\/wp-json\/wp\/v2\/posts\/1092839\/revisions"}],"predecessor-version":[{"id":1092841,"href":"https:\/\/dimensionturistica.com\/es\/wp-json\/wp\/v2\/posts\/1092839\/revisions\/1092841"}],"wp:featuredmedia":[{"embeddable":true,"href":"https:\/\/dimensionturistica.com\/es\/wp-json\/wp\/v2\/media\/1092840"}],"wp:attachment":[{"href":"https:\/\/dimensionturistica.com\/es\/wp-json\/wp\/v2\/media?parent=1092839"}],"wp:term":[{"taxonomy":"category","embeddable":true,"href":"https:\/\/dimensionturistica.com\/es\/wp-json\/wp\/v2\/categories?post=1092839"},{"taxonomy":"post_tag","embeddable":true,"href":"https:\/\/dimensionturistica.com\/es\/wp-json\/wp\/v2\/tags?post=1092839"}],"curies":[{"name":"wp","href":"https:\/\/api.w.org\/{rel}","templated":true}]}}